{"id":990,"date":"2020-05-11T08:42:44","date_gmt":"2020-05-11T01:42:44","guid":{"rendered":"https:\/\/efip.ctu.edu.vn\/web\/?p=990"},"modified":"2020-07-03T19:49:41","modified_gmt":"2020-07-03T12:49:41","slug":"appel-a-projets-auf-special-covid-19-pres-de-2-000-dossiers-recus","status":"publish","type":"post","link":"https:\/\/efip.ctu.edu.vn\/web\/appel-a-projets-auf-special-covid-19-pres-de-2-000-dossiers-recus\/","title":{"rendered":"Appel \u00e0 projets AUF sp\u00e9cial COVID-19 : pr\u00e8s de 2 000 dossiers re\u00e7us"},"content":{"rendered":"\n<figure class=\"wp-block-image\"><img fetchpriority=\"high\" decoding=\"async\" width=\"1024\" height=\"683\" src=\"https:\/\/efip.ctu.edu.vn\/web\/wp-content\/uploads\/2020\/05\/Fotolia_109089581_XXL-1024x683.jpg\" alt=\"\" class=\"wp-image-991\" srcset=\"https:\/\/efip.ctu.edu.vn\/web\/wp-content\/uploads\/2020\/05\/Fotolia_109089581_XXL-1024x683.jpg 1024w, https:\/\/efip.ctu.edu.vn\/web\/wp-content\/uploads\/2020\/05\/Fotolia_109089581_XXL-300x200.jpg 300w, https:\/\/efip.ctu.edu.vn\/web\/wp-content\/uploads\/2020\/05\/Fotolia_109089581_XXL-768x512.jpg 768w, https:\/\/efip.ctu.edu.vn\/web\/wp-content\/uploads\/2020\/05\/Fotolia_109089581_XXL-110x73.jpg 110w, https:\/\/efip.ctu.edu.vn\/web\/wp-content\/uploads\/2020\/05\/Fotolia_109089581_XXL-420x280.jpg 420w, https:\/\/efip.ctu.edu.vn\/web\/wp-content\/uploads\/2020\/05\/Fotolia_109089581_XXL-645x430.jpg 645w\" sizes=\"(max-width: 1024px) 100vw, 1024px\" \/><\/figure>\n\n\n\n<p><strong>Dans le cadre de son plan d&#8217;actions sp\u00e9cial COVID-19, l\u2019AUF a lanc\u00e9 du 10 avril au 3 mai 2020 un appel \u00e0 projets international pour soutenir au sein de ses \u00e9tablissements membres des initiatives d\u2019\u00e9tudiant.e.s, d&#8217;\u00e9l\u00e8ves-ing\u00e9nieurs et de jeunes chercheur.e.s li\u00e9es \u00e0 la pand\u00e9mie. Un fonds exceptionnel de 500 000 euros est consacr\u00e9 \u00e0 cet appel. Pr\u00e8s de 2 000 projets venant de 423 universit\u00e9s issues de 79 pays ont \u00e9t\u00e9 re\u00e7us.&nbsp;<\/strong><\/p>\n\n\n\n<p>En riposte \u00e0 la pand\u00e9mie de COVID-19 \u00e0 laquelle le monde entier fait face, l\u2019Agence universitaire de la Francophonie (AUF), fid\u00e8le \u00e0 ses valeurs de solidarit\u00e9 et de partage, a mis en place un vaste&nbsp;<a href=\"https:\/\/www.auf.org\/a-propos\/plan-auf-covid19\/\" target=\"_blank\" rel=\"noreferrer noopener\">plan d\u2019actions<\/a>&nbsp;\u00e0 destination de ses \u00e9tablissements membres et de ses partenaires.<\/p>\n\n\n\n<p>Parmi les actions programm\u00e9es, l\u2019AUF a lanc\u00e9 un appel \u00e0 projets international exceptionnel avec un processus acc\u00e9l\u00e9r\u00e9 et simplifi\u00e9 de soumission, d\u2019\u00e9valuation et de s\u00e9lection destin\u00e9 \u00e0 soutenir les nombreuses initiatives li\u00e9es \u00e0 la pand\u00e9mie qui \u00e9closent dans un espace universitaire tr\u00e8s r\u00e9actif, ing\u00e9nieux et responsable qui s\u2019appuie sur des r\u00e9seaux collaboratifs d\u2019\u00e9tudiant.e.s, d\u2019enseignant.e.s, de chercheur.e.s particuli\u00e8rement cr\u00e9atifs et innovants.<\/p>\n\n\n\n<p>Il s\u2019agit ainsi de&nbsp;valoriser l\u2019apport des universit\u00e9s membres de l\u2019AUF au d\u00e9veloppement de solutions \u00e0 impact technologique et\/ou social imm\u00e9diat pour aider les syst\u00e8mes de sant\u00e9 et les populations \u00e0 faire face aux difficult\u00e9s provoqu\u00e9es par la pand\u00e9mie COVID-19.<\/p>\n\n\n\n<p><strong>1 888 projets port\u00e9s par 423 \u00e9tablissements d\u2019enseignement sup\u00e9rieur de 79 pays ont \u00e9t\u00e9 re\u00e7us.<\/strong><\/p>\n\n\n\n<p><strong>Nombre de projets re\u00e7us par r\u00e9gion\u00a0<\/strong>:<\/p>\n\n\n\n<figure class=\"wp-block-image\"><img decoding=\"async\" width=\"562\" height=\"362\" src=\"https:\/\/efip.ctu.edu.vn\/web\/wp-content\/uploads\/2020\/05\/CovidDepotCandidatureRegions.png\" alt=\"\" class=\"wp-image-992\" srcset=\"https:\/\/efip.ctu.edu.vn\/web\/wp-content\/uploads\/2020\/05\/CovidDepotCandidatureRegions.png 562w, https:\/\/efip.ctu.edu.vn\/web\/wp-content\/uploads\/2020\/05\/CovidDepotCandidatureRegions-300x193.png 300w, https:\/\/efip.ctu.edu.vn\/web\/wp-content\/uploads\/2020\/05\/CovidDepotCandidatureRegions-110x71.png 110w, https:\/\/efip.ctu.edu.vn\/web\/wp-content\/uploads\/2020\/05\/CovidDepotCandidatureRegions-420x271.png 420w\" sizes=\"(max-width: 562px) 100vw, 562px\" \/><\/figure>\n\n\n\n<p>Les dossiers recevables seront examin\u00e9s par des jurys rattach\u00e9s aux diff\u00e9rentes directions r\u00e9gionales de l\u2019AUF.\u00a0<strong>Les r\u00e9sultats des s\u00e9lections seront connus et publi\u00e9s sur le site Internet de l\u2019AUF \u00e0 partir du 22 mai.<\/strong><\/p>\n\n\n\n<p>Article extrait du site Auf.org : <a href=\"https:\/\/www.auf.org\/nouvelles\/actualites\/appel-a-projets-auf-special-covid-19-pres-de-2-000-dossiers-recus\/\" target=\"_blank\" rel=\"noreferrer noopener\" aria-label=\"https:\/\/www.auf.org\/nouvelles\/actualites\/appel-a-projets-auf-special-covid-19-pres-de-2-000-dossiers-recus\/ (opens in a new tab)\">https:\/\/www.auf.org\/nouvelles\/actualites\/appel-a-projets-auf-special-covid-19-pres-de-2-000-dossiers-recus\/<\/a> .<\/p>\n","protected":false},"excerpt":{"rendered":"<p>Dans le cadre de son plan d&#8217;actions sp\u00e9cial COVID-19, l\u2019AUF a lanc\u00e9 du 10 avril au 3 mai 2020 un &hellip; <br \/><a href=\"https:\/\/efip.ctu.edu.vn\/web\/appel-a-projets-auf-special-covid-19-pres-de-2-000-dossiers-recus\/\" class=\"more-link\">Continue reading <span class=\"screen-reader-text\">Appel \u00e0 projets AUF sp\u00e9cial COVID-19 : pr\u00e8s de 2 000 dossiers re\u00e7us<\/span><\/a><\/p>\n","protected":false},"author":3,"featured_media":991,"comment_status":"open","ping_status":"open","sticky":false,"template":"","format":"standard","meta":{"footnotes":""},"categories":[8,57],"tags":[],"class_list":["post-990","post","type-post","status-publish","format-standard","has-post-thumbnail","hentry","category-actualites-de-la-francophonie","category-divers"],"yoast_head":"<!-- This site is optimized with the Yoast SEO plugin v25.0 - https:\/\/yoast.com\/wordpress\/plugins\/seo\/ -->\n<title>Appel \u00e0 projets AUF sp\u00e9cial COVID-19 : pr\u00e8s de 2 000 dossiers re\u00e7us - EFIP<\/title>\n<meta name=\"robots\" content=\"index, follow, max-snippet:-1, max-image-preview:large, max-video-preview:-1\" \/>\n<link rel=\"canonical\" href=\"https:\/\/efip.ctu.edu.vn\/web\/appel-a-projets-auf-special-covid-19-pres-de-2-000-dossiers-recus\/\" \/>\n<meta property=\"og:locale\" content=\"en_US\" \/>\n<meta property=\"og:type\" content=\"article\" \/>\n<meta property=\"og:title\" content=\"Appel \u00e0 projets AUF sp\u00e9cial COVID-19 : pr\u00e8s de 2 000 dossiers re\u00e7us - EFIP\" \/>\n<meta property=\"og:description\" content=\"Dans le cadre de son plan d&#8217;actions sp\u00e9cial COVID-19, l\u2019AUF a lanc\u00e9 du 10 avril au 3 mai 2020 un &hellip; Continue reading Appel \u00e0 projets AUF sp\u00e9cial COVID-19 : pr\u00e8s de 2 000 dossiers re\u00e7us\" \/>\n<meta property=\"og:url\" content=\"https:\/\/efip.ctu.edu.vn\/web\/appel-a-projets-auf-special-covid-19-pres-de-2-000-dossiers-recus\/\" \/>\n<meta property=\"og:site_name\" content=\"EFIP\" \/>\n<meta property=\"article:publisher\" content=\"https:\/\/www.facebook.com\/efipCanTho\" \/>\n<meta property=\"article:published_time\" content=\"2020-05-11T01:42:44+00:00\" \/>\n<meta property=\"article:modified_time\" content=\"2020-07-03T12:49:41+00:00\" \/>\n<meta property=\"og:image\" content=\"https:\/\/efip.ctu.edu.vn\/web\/wp-content\/uploads\/2020\/05\/Fotolia_109089581_XXL-1024x683.jpg\" \/>\n\t<meta property=\"og:image:width\" content=\"1024\" \/>\n\t<meta property=\"og:image:height\" content=\"683\" \/>\n\t<meta property=\"og:image:type\" content=\"image\/jpeg\" \/>\n<meta name=\"author\" content=\"Emilie\" \/>\n<meta name=\"twitter:card\" content=\"summary_large_image\" \/>\n<meta name=\"twitter:label1\" content=\"Written by\" \/>\n\t<meta name=\"twitter:data1\" content=\"Emilie\" \/>\n\t<meta name=\"twitter:label2\" content=\"Est. reading time\" \/>\n\t<meta name=\"twitter:data2\" content=\"2 minutes\" \/>\n<script type=\"application\/ld+json\" class=\"yoast-schema-graph\">{\"@context\":\"https:\/\/schema.org\",\"@graph\":[{\"@type\":\"Article\",\"@id\":\"https:\/\/efip.ctu.edu.vn\/web\/appel-a-projets-auf-special-covid-19-pres-de-2-000-dossiers-recus\/#article\",\"isPartOf\":{\"@id\":\"https:\/\/efip.ctu.edu.vn\/web\/appel-a-projets-auf-special-covid-19-pres-de-2-000-dossiers-recus\/\"},\"author\":{\"name\":\"Emilie\",\"@id\":\"https:\/\/efip.ctu.edu.vn\/web\/#\/schema\/person\/53dc596cb2d0db2aa914c8a122a41e62\"},\"headline\":\"Appel \u00e0 projets AUF sp\u00e9cial COVID-19 : pr\u00e8s de 2 000 dossiers re\u00e7us\",\"datePublished\":\"2020-05-11T01:42:44+00:00\",\"dateModified\":\"2020-07-03T12:49:41+00:00\",\"mainEntityOfPage\":{\"@id\":\"https:\/\/efip.ctu.edu.vn\/web\/appel-a-projets-auf-special-covid-19-pres-de-2-000-dossiers-recus\/\"},\"wordCount\":347,\"commentCount\":0,\"publisher\":{\"@id\":\"https:\/\/efip.ctu.edu.vn\/web\/#organization\"},\"image\":{\"@id\":\"https:\/\/efip.ctu.edu.vn\/web\/appel-a-projets-auf-special-covid-19-pres-de-2-000-dossiers-recus\/#primaryimage\"},\"thumbnailUrl\":\"https:\/\/efip.ctu.edu.vn\/web\/wp-content\/uploads\/2020\/05\/Fotolia_109089581_XXL.jpg\",\"articleSection\":[\"Actualit\u00e9s de la Francophonie\",\"Divers\"],\"inLanguage\":\"en-US\",\"potentialAction\":[{\"@type\":\"CommentAction\",\"name\":\"Comment\",\"target\":[\"https:\/\/efip.ctu.edu.vn\/web\/appel-a-projets-auf-special-covid-19-pres-de-2-000-dossiers-recus\/#respond\"]}]},{\"@type\":\"WebPage\",\"@id\":\"https:\/\/efip.ctu.edu.vn\/web\/appel-a-projets-auf-special-covid-19-pres-de-2-000-dossiers-recus\/\",\"url\":\"https:\/\/efip.ctu.edu.vn\/web\/appel-a-projets-auf-special-covid-19-pres-de-2-000-dossiers-recus\/\",\"name\":\"Appel \u00e0 projets AUF sp\u00e9cial COVID-19 : pr\u00e8s de 2 000 dossiers re\u00e7us - EFIP\",\"isPartOf\":{\"@id\":\"https:\/\/efip.ctu.edu.vn\/web\/#website\"},\"primaryImageOfPage\":{\"@id\":\"https:\/\/efip.ctu.edu.vn\/web\/appel-a-projets-auf-special-covid-19-pres-de-2-000-dossiers-recus\/#primaryimage\"},\"image\":{\"@id\":\"https:\/\/efip.ctu.edu.vn\/web\/appel-a-projets-auf-special-covid-19-pres-de-2-000-dossiers-recus\/#primaryimage\"},\"thumbnailUrl\":\"https:\/\/efip.ctu.edu.vn\/web\/wp-content\/uploads\/2020\/05\/Fotolia_109089581_XXL.jpg\",\"datePublished\":\"2020-05-11T01:42:44+00:00\",\"dateModified\":\"2020-07-03T12:49:41+00:00\",\"breadcrumb\":{\"@id\":\"https:\/\/efip.ctu.edu.vn\/web\/appel-a-projets-auf-special-covid-19-pres-de-2-000-dossiers-recus\/#breadcrumb\"},\"inLanguage\":\"en-US\",\"potentialAction\":[{\"@type\":\"ReadAction\",\"target\":[\"https:\/\/efip.ctu.edu.vn\/web\/appel-a-projets-auf-special-covid-19-pres-de-2-000-dossiers-recus\/\"]}]},{\"@type\":\"ImageObject\",\"inLanguage\":\"en-US\",\"@id\":\"https:\/\/efip.ctu.edu.vn\/web\/appel-a-projets-auf-special-covid-19-pres-de-2-000-dossiers-recus\/#primaryimage\",\"url\":\"https:\/\/efip.ctu.edu.vn\/web\/wp-content\/uploads\/2020\/05\/Fotolia_109089581_XXL.jpg\",\"contentUrl\":\"https:\/\/efip.ctu.edu.vn\/web\/wp-content\/uploads\/2020\/05\/Fotolia_109089581_XXL.jpg\",\"width\":6150,\"height\":4100},{\"@type\":\"BreadcrumbList\",\"@id\":\"https:\/\/efip.ctu.edu.vn\/web\/appel-a-projets-auf-special-covid-19-pres-de-2-000-dossiers-recus\/#breadcrumb\",\"itemListElement\":[{\"@type\":\"ListItem\",\"position\":1,\"name\":\"Accueil\",\"item\":\"https:\/\/efip.ctu.edu.vn\/web\/\"},{\"@type\":\"ListItem\",\"position\":2,\"name\":\"Appel \u00e0 projets AUF sp\u00e9cial COVID-19 : pr\u00e8s de 2 000 dossiers re\u00e7us\"}]},{\"@type\":\"WebSite\",\"@id\":\"https:\/\/efip.ctu.edu.vn\/web\/#website\",\"url\":\"https:\/\/efip.ctu.edu.vn\/web\/\",\"name\":\"EFIP de Can Tho\",\"description\":\"Espace Francophone d&#039;Innovation et de Partenariat\",\"publisher\":{\"@id\":\"https:\/\/efip.ctu.edu.vn\/web\/#organization\"},\"potentialAction\":[{\"@type\":\"SearchAction\",\"target\":{\"@type\":\"EntryPoint\",\"urlTemplate\":\"https:\/\/efip.ctu.edu.vn\/web\/?s={search_term_string}\"},\"query-input\":{\"@type\":\"PropertyValueSpecification\",\"valueRequired\":true,\"valueName\":\"search_term_string\"}}],\"inLanguage\":\"en-US\"},{\"@type\":\"Organization\",\"@id\":\"https:\/\/efip.ctu.edu.vn\/web\/#organization\",\"name\":\"EFIP\",\"url\":\"https:\/\/efip.ctu.edu.vn\/web\/\",\"logo\":{\"@type\":\"ImageObject\",\"inLanguage\":\"en-US\",\"@id\":\"https:\/\/efip.ctu.edu.vn\/web\/#\/schema\/logo\/image\/\",\"url\":\"https:\/\/efip.ctu.edu.vn\/web\/wp-content\/uploads\/2025\/05\/efip2-150x89-1.jpg\",\"contentUrl\":\"https:\/\/efip.ctu.edu.vn\/web\/wp-content\/uploads\/2025\/05\/efip2-150x89-1.jpg\",\"width\":150,\"height\":89,\"caption\":\"EFIP\"},\"image\":{\"@id\":\"https:\/\/efip.ctu.edu.vn\/web\/#\/schema\/logo\/image\/\"},\"sameAs\":[\"https:\/\/www.facebook.com\/efipCanTho\"]},{\"@type\":\"Person\",\"@id\":\"https:\/\/efip.ctu.edu.vn\/web\/#\/schema\/person\/53dc596cb2d0db2aa914c8a122a41e62\",\"name\":\"Emilie\",\"image\":{\"@type\":\"ImageObject\",\"inLanguage\":\"en-US\",\"@id\":\"https:\/\/efip.ctu.edu.vn\/web\/#\/schema\/person\/image\/\",\"url\":\"https:\/\/secure.gravatar.com\/avatar\/6a0fb05561be2eb61d5a590bc8bec4352d8fc07271158e66cac145fdb0f3d5ad?s=96&d=mm&r=g\",\"contentUrl\":\"https:\/\/secure.gravatar.com\/avatar\/6a0fb05561be2eb61d5a590bc8bec4352d8fc07271158e66cac145fdb0f3d5ad?s=96&d=mm&r=g\",\"caption\":\"Emilie\"},\"url\":\"https:\/\/efip.ctu.edu.vn\/web\/author\/emilie\/\"}]}<\/script>\n<!-- \/ Yoast SEO plugin. -->","yoast_head_json":{"title":"Appel \u00e0 projets AUF sp\u00e9cial COVID-19 : pr\u00e8s de 2 000 dossiers re\u00e7us - EFIP","robots":{"index":"index","follow":"follow","max-snippet":"max-snippet:-1","max-image-preview":"max-image-preview:large","max-video-preview":"max-video-preview:-1"},"canonical":"https:\/\/efip.ctu.edu.vn\/web\/appel-a-projets-auf-special-covid-19-pres-de-2-000-dossiers-recus\/","og_locale":"en_US","og_type":"article","og_title":"Appel \u00e0 projets AUF sp\u00e9cial COVID-19 : pr\u00e8s de 2 000 dossiers re\u00e7us - EFIP","og_description":"Dans le cadre de son plan d&#8217;actions sp\u00e9cial COVID-19, l\u2019AUF a lanc\u00e9 du 10 avril au 3 mai 2020 un &hellip; Continue reading Appel \u00e0 projets AUF sp\u00e9cial COVID-19 : pr\u00e8s de 2 000 dossiers re\u00e7us","og_url":"https:\/\/efip.ctu.edu.vn\/web\/appel-a-projets-auf-special-covid-19-pres-de-2-000-dossiers-recus\/","og_site_name":"EFIP","article_publisher":"https:\/\/www.facebook.com\/efipCanTho","article_published_time":"2020-05-11T01:42:44+00:00","article_modified_time":"2020-07-03T12:49:41+00:00","og_image":[{"width":1024,"height":683,"url":"https:\/\/efip.ctu.edu.vn\/web\/wp-content\/uploads\/2020\/05\/Fotolia_109089581_XXL-1024x683.jpg","type":"image\/jpeg"}],"author":"Emilie","twitter_card":"summary_large_image","twitter_misc":{"Written by":"Emilie","Est. reading time":"2 minutes"},"schema":{"@context":"https:\/\/schema.org","@graph":[{"@type":"Article","@id":"https:\/\/efip.ctu.edu.vn\/web\/appel-a-projets-auf-special-covid-19-pres-de-2-000-dossiers-recus\/#article","isPartOf":{"@id":"https:\/\/efip.ctu.edu.vn\/web\/appel-a-projets-auf-special-covid-19-pres-de-2-000-dossiers-recus\/"},"author":{"name":"Emilie","@id":"https:\/\/efip.ctu.edu.vn\/web\/#\/schema\/person\/53dc596cb2d0db2aa914c8a122a41e62"},"headline":"Appel \u00e0 projets AUF sp\u00e9cial COVID-19 : pr\u00e8s de 2 000 dossiers re\u00e7us","datePublished":"2020-05-11T01:42:44+00:00","dateModified":"2020-07-03T12:49:41+00:00","mainEntityOfPage":{"@id":"https:\/\/efip.ctu.edu.vn\/web\/appel-a-projets-auf-special-covid-19-pres-de-2-000-dossiers-recus\/"},"wordCount":347,"commentCount":0,"publisher":{"@id":"https:\/\/efip.ctu.edu.vn\/web\/#organization"},"image":{"@id":"https:\/\/efip.ctu.edu.vn\/web\/appel-a-projets-auf-special-covid-19-pres-de-2-000-dossiers-recus\/#primaryimage"},"thumbnailUrl":"https:\/\/efip.ctu.edu.vn\/web\/wp-content\/uploads\/2020\/05\/Fotolia_109089581_XXL.jpg","articleSection":["Actualit\u00e9s de la Francophonie","Divers"],"inLanguage":"en-US","potentialAction":[{"@type":"CommentAction","name":"Comment","target":["https:\/\/efip.ctu.edu.vn\/web\/appel-a-projets-auf-special-covid-19-pres-de-2-000-dossiers-recus\/#respond"]}]},{"@type":"WebPage","@id":"https:\/\/efip.ctu.edu.vn\/web\/appel-a-projets-auf-special-covid-19-pres-de-2-000-dossiers-recus\/","url":"https:\/\/efip.ctu.edu.vn\/web\/appel-a-projets-auf-special-covid-19-pres-de-2-000-dossiers-recus\/","name":"Appel \u00e0 projets AUF sp\u00e9cial COVID-19 : pr\u00e8s de 2 000 dossiers re\u00e7us - EFIP","isPartOf":{"@id":"https:\/\/efip.ctu.edu.vn\/web\/#website"},"primaryImageOfPage":{"@id":"https:\/\/efip.ctu.edu.vn\/web\/appel-a-projets-auf-special-covid-19-pres-de-2-000-dossiers-recus\/#primaryimage"},"image":{"@id":"https:\/\/efip.ctu.edu.vn\/web\/appel-a-projets-auf-special-covid-19-pres-de-2-000-dossiers-recus\/#primaryimage"},"thumbnailUrl":"https:\/\/efip.ctu.edu.vn\/web\/wp-content\/uploads\/2020\/05\/Fotolia_109089581_XXL.jpg","datePublished":"2020-05-11T01:42:44+00:00","dateModified":"2020-07-03T12:49:41+00:00","breadcrumb":{"@id":"https:\/\/efip.ctu.edu.vn\/web\/appel-a-projets-auf-special-covid-19-pres-de-2-000-dossiers-recus\/#breadcrumb"},"inLanguage":"en-US","potentialAction":[{"@type":"ReadAction","target":["https:\/\/efip.ctu.edu.vn\/web\/appel-a-projets-auf-special-covid-19-pres-de-2-000-dossiers-recus\/"]}]},{"@type":"ImageObject","inLanguage":"en-US","@id":"https:\/\/efip.ctu.edu.vn\/web\/appel-a-projets-auf-special-covid-19-pres-de-2-000-dossiers-recus\/#primaryimage","url":"https:\/\/efip.ctu.edu.vn\/web\/wp-content\/uploads\/2020\/05\/Fotolia_109089581_XXL.jpg","contentUrl":"https:\/\/efip.ctu.edu.vn\/web\/wp-content\/uploads\/2020\/05\/Fotolia_109089581_XXL.jpg","width":6150,"height":4100},{"@type":"BreadcrumbList","@id":"https:\/\/efip.ctu.edu.vn\/web\/appel-a-projets-auf-special-covid-19-pres-de-2-000-dossiers-recus\/#breadcrumb","itemListElement":[{"@type":"ListItem","position":1,"name":"Accueil","item":"https:\/\/efip.ctu.edu.vn\/web\/"},{"@type":"ListItem","position":2,"name":"Appel \u00e0 projets AUF sp\u00e9cial COVID-19 : pr\u00e8s de 2 000 dossiers re\u00e7us"}]},{"@type":"WebSite","@id":"https:\/\/efip.ctu.edu.vn\/web\/#website","url":"https:\/\/efip.ctu.edu.vn\/web\/","name":"EFIP de Can Tho","description":"Espace Francophone d&#039;Innovation et de Partenariat","publisher":{"@id":"https:\/\/efip.ctu.edu.vn\/web\/#organization"},"potentialAction":[{"@type":"SearchAction","target":{"@type":"EntryPoint","urlTemplate":"https:\/\/efip.ctu.edu.vn\/web\/?s={search_term_string}"},"query-input":{"@type":"PropertyValueSpecification","valueRequired":true,"valueName":"search_term_string"}}],"inLanguage":"en-US"},{"@type":"Organization","@id":"https:\/\/efip.ctu.edu.vn\/web\/#organization","name":"EFIP","url":"https:\/\/efip.ctu.edu.vn\/web\/","logo":{"@type":"ImageObject","inLanguage":"en-US","@id":"https:\/\/efip.ctu.edu.vn\/web\/#\/schema\/logo\/image\/","url":"https:\/\/efip.ctu.edu.vn\/web\/wp-content\/uploads\/2025\/05\/efip2-150x89-1.jpg","contentUrl":"https:\/\/efip.ctu.edu.vn\/web\/wp-content\/uploads\/2025\/05\/efip2-150x89-1.jpg","width":150,"height":89,"caption":"EFIP"},"image":{"@id":"https:\/\/efip.ctu.edu.vn\/web\/#\/schema\/logo\/image\/"},"sameAs":["https:\/\/www.facebook.com\/efipCanTho"]},{"@type":"Person","@id":"https:\/\/efip.ctu.edu.vn\/web\/#\/schema\/person\/53dc596cb2d0db2aa914c8a122a41e62","name":"Emilie","image":{"@type":"ImageObject","inLanguage":"en-US","@id":"https:\/\/efip.ctu.edu.vn\/web\/#\/schema\/person\/image\/","url":"https:\/\/secure.gravatar.com\/avatar\/6a0fb05561be2eb61d5a590bc8bec4352d8fc07271158e66cac145fdb0f3d5ad?s=96&d=mm&r=g","contentUrl":"https:\/\/secure.gravatar.com\/avatar\/6a0fb05561be2eb61d5a590bc8bec4352d8fc07271158e66cac145fdb0f3d5ad?s=96&d=mm&r=g","caption":"Emilie"},"url":"https:\/\/efip.ctu.edu.vn\/web\/author\/emilie\/"}]}},"_links":{"self":[{"href":"https:\/\/efip.ctu.edu.vn\/web\/wp-json\/wp\/v2\/posts\/990","targetHints":{"allow":["GET"]}}],"collection":[{"href":"https:\/\/efip.ctu.edu.vn\/web\/wp-json\/wp\/v2\/posts"}],"about":[{"href":"https:\/\/efip.ctu.edu.vn\/web\/wp-json\/wp\/v2\/types\/post"}],"author":[{"embeddable":true,"href":"https:\/\/efip.ctu.edu.vn\/web\/wp-json\/wp\/v2\/users\/3"}],"replies":[{"embeddable":true,"href":"https:\/\/efip.ctu.edu.vn\/web\/wp-json\/wp\/v2\/comments?post=990"}],"version-history":[{"count":3,"href":"https:\/\/efip.ctu.edu.vn\/web\/wp-json\/wp\/v2\/posts\/990\/revisions"}],"predecessor-version":[{"id":996,"href":"https:\/\/efip.ctu.edu.vn\/web\/wp-json\/wp\/v2\/posts\/990\/revisions\/996"}],"wp:featuredmedia":[{"embeddable":true,"href":"https:\/\/efip.ctu.edu.vn\/web\/wp-json\/wp\/v2\/media\/991"}],"wp:attachment":[{"href":"https:\/\/efip.ctu.edu.vn\/web\/wp-json\/wp\/v2\/media?parent=990"}],"wp:term":[{"taxonomy":"category","embeddable":true,"href":"https:\/\/efip.ctu.edu.vn\/web\/wp-json\/wp\/v2\/categories?post=990"},{"taxonomy":"post_tag","embeddable":true,"href":"https:\/\/efip.ctu.edu.vn\/web\/wp-json\/wp\/v2\/tags?post=990"}],"curies":[{"name":"wp","href":"https:\/\/api.w.org\/{rel}","templated":true}]}}