{"id":898,"date":"2020-03-02T09:25:19","date_gmt":"2020-03-02T02:25:19","guid":{"rendered":"https:\/\/efip.ctu.edu.vn\/web\/?p=898"},"modified":"2020-07-03T19:48:21","modified_gmt":"2020-07-03T12:48:21","slug":"la-maison-des-etudiantes-francophones-ouvre-ses-portes","status":"publish","type":"post","link":"https:\/\/efip.ctu.edu.vn\/web\/la-maison-des-etudiantes-francophones-ouvre-ses-portes\/","title":{"rendered":"La Maison des \u00e9tudiant(e)s francophones ouvre ses portes."},"content":{"rendered":"\n<figure class=\"wp-block-image\"><img fetchpriority=\"high\" decoding=\"async\" width=\"700\" height=\"467\" src=\"https:\/\/efip.ctu.edu.vn\/web\/wp-content\/uploads\/2020\/03\/MaisonEtudiants.jpg\" alt=\"\" class=\"wp-image-899\"\/><\/figure>\n\n\n\n<p>Vous \u00e9tudiez en France, avez le projet d&#8217;\u00e9tudier ou de faire des recherches doctorales \u00e0 Paris en France ? Alors cet information vous int\u00e9resse ! En septembre 2020, la maison des \u00e9tudiant(e)s francophones ouvre ses portes \u00e0 la cit\u00e9 internationale de Paris. Cette maison cr\u00e9\u00e9e dans le cadre d&#8217;un partenariat avec l&#8217;AUF, propose 150 studios <strong>aux meilleur(e)s \u00e9tudiant(e)s, enseignant(e)s universitaires et chercheur(e)s de l\u2019espace francophone. Le loyer mensuel de 620 euros sera \u00e0 la charge des r\u00e9sident(e)s.<\/strong><\/p>\n\n\n\n<p>DATE LIMITE DE CANDIDATURE le 31 mai 2020.<\/p>\n\n\n\n<p><strong>Conditions d\u2019\u00e9ligibilit\u00e9<\/strong><\/p>\n\n\n\n<p>1- Si le\/la candidat.e est \u00e9tudiant.e, il\/elle doit&nbsp;:<\/p>\n\n\n\n<ul class=\"wp-block-list\"><li>Etre inscrit.e en master ou en doctorat au sein d\u2019un \u00e9tablissement d\u2019enseignement sup\u00e9rieur de la r\u00e9gion Ile-de-France,&nbsp;<a href=\"http:\/\/auf.org\/membres\">membre de l\u2019AUF<\/a><\/li><li>\u00eatre primo-arrivant.e sur le territoire fran\u00e7ais<\/li><li>\u00eatre dipl\u00f4m\u00e9.e d\u2019un \u00e9tablissement universitaire&nbsp;<a href=\"http:\/\/auf.org\/membres\">membre de l\u2019AUF<\/a><\/li><\/ul>\n\n\n\n<p>2- Si le\/la candidat.e est enseignant.e universitaire \/ chercheur.e, il\/elle doit \u00eatre en mobilit\u00e9 post-doctorale d\u2019un \u00e9tablissement d\u2019enseignement sup\u00e9rieur membre de l\u2019AUF vers un \u00e9tablissement de la r\u00e9gion Ile-de-France, \u00e9galement membre de l\u2019AUF (<a href=\"http:\/\/www.auf.org\/membres\">www.auf.org\/membres<\/a>).<\/p>\n\n\n\n<h3 class=\"wp-block-heading\">Crit\u00e8res de s\u00e9lection<\/h3>\n\n\n\n<p>Les crit\u00e8res de s\u00e9lection sont les suivants, sans ordre de priorit\u00e9 :<\/p>\n\n\n\n<ul class=\"wp-block-list\"><li>la qualit\u00e9 scientifique du dossier et du parcours du\/de la candidat.e<\/li><li>la priorit\u00e9 aux candidat.e.s issu.e.s de pays d\u2019Afrique subsaharienne<\/li><li>la priorit\u00e9 aux candidatures f\u00e9minines<\/li><li>la prise en compte des priorit\u00e9s r\u00e9gionales (selon pr\u00e9-classement \u00e9tabli par les directions r\u00e9gionales de l\u2019AUF)<\/li><li>la priorit\u00e9e aux candidats dont le s\u00e9jour d\u00e9bute le 1<sup>er<\/sup>&nbsp;septembre 2020 pour une dur\u00e9e de 4 mois minimum et 10 mois maximum&nbsp;; les autres demandes seront trait\u00e9es en fonction des places disponibles<\/li><\/ul>\n\n\n\n<p>Pour plus d&#8217;informations, consultez le site de l&#8217;AUF : <a href=\"https:\/\/www.auf.org\/nouvelles\/appels-a-candidatures\/appel-a-candidature-etudiant-enseignant-universitaire-chercheur-hebergement-a-maison-etudiant-e-s-de-francophonie-paris-france\/?fbclid=IwAR2rf2SmUOxXPUzlvfqtVfSL46-LXkpJ0G4EaZVnCPpRwsWcclBdVpcIQlw\" target=\"_blank\" rel=\"noreferrer noopener\" aria-label=\"https:\/\/www.auf.org\/nouvelles\/appels-a-candidatures\/appel-a-candidature-etudiant-enseignant-universitaire-chercheur-hebergement-a-maison-etudiant-e-s-de-francophonie-paris-france\/?fbclid=IwAR2rf2SmUOxXPUzlvfqtVfSL46-LXkpJ0G4EaZVnCPpRwsWcclBdVpcIQlw (opens in a new tab)\">https:\/\/www.auf.org\/nouvelles\/appels-a-candidatures\/appel-a-candidature-etudiant-enseignant-universitaire-chercheur-hebergement-a-maison-etudiant-e-s-de-francophonie-paris-france\/?fbclid=IwAR2rf2SmUOxXPUzlvfqtVfSL46-LXkpJ0G4EaZVnCPpRwsWcclBdVpcIQlw<\/a><\/p>\n","protected":false},"excerpt":{"rendered":"<p>Vous \u00e9tudiez en France, avez le projet d&#8217;\u00e9tudier ou de faire des recherches doctorales \u00e0 Paris en France ? Alors &hellip; <br \/><a href=\"https:\/\/efip.ctu.edu.vn\/web\/la-maison-des-etudiantes-francophones-ouvre-ses-portes\/\" class=\"more-link\">Continue reading <span class=\"screen-reader-text\">La Maison des \u00e9tudiant(e)s francophones ouvre ses portes.<\/span><\/a><\/p>\n","protected":false},"author":3,"featured_media":899,"comment_status":"open","ping_status":"open","sticky":false,"template":"","format":"standard","meta":{"footnotes":""},"categories":[8,57],"tags":[],"class_list":["post-898","post","type-post","status-publish","format-standard","has-post-thumbnail","hentry","category-actualites-de-la-francophonie","category-divers"],"yoast_head":"<!-- This site is optimized with the Yoast SEO plugin v25.0 - https:\/\/yoast.com\/wordpress\/plugins\/seo\/ -->\n<title>La Maison des \u00e9tudiant(e)s francophones ouvre ses portes. - EFIP<\/title>\n<meta name=\"robots\" content=\"index, follow, max-snippet:-1, max-image-preview:large, max-video-preview:-1\" \/>\n<link rel=\"canonical\" href=\"https:\/\/efip.ctu.edu.vn\/web\/la-maison-des-etudiantes-francophones-ouvre-ses-portes\/\" \/>\n<meta property=\"og:locale\" content=\"en_US\" \/>\n<meta property=\"og:type\" content=\"article\" \/>\n<meta property=\"og:title\" content=\"La Maison des \u00e9tudiant(e)s francophones ouvre ses portes. - EFIP\" \/>\n<meta property=\"og:description\" content=\"Vous \u00e9tudiez en France, avez le projet d&#8217;\u00e9tudier ou de faire des recherches doctorales \u00e0 Paris en France ? Alors &hellip; Continue reading La Maison des \u00e9tudiant(e)s francophones ouvre ses portes.\" \/>\n<meta property=\"og:url\" content=\"https:\/\/efip.ctu.edu.vn\/web\/la-maison-des-etudiantes-francophones-ouvre-ses-portes\/\" \/>\n<meta property=\"og:site_name\" content=\"EFIP\" \/>\n<meta property=\"article:publisher\" content=\"https:\/\/www.facebook.com\/efipCanTho\" \/>\n<meta property=\"article:published_time\" content=\"2020-03-02T02:25:19+00:00\" \/>\n<meta property=\"article:modified_time\" content=\"2020-07-03T12:48:21+00:00\" \/>\n<meta property=\"og:image\" content=\"https:\/\/efip.ctu.edu.vn\/web\/wp-content\/uploads\/2020\/03\/MaisonEtudiants.jpg\" \/>\n\t<meta property=\"og:image:width\" content=\"700\" \/>\n\t<meta property=\"og:image:height\" content=\"467\" \/>\n\t<meta property=\"og:image:type\" content=\"image\/jpeg\" \/>\n<meta name=\"author\" content=\"Emilie\" \/>\n<meta name=\"twitter:card\" content=\"summary_large_image\" \/>\n<meta name=\"twitter:label1\" content=\"Written by\" \/>\n\t<meta name=\"twitter:data1\" content=\"Emilie\" \/>\n\t<meta name=\"twitter:label2\" content=\"Est. reading time\" \/>\n\t<meta name=\"twitter:data2\" content=\"2 minutes\" \/>\n<script type=\"application\/ld+json\" class=\"yoast-schema-graph\">{\"@context\":\"https:\/\/schema.org\",\"@graph\":[{\"@type\":\"Article\",\"@id\":\"https:\/\/efip.ctu.edu.vn\/web\/la-maison-des-etudiantes-francophones-ouvre-ses-portes\/#article\",\"isPartOf\":{\"@id\":\"https:\/\/efip.ctu.edu.vn\/web\/la-maison-des-etudiantes-francophones-ouvre-ses-portes\/\"},\"author\":{\"name\":\"Emilie\",\"@id\":\"https:\/\/efip.ctu.edu.vn\/web\/#\/schema\/person\/53dc596cb2d0db2aa914c8a122a41e62\"},\"headline\":\"La Maison des \u00e9tudiant(e)s francophones ouvre ses portes.\",\"datePublished\":\"2020-03-02T02:25:19+00:00\",\"dateModified\":\"2020-07-03T12:48:21+00:00\",\"mainEntityOfPage\":{\"@id\":\"https:\/\/efip.ctu.edu.vn\/web\/la-maison-des-etudiantes-francophones-ouvre-ses-portes\/\"},\"wordCount\":344,\"commentCount\":0,\"publisher\":{\"@id\":\"https:\/\/efip.ctu.edu.vn\/web\/#organization\"},\"image\":{\"@id\":\"https:\/\/efip.ctu.edu.vn\/web\/la-maison-des-etudiantes-francophones-ouvre-ses-portes\/#primaryimage\"},\"thumbnailUrl\":\"https:\/\/efip.ctu.edu.vn\/web\/wp-content\/uploads\/2020\/03\/MaisonEtudiants.jpg\",\"articleSection\":[\"Actualit\u00e9s de la Francophonie\",\"Divers\"],\"inLanguage\":\"en-US\",\"potentialAction\":[{\"@type\":\"CommentAction\",\"name\":\"Comment\",\"target\":[\"https:\/\/efip.ctu.edu.vn\/web\/la-maison-des-etudiantes-francophones-ouvre-ses-portes\/#respond\"]}]},{\"@type\":\"WebPage\",\"@id\":\"https:\/\/efip.ctu.edu.vn\/web\/la-maison-des-etudiantes-francophones-ouvre-ses-portes\/\",\"url\":\"https:\/\/efip.ctu.edu.vn\/web\/la-maison-des-etudiantes-francophones-ouvre-ses-portes\/\",\"name\":\"La Maison des \u00e9tudiant(e)s francophones ouvre ses portes. - EFIP\",\"isPartOf\":{\"@id\":\"https:\/\/efip.ctu.edu.vn\/web\/#website\"},\"primaryImageOfPage\":{\"@id\":\"https:\/\/efip.ctu.edu.vn\/web\/la-maison-des-etudiantes-francophones-ouvre-ses-portes\/#primaryimage\"},\"image\":{\"@id\":\"https:\/\/efip.ctu.edu.vn\/web\/la-maison-des-etudiantes-francophones-ouvre-ses-portes\/#primaryimage\"},\"thumbnailUrl\":\"https:\/\/efip.ctu.edu.vn\/web\/wp-content\/uploads\/2020\/03\/MaisonEtudiants.jpg\",\"datePublished\":\"2020-03-02T02:25:19+00:00\",\"dateModified\":\"2020-07-03T12:48:21+00:00\",\"breadcrumb\":{\"@id\":\"https:\/\/efip.ctu.edu.vn\/web\/la-maison-des-etudiantes-francophones-ouvre-ses-portes\/#breadcrumb\"},\"inLanguage\":\"en-US\",\"potentialAction\":[{\"@type\":\"ReadAction\",\"target\":[\"https:\/\/efip.ctu.edu.vn\/web\/la-maison-des-etudiantes-francophones-ouvre-ses-portes\/\"]}]},{\"@type\":\"ImageObject\",\"inLanguage\":\"en-US\",\"@id\":\"https:\/\/efip.ctu.edu.vn\/web\/la-maison-des-etudiantes-francophones-ouvre-ses-portes\/#primaryimage\",\"url\":\"https:\/\/efip.ctu.edu.vn\/web\/wp-content\/uploads\/2020\/03\/MaisonEtudiants.jpg\",\"contentUrl\":\"https:\/\/efip.ctu.edu.vn\/web\/wp-content\/uploads\/2020\/03\/MaisonEtudiants.jpg\",\"width\":700,\"height\":467},{\"@type\":\"BreadcrumbList\",\"@id\":\"https:\/\/efip.ctu.edu.vn\/web\/la-maison-des-etudiantes-francophones-ouvre-ses-portes\/#breadcrumb\",\"itemListElement\":[{\"@type\":\"ListItem\",\"position\":1,\"name\":\"Accueil\",\"item\":\"https:\/\/efip.ctu.edu.vn\/web\/\"},{\"@type\":\"ListItem\",\"position\":2,\"name\":\"La Maison des \u00e9tudiant(e)s francophones ouvre ses portes.\"}]},{\"@type\":\"WebSite\",\"@id\":\"https:\/\/efip.ctu.edu.vn\/web\/#website\",\"url\":\"https:\/\/efip.ctu.edu.vn\/web\/\",\"name\":\"EFIP de Can Tho\",\"description\":\"Espace Francophone d&#039;Innovation et de Partenariat\",\"publisher\":{\"@id\":\"https:\/\/efip.ctu.edu.vn\/web\/#organization\"},\"potentialAction\":[{\"@type\":\"SearchAction\",\"target\":{\"@type\":\"EntryPoint\",\"urlTemplate\":\"https:\/\/efip.ctu.edu.vn\/web\/?s={search_term_string}\"},\"query-input\":{\"@type\":\"PropertyValueSpecification\",\"valueRequired\":true,\"valueName\":\"search_term_string\"}}],\"inLanguage\":\"en-US\"},{\"@type\":\"Organization\",\"@id\":\"https:\/\/efip.ctu.edu.vn\/web\/#organization\",\"name\":\"EFIP\",\"url\":\"https:\/\/efip.ctu.edu.vn\/web\/\",\"logo\":{\"@type\":\"ImageObject\",\"inLanguage\":\"en-US\",\"@id\":\"https:\/\/efip.ctu.edu.vn\/web\/#\/schema\/logo\/image\/\",\"url\":\"https:\/\/efip.ctu.edu.vn\/web\/wp-content\/uploads\/2025\/05\/efip2-150x89-1.jpg\",\"contentUrl\":\"https:\/\/efip.ctu.edu.vn\/web\/wp-content\/uploads\/2025\/05\/efip2-150x89-1.jpg\",\"width\":150,\"height\":89,\"caption\":\"EFIP\"},\"image\":{\"@id\":\"https:\/\/efip.ctu.edu.vn\/web\/#\/schema\/logo\/image\/\"},\"sameAs\":[\"https:\/\/www.facebook.com\/efipCanTho\"]},{\"@type\":\"Person\",\"@id\":\"https:\/\/efip.ctu.edu.vn\/web\/#\/schema\/person\/53dc596cb2d0db2aa914c8a122a41e62\",\"name\":\"Emilie\",\"image\":{\"@type\":\"ImageObject\",\"inLanguage\":\"en-US\",\"@id\":\"https:\/\/efip.ctu.edu.vn\/web\/#\/schema\/person\/image\/\",\"url\":\"https:\/\/secure.gravatar.com\/avatar\/6a0fb05561be2eb61d5a590bc8bec4352d8fc07271158e66cac145fdb0f3d5ad?s=96&d=mm&r=g\",\"contentUrl\":\"https:\/\/secure.gravatar.com\/avatar\/6a0fb05561be2eb61d5a590bc8bec4352d8fc07271158e66cac145fdb0f3d5ad?s=96&d=mm&r=g\",\"caption\":\"Emilie\"},\"url\":\"https:\/\/efip.ctu.edu.vn\/web\/author\/emilie\/\"}]}<\/script>\n<!-- \/ Yoast SEO plugin. -->","yoast_head_json":{"title":"La Maison des \u00e9tudiant(e)s francophones ouvre ses portes. - EFIP","robots":{"index":"index","follow":"follow","max-snippet":"max-snippet:-1","max-image-preview":"max-image-preview:large","max-video-preview":"max-video-preview:-1"},"canonical":"https:\/\/efip.ctu.edu.vn\/web\/la-maison-des-etudiantes-francophones-ouvre-ses-portes\/","og_locale":"en_US","og_type":"article","og_title":"La Maison des \u00e9tudiant(e)s francophones ouvre ses portes. - EFIP","og_description":"Vous \u00e9tudiez en France, avez le projet d&#8217;\u00e9tudier ou de faire des recherches doctorales \u00e0 Paris en France ? Alors &hellip; Continue reading La Maison des \u00e9tudiant(e)s francophones ouvre ses portes.","og_url":"https:\/\/efip.ctu.edu.vn\/web\/la-maison-des-etudiantes-francophones-ouvre-ses-portes\/","og_site_name":"EFIP","article_publisher":"https:\/\/www.facebook.com\/efipCanTho","article_published_time":"2020-03-02T02:25:19+00:00","article_modified_time":"2020-07-03T12:48:21+00:00","og_image":[{"width":700,"height":467,"url":"https:\/\/efip.ctu.edu.vn\/web\/wp-content\/uploads\/2020\/03\/MaisonEtudiants.jpg","type":"image\/jpeg"}],"author":"Emilie","twitter_card":"summary_large_image","twitter_misc":{"Written by":"Emilie","Est. reading time":"2 minutes"},"schema":{"@context":"https:\/\/schema.org","@graph":[{"@type":"Article","@id":"https:\/\/efip.ctu.edu.vn\/web\/la-maison-des-etudiantes-francophones-ouvre-ses-portes\/#article","isPartOf":{"@id":"https:\/\/efip.ctu.edu.vn\/web\/la-maison-des-etudiantes-francophones-ouvre-ses-portes\/"},"author":{"name":"Emilie","@id":"https:\/\/efip.ctu.edu.vn\/web\/#\/schema\/person\/53dc596cb2d0db2aa914c8a122a41e62"},"headline":"La Maison des \u00e9tudiant(e)s francophones ouvre ses portes.","datePublished":"2020-03-02T02:25:19+00:00","dateModified":"2020-07-03T12:48:21+00:00","mainEntityOfPage":{"@id":"https:\/\/efip.ctu.edu.vn\/web\/la-maison-des-etudiantes-francophones-ouvre-ses-portes\/"},"wordCount":344,"commentCount":0,"publisher":{"@id":"https:\/\/efip.ctu.edu.vn\/web\/#organization"},"image":{"@id":"https:\/\/efip.ctu.edu.vn\/web\/la-maison-des-etudiantes-francophones-ouvre-ses-portes\/#primaryimage"},"thumbnailUrl":"https:\/\/efip.ctu.edu.vn\/web\/wp-content\/uploads\/2020\/03\/MaisonEtudiants.jpg","articleSection":["Actualit\u00e9s de la Francophonie","Divers"],"inLanguage":"en-US","potentialAction":[{"@type":"CommentAction","name":"Comment","target":["https:\/\/efip.ctu.edu.vn\/web\/la-maison-des-etudiantes-francophones-ouvre-ses-portes\/#respond"]}]},{"@type":"WebPage","@id":"https:\/\/efip.ctu.edu.vn\/web\/la-maison-des-etudiantes-francophones-ouvre-ses-portes\/","url":"https:\/\/efip.ctu.edu.vn\/web\/la-maison-des-etudiantes-francophones-ouvre-ses-portes\/","name":"La Maison des \u00e9tudiant(e)s francophones ouvre ses portes. - EFIP","isPartOf":{"@id":"https:\/\/efip.ctu.edu.vn\/web\/#website"},"primaryImageOfPage":{"@id":"https:\/\/efip.ctu.edu.vn\/web\/la-maison-des-etudiantes-francophones-ouvre-ses-portes\/#primaryimage"},"image":{"@id":"https:\/\/efip.ctu.edu.vn\/web\/la-maison-des-etudiantes-francophones-ouvre-ses-portes\/#primaryimage"},"thumbnailUrl":"https:\/\/efip.ctu.edu.vn\/web\/wp-content\/uploads\/2020\/03\/MaisonEtudiants.jpg","datePublished":"2020-03-02T02:25:19+00:00","dateModified":"2020-07-03T12:48:21+00:00","breadcrumb":{"@id":"https:\/\/efip.ctu.edu.vn\/web\/la-maison-des-etudiantes-francophones-ouvre-ses-portes\/#breadcrumb"},"inLanguage":"en-US","potentialAction":[{"@type":"ReadAction","target":["https:\/\/efip.ctu.edu.vn\/web\/la-maison-des-etudiantes-francophones-ouvre-ses-portes\/"]}]},{"@type":"ImageObject","inLanguage":"en-US","@id":"https:\/\/efip.ctu.edu.vn\/web\/la-maison-des-etudiantes-francophones-ouvre-ses-portes\/#primaryimage","url":"https:\/\/efip.ctu.edu.vn\/web\/wp-content\/uploads\/2020\/03\/MaisonEtudiants.jpg","contentUrl":"https:\/\/efip.ctu.edu.vn\/web\/wp-content\/uploads\/2020\/03\/MaisonEtudiants.jpg","width":700,"height":467},{"@type":"BreadcrumbList","@id":"https:\/\/efip.ctu.edu.vn\/web\/la-maison-des-etudiantes-francophones-ouvre-ses-portes\/#breadcrumb","itemListElement":[{"@type":"ListItem","position":1,"name":"Accueil","item":"https:\/\/efip.ctu.edu.vn\/web\/"},{"@type":"ListItem","position":2,"name":"La Maison des \u00e9tudiant(e)s francophones ouvre ses portes."}]},{"@type":"WebSite","@id":"https:\/\/efip.ctu.edu.vn\/web\/#website","url":"https:\/\/efip.ctu.edu.vn\/web\/","name":"EFIP de Can Tho","description":"Espace Francophone d&#039;Innovation et de Partenariat","publisher":{"@id":"https:\/\/efip.ctu.edu.vn\/web\/#organization"},"potentialAction":[{"@type":"SearchAction","target":{"@type":"EntryPoint","urlTemplate":"https:\/\/efip.ctu.edu.vn\/web\/?s={search_term_string}"},"query-input":{"@type":"PropertyValueSpecification","valueRequired":true,"valueName":"search_term_string"}}],"inLanguage":"en-US"},{"@type":"Organization","@id":"https:\/\/efip.ctu.edu.vn\/web\/#organization","name":"EFIP","url":"https:\/\/efip.ctu.edu.vn\/web\/","logo":{"@type":"ImageObject","inLanguage":"en-US","@id":"https:\/\/efip.ctu.edu.vn\/web\/#\/schema\/logo\/image\/","url":"https:\/\/efip.ctu.edu.vn\/web\/wp-content\/uploads\/2025\/05\/efip2-150x89-1.jpg","contentUrl":"https:\/\/efip.ctu.edu.vn\/web\/wp-content\/uploads\/2025\/05\/efip2-150x89-1.jpg","width":150,"height":89,"caption":"EFIP"},"image":{"@id":"https:\/\/efip.ctu.edu.vn\/web\/#\/schema\/logo\/image\/"},"sameAs":["https:\/\/www.facebook.com\/efipCanTho"]},{"@type":"Person","@id":"https:\/\/efip.ctu.edu.vn\/web\/#\/schema\/person\/53dc596cb2d0db2aa914c8a122a41e62","name":"Emilie","image":{"@type":"ImageObject","inLanguage":"en-US","@id":"https:\/\/efip.ctu.edu.vn\/web\/#\/schema\/person\/image\/","url":"https:\/\/secure.gravatar.com\/avatar\/6a0fb05561be2eb61d5a590bc8bec4352d8fc07271158e66cac145fdb0f3d5ad?s=96&d=mm&r=g","contentUrl":"https:\/\/secure.gravatar.com\/avatar\/6a0fb05561be2eb61d5a590bc8bec4352d8fc07271158e66cac145fdb0f3d5ad?s=96&d=mm&r=g","caption":"Emilie"},"url":"https:\/\/efip.ctu.edu.vn\/web\/author\/emilie\/"}]}},"_links":{"self":[{"href":"https:\/\/efip.ctu.edu.vn\/web\/wp-json\/wp\/v2\/posts\/898","targetHints":{"allow":["GET"]}}],"collection":[{"href":"https:\/\/efip.ctu.edu.vn\/web\/wp-json\/wp\/v2\/posts"}],"about":[{"href":"https:\/\/efip.ctu.edu.vn\/web\/wp-json\/wp\/v2\/types\/post"}],"author":[{"embeddable":true,"href":"https:\/\/efip.ctu.edu.vn\/web\/wp-json\/wp\/v2\/users\/3"}],"replies":[{"embeddable":true,"href":"https:\/\/efip.ctu.edu.vn\/web\/wp-json\/wp\/v2\/comments?post=898"}],"version-history":[{"count":2,"href":"https:\/\/efip.ctu.edu.vn\/web\/wp-json\/wp\/v2\/posts\/898\/revisions"}],"predecessor-version":[{"id":901,"href":"https:\/\/efip.ctu.edu.vn\/web\/wp-json\/wp\/v2\/posts\/898\/revisions\/901"}],"wp:featuredmedia":[{"embeddable":true,"href":"https:\/\/efip.ctu.edu.vn\/web\/wp-json\/wp\/v2\/media\/899"}],"wp:attachment":[{"href":"https:\/\/efip.ctu.edu.vn\/web\/wp-json\/wp\/v2\/media?parent=898"}],"wp:term":[{"taxonomy":"category","embeddable":true,"href":"https:\/\/efip.ctu.edu.vn\/web\/wp-json\/wp\/v2\/categories?post=898"},{"taxonomy":"post_tag","embeddable":true,"href":"https:\/\/efip.ctu.edu.vn\/web\/wp-json\/wp\/v2\/tags?post=898"}],"curies":[{"name":"wp","href":"https:\/\/api.w.org\/{rel}","templated":true}]}}