{"id":836,"date":"2019-12-04T08:59:34","date_gmt":"2019-12-04T01:59:34","guid":{"rendered":"https:\/\/efip.ctu.edu.vn\/web\/?p=836"},"modified":"2020-07-03T19:47:36","modified_gmt":"2020-07-03T12:47:36","slug":"seminaire-regional-de-recherche-francophone-edition-2019","status":"publish","type":"post","link":"https:\/\/efip.ctu.edu.vn\/web\/seminaire-regional-de-recherche-francophone-edition-2019\/","title":{"rendered":"S\u00e9minaire r\u00e9gional de recherche francophone &#8211; \u00e9dition 2019"},"content":{"rendered":"\n<figure class=\"wp-block-image\"><img fetchpriority=\"high\" decoding=\"async\" width=\"1024\" height=\"768\" src=\"https:\/\/efip.ctu.edu.vn\/web\/wp-content\/uploads\/2019\/12\/SeminaireRegionalRecheche-1024x768.jpg\" alt=\"\" class=\"wp-image-837\" srcset=\"https:\/\/efip.ctu.edu.vn\/web\/wp-content\/uploads\/2019\/12\/SeminaireRegionalRecheche-1024x768.jpg 1024w, https:\/\/efip.ctu.edu.vn\/web\/wp-content\/uploads\/2019\/12\/SeminaireRegionalRecheche-300x225.jpg 300w, https:\/\/efip.ctu.edu.vn\/web\/wp-content\/uploads\/2019\/12\/SeminaireRegionalRecheche-768x576.jpg 768w, https:\/\/efip.ctu.edu.vn\/web\/wp-content\/uploads\/2019\/12\/SeminaireRegionalRecheche-110x83.jpg 110w, https:\/\/efip.ctu.edu.vn\/web\/wp-content\/uploads\/2019\/12\/SeminaireRegionalRecheche-420x315.jpg 420w, https:\/\/efip.ctu.edu.vn\/web\/wp-content\/uploads\/2019\/12\/SeminaireRegionalRecheche-573x430.jpg 573w\" sizes=\"(max-width: 1024px) 100vw, 1024px\" \/><figcaption><em>De gauche \u00e0 droite : Mme TRAN Thi Mai Yen, responsable du CREFAP; M. HANG Chuong Naron, Ministre de l&#8217;\u00e9ducation, de la jeunesse et des sports du Royaume du Cambodge et Mme TEBBAA Ouidad, directrice r\u00e9gionale de l&#8217;AUF.<\/em><\/figcaption><\/figure>\n\n\n\n<p>Du 4 au 6 d\u00e9cembre 2019, \u00e0 Siem Reap, au Cambodge, se tient le s\u00e9minaire r\u00e9gional de recherche francophone sur le th\u00e8me <em><strong>&#8220;Enseignement\/apprentissage du et en fran\u00e7ais : regards crois\u00e9s&#8221;<\/strong><\/em>.<\/p>\n\n\n\n<p>Une centaine de professionnels francophones de l&#8217;enseignement se rassemble \u00e0 partir d&#8217;aujourd&#8217;hui et pour 3 jours afin d&#8217;\u00e9changer, de diffuser les r\u00e9sultats de leurs recherches tant sur l&#8217;enseignement que de l&#8217;apprentissage du fran\u00e7ais langue \u00e9trang\u00e8re dans la r\u00e9gion Asie-Pacifique. Des enseignants cambodgiens, chinois, laotiens, tha\u00eflandais, vietnamiens, mais aussi cal\u00e9doniens, chinois, cor\u00e9en fran\u00e7ais, ivoiriens, japonais, ni-vanuatu, tunisiens et turques vont participer \u00e0 des conf\u00e9rences, des tables rondes. <\/p>\n\n\n\n<figure class=\"wp-block-image\"><img decoding=\"async\" width=\"1024\" height=\"746\" src=\"https:\/\/efip.ctu.edu.vn\/web\/wp-content\/uploads\/2019\/12\/SeminaireRegionalRechercheProg-1-e1575424679390-1024x746.jpg\" alt=\"\" class=\"wp-image-839\" srcset=\"https:\/\/efip.ctu.edu.vn\/web\/wp-content\/uploads\/2019\/12\/SeminaireRegionalRechercheProg-1-e1575424679390-1024x746.jpg 1024w, https:\/\/efip.ctu.edu.vn\/web\/wp-content\/uploads\/2019\/12\/SeminaireRegionalRechercheProg-1-e1575424679390-300x218.jpg 300w, https:\/\/efip.ctu.edu.vn\/web\/wp-content\/uploads\/2019\/12\/SeminaireRegionalRechercheProg-1-e1575424679390-768x559.jpg 768w, https:\/\/efip.ctu.edu.vn\/web\/wp-content\/uploads\/2019\/12\/SeminaireRegionalRechercheProg-1-e1575424679390-110x80.jpg 110w, https:\/\/efip.ctu.edu.vn\/web\/wp-content\/uploads\/2019\/12\/SeminaireRegionalRechercheProg-1-e1575424679390-420x306.jpg 420w, https:\/\/efip.ctu.edu.vn\/web\/wp-content\/uploads\/2019\/12\/SeminaireRegionalRechercheProg-1-e1575424679390-590x430.jpg 590w\" sizes=\"(max-width: 1024px) 100vw, 1024px\" \/><figcaption><em>Programme du s\u00e9minaire 2019.<\/em><\/figcaption><\/figure>\n\n\n\n<p>Il y sera question de la recherche scientifique en contexte Asie-Pacifique, des TICS pour enseigner\/apprendre le fran\u00e7ais, de l&#8217;efficacit\u00e9 des enseignements\/apprentissages du\/en fran\u00e7ais plus efficaces en Asie-Pacifique, du plurilinguisme et de la Francophonie, de la formation professionnelle, et de l&#8217;emploi.<\/p>\n","protected":false},"excerpt":{"rendered":"<p>Du 4 au 6 d\u00e9cembre 2019, \u00e0 Siem Reap, au Cambodge, se tient le s\u00e9minaire r\u00e9gional de recherche francophone sur &hellip; <br \/><a href=\"https:\/\/efip.ctu.edu.vn\/web\/seminaire-regional-de-recherche-francophone-edition-2019\/\" class=\"more-link\">Continue reading <span class=\"screen-reader-text\">S\u00e9minaire r\u00e9gional de recherche francophone &#8211; \u00e9dition 2019<\/span><\/a><\/p>\n","protected":false},"author":3,"featured_media":837,"comment_status":"open","ping_status":"open","sticky":false,"template":"","format":"standard","meta":{"footnotes":""},"categories":[8,57],"tags":[],"class_list":["post-836","post","type-post","status-publish","format-standard","has-post-thumbnail","hentry","category-actualites-de-la-francophonie","category-divers"],"yoast_head":"<!-- This site is optimized with the Yoast SEO plugin v25.0 - https:\/\/yoast.com\/wordpress\/plugins\/seo\/ -->\n<title>S\u00e9minaire r\u00e9gional de recherche francophone - \u00e9dition 2019 - EFIP<\/title>\n<meta name=\"robots\" content=\"index, follow, max-snippet:-1, max-image-preview:large, max-video-preview:-1\" \/>\n<link rel=\"canonical\" href=\"https:\/\/efip.ctu.edu.vn\/web\/seminaire-regional-de-recherche-francophone-edition-2019\/\" \/>\n<meta property=\"og:locale\" content=\"en_US\" \/>\n<meta property=\"og:type\" content=\"article\" \/>\n<meta property=\"og:title\" content=\"S\u00e9minaire r\u00e9gional de recherche francophone - \u00e9dition 2019 - EFIP\" \/>\n<meta property=\"og:description\" content=\"Du 4 au 6 d\u00e9cembre 2019, \u00e0 Siem Reap, au Cambodge, se tient le s\u00e9minaire r\u00e9gional de recherche francophone sur &hellip; Continue reading S\u00e9minaire r\u00e9gional de recherche francophone &#8211; \u00e9dition 2019\" \/>\n<meta property=\"og:url\" content=\"https:\/\/efip.ctu.edu.vn\/web\/seminaire-regional-de-recherche-francophone-edition-2019\/\" \/>\n<meta property=\"og:site_name\" content=\"EFIP\" \/>\n<meta property=\"article:publisher\" content=\"https:\/\/www.facebook.com\/efipCanTho\" \/>\n<meta property=\"article:published_time\" content=\"2019-12-04T01:59:34+00:00\" \/>\n<meta property=\"article:modified_time\" content=\"2020-07-03T12:47:36+00:00\" \/>\n<meta property=\"og:image\" content=\"https:\/\/efip.ctu.edu.vn\/web\/wp-content\/uploads\/2019\/12\/SeminaireRegionalRecheche.jpg\" \/>\n\t<meta property=\"og:image:width\" content=\"4032\" \/>\n\t<meta property=\"og:image:height\" content=\"3024\" \/>\n\t<meta property=\"og:image:type\" content=\"image\/jpeg\" \/>\n<meta name=\"author\" content=\"Emilie\" \/>\n<meta name=\"twitter:card\" content=\"summary_large_image\" \/>\n<meta name=\"twitter:label1\" content=\"Written by\" \/>\n\t<meta name=\"twitter:data1\" content=\"Emilie\" \/>\n\t<meta name=\"twitter:label2\" content=\"Est. reading time\" \/>\n\t<meta name=\"twitter:data2\" content=\"1 minute\" \/>\n<script type=\"application\/ld+json\" class=\"yoast-schema-graph\">{\"@context\":\"https:\/\/schema.org\",\"@graph\":[{\"@type\":\"Article\",\"@id\":\"https:\/\/efip.ctu.edu.vn\/web\/seminaire-regional-de-recherche-francophone-edition-2019\/#article\",\"isPartOf\":{\"@id\":\"https:\/\/efip.ctu.edu.vn\/web\/seminaire-regional-de-recherche-francophone-edition-2019\/\"},\"author\":{\"name\":\"Emilie\",\"@id\":\"https:\/\/efip.ctu.edu.vn\/web\/#\/schema\/person\/53dc596cb2d0db2aa914c8a122a41e62\"},\"headline\":\"S\u00e9minaire r\u00e9gional de recherche francophone &#8211; \u00e9dition 2019\",\"datePublished\":\"2019-12-04T01:59:34+00:00\",\"dateModified\":\"2020-07-03T12:47:36+00:00\",\"mainEntityOfPage\":{\"@id\":\"https:\/\/efip.ctu.edu.vn\/web\/seminaire-regional-de-recherche-francophone-edition-2019\/\"},\"wordCount\":201,\"commentCount\":0,\"publisher\":{\"@id\":\"https:\/\/efip.ctu.edu.vn\/web\/#organization\"},\"image\":{\"@id\":\"https:\/\/efip.ctu.edu.vn\/web\/seminaire-regional-de-recherche-francophone-edition-2019\/#primaryimage\"},\"thumbnailUrl\":\"https:\/\/efip.ctu.edu.vn\/web\/wp-content\/uploads\/2019\/12\/SeminaireRegionalRecheche.jpg\",\"articleSection\":[\"Actualit\u00e9s de la Francophonie\",\"Divers\"],\"inLanguage\":\"en-US\",\"potentialAction\":[{\"@type\":\"CommentAction\",\"name\":\"Comment\",\"target\":[\"https:\/\/efip.ctu.edu.vn\/web\/seminaire-regional-de-recherche-francophone-edition-2019\/#respond\"]}]},{\"@type\":\"WebPage\",\"@id\":\"https:\/\/efip.ctu.edu.vn\/web\/seminaire-regional-de-recherche-francophone-edition-2019\/\",\"url\":\"https:\/\/efip.ctu.edu.vn\/web\/seminaire-regional-de-recherche-francophone-edition-2019\/\",\"name\":\"S\u00e9minaire r\u00e9gional de recherche francophone - \u00e9dition 2019 - EFIP\",\"isPartOf\":{\"@id\":\"https:\/\/efip.ctu.edu.vn\/web\/#website\"},\"primaryImageOfPage\":{\"@id\":\"https:\/\/efip.ctu.edu.vn\/web\/seminaire-regional-de-recherche-francophone-edition-2019\/#primaryimage\"},\"image\":{\"@id\":\"https:\/\/efip.ctu.edu.vn\/web\/seminaire-regional-de-recherche-francophone-edition-2019\/#primaryimage\"},\"thumbnailUrl\":\"https:\/\/efip.ctu.edu.vn\/web\/wp-content\/uploads\/2019\/12\/SeminaireRegionalRecheche.jpg\",\"datePublished\":\"2019-12-04T01:59:34+00:00\",\"dateModified\":\"2020-07-03T12:47:36+00:00\",\"breadcrumb\":{\"@id\":\"https:\/\/efip.ctu.edu.vn\/web\/seminaire-regional-de-recherche-francophone-edition-2019\/#breadcrumb\"},\"inLanguage\":\"en-US\",\"potentialAction\":[{\"@type\":\"ReadAction\",\"target\":[\"https:\/\/efip.ctu.edu.vn\/web\/seminaire-regional-de-recherche-francophone-edition-2019\/\"]}]},{\"@type\":\"ImageObject\",\"inLanguage\":\"en-US\",\"@id\":\"https:\/\/efip.ctu.edu.vn\/web\/seminaire-regional-de-recherche-francophone-edition-2019\/#primaryimage\",\"url\":\"https:\/\/efip.ctu.edu.vn\/web\/wp-content\/uploads\/2019\/12\/SeminaireRegionalRecheche.jpg\",\"contentUrl\":\"https:\/\/efip.ctu.edu.vn\/web\/wp-content\/uploads\/2019\/12\/SeminaireRegionalRecheche.jpg\",\"width\":4032,\"height\":3024},{\"@type\":\"BreadcrumbList\",\"@id\":\"https:\/\/efip.ctu.edu.vn\/web\/seminaire-regional-de-recherche-francophone-edition-2019\/#breadcrumb\",\"itemListElement\":[{\"@type\":\"ListItem\",\"position\":1,\"name\":\"Accueil\",\"item\":\"https:\/\/efip.ctu.edu.vn\/web\/\"},{\"@type\":\"ListItem\",\"position\":2,\"name\":\"S\u00e9minaire r\u00e9gional de recherche francophone &#8211; \u00e9dition 2019\"}]},{\"@type\":\"WebSite\",\"@id\":\"https:\/\/efip.ctu.edu.vn\/web\/#website\",\"url\":\"https:\/\/efip.ctu.edu.vn\/web\/\",\"name\":\"EFIP de Can Tho\",\"description\":\"Espace Francophone d&#039;Innovation et de Partenariat\",\"publisher\":{\"@id\":\"https:\/\/efip.ctu.edu.vn\/web\/#organization\"},\"potentialAction\":[{\"@type\":\"SearchAction\",\"target\":{\"@type\":\"EntryPoint\",\"urlTemplate\":\"https:\/\/efip.ctu.edu.vn\/web\/?s={search_term_string}\"},\"query-input\":{\"@type\":\"PropertyValueSpecification\",\"valueRequired\":true,\"valueName\":\"search_term_string\"}}],\"inLanguage\":\"en-US\"},{\"@type\":\"Organization\",\"@id\":\"https:\/\/efip.ctu.edu.vn\/web\/#organization\",\"name\":\"EFIP\",\"url\":\"https:\/\/efip.ctu.edu.vn\/web\/\",\"logo\":{\"@type\":\"ImageObject\",\"inLanguage\":\"en-US\",\"@id\":\"https:\/\/efip.ctu.edu.vn\/web\/#\/schema\/logo\/image\/\",\"url\":\"https:\/\/efip.ctu.edu.vn\/web\/wp-content\/uploads\/2025\/05\/efip2-150x89-1.jpg\",\"contentUrl\":\"https:\/\/efip.ctu.edu.vn\/web\/wp-content\/uploads\/2025\/05\/efip2-150x89-1.jpg\",\"width\":150,\"height\":89,\"caption\":\"EFIP\"},\"image\":{\"@id\":\"https:\/\/efip.ctu.edu.vn\/web\/#\/schema\/logo\/image\/\"},\"sameAs\":[\"https:\/\/www.facebook.com\/efipCanTho\"]},{\"@type\":\"Person\",\"@id\":\"https:\/\/efip.ctu.edu.vn\/web\/#\/schema\/person\/53dc596cb2d0db2aa914c8a122a41e62\",\"name\":\"Emilie\",\"image\":{\"@type\":\"ImageObject\",\"inLanguage\":\"en-US\",\"@id\":\"https:\/\/efip.ctu.edu.vn\/web\/#\/schema\/person\/image\/\",\"url\":\"https:\/\/secure.gravatar.com\/avatar\/6a0fb05561be2eb61d5a590bc8bec4352d8fc07271158e66cac145fdb0f3d5ad?s=96&d=mm&r=g\",\"contentUrl\":\"https:\/\/secure.gravatar.com\/avatar\/6a0fb05561be2eb61d5a590bc8bec4352d8fc07271158e66cac145fdb0f3d5ad?s=96&d=mm&r=g\",\"caption\":\"Emilie\"},\"url\":\"https:\/\/efip.ctu.edu.vn\/web\/author\/emilie\/\"}]}<\/script>\n<!-- \/ Yoast SEO plugin. -->","yoast_head_json":{"title":"S\u00e9minaire r\u00e9gional de recherche francophone - \u00e9dition 2019 - EFIP","robots":{"index":"index","follow":"follow","max-snippet":"max-snippet:-1","max-image-preview":"max-image-preview:large","max-video-preview":"max-video-preview:-1"},"canonical":"https:\/\/efip.ctu.edu.vn\/web\/seminaire-regional-de-recherche-francophone-edition-2019\/","og_locale":"en_US","og_type":"article","og_title":"S\u00e9minaire r\u00e9gional de recherche francophone - \u00e9dition 2019 - EFIP","og_description":"Du 4 au 6 d\u00e9cembre 2019, \u00e0 Siem Reap, au Cambodge, se tient le s\u00e9minaire r\u00e9gional de recherche francophone sur &hellip; Continue reading S\u00e9minaire r\u00e9gional de recherche francophone &#8211; \u00e9dition 2019","og_url":"https:\/\/efip.ctu.edu.vn\/web\/seminaire-regional-de-recherche-francophone-edition-2019\/","og_site_name":"EFIP","article_publisher":"https:\/\/www.facebook.com\/efipCanTho","article_published_time":"2019-12-04T01:59:34+00:00","article_modified_time":"2020-07-03T12:47:36+00:00","og_image":[{"width":4032,"height":3024,"url":"https:\/\/efip.ctu.edu.vn\/web\/wp-content\/uploads\/2019\/12\/SeminaireRegionalRecheche.jpg","type":"image\/jpeg"}],"author":"Emilie","twitter_card":"summary_large_image","twitter_misc":{"Written by":"Emilie","Est. reading time":"1 minute"},"schema":{"@context":"https:\/\/schema.org","@graph":[{"@type":"Article","@id":"https:\/\/efip.ctu.edu.vn\/web\/seminaire-regional-de-recherche-francophone-edition-2019\/#article","isPartOf":{"@id":"https:\/\/efip.ctu.edu.vn\/web\/seminaire-regional-de-recherche-francophone-edition-2019\/"},"author":{"name":"Emilie","@id":"https:\/\/efip.ctu.edu.vn\/web\/#\/schema\/person\/53dc596cb2d0db2aa914c8a122a41e62"},"headline":"S\u00e9minaire r\u00e9gional de recherche francophone &#8211; \u00e9dition 2019","datePublished":"2019-12-04T01:59:34+00:00","dateModified":"2020-07-03T12:47:36+00:00","mainEntityOfPage":{"@id":"https:\/\/efip.ctu.edu.vn\/web\/seminaire-regional-de-recherche-francophone-edition-2019\/"},"wordCount":201,"commentCount":0,"publisher":{"@id":"https:\/\/efip.ctu.edu.vn\/web\/#organization"},"image":{"@id":"https:\/\/efip.ctu.edu.vn\/web\/seminaire-regional-de-recherche-francophone-edition-2019\/#primaryimage"},"thumbnailUrl":"https:\/\/efip.ctu.edu.vn\/web\/wp-content\/uploads\/2019\/12\/SeminaireRegionalRecheche.jpg","articleSection":["Actualit\u00e9s de la Francophonie","Divers"],"inLanguage":"en-US","potentialAction":[{"@type":"CommentAction","name":"Comment","target":["https:\/\/efip.ctu.edu.vn\/web\/seminaire-regional-de-recherche-francophone-edition-2019\/#respond"]}]},{"@type":"WebPage","@id":"https:\/\/efip.ctu.edu.vn\/web\/seminaire-regional-de-recherche-francophone-edition-2019\/","url":"https:\/\/efip.ctu.edu.vn\/web\/seminaire-regional-de-recherche-francophone-edition-2019\/","name":"S\u00e9minaire r\u00e9gional de recherche francophone - \u00e9dition 2019 - EFIP","isPartOf":{"@id":"https:\/\/efip.ctu.edu.vn\/web\/#website"},"primaryImageOfPage":{"@id":"https:\/\/efip.ctu.edu.vn\/web\/seminaire-regional-de-recherche-francophone-edition-2019\/#primaryimage"},"image":{"@id":"https:\/\/efip.ctu.edu.vn\/web\/seminaire-regional-de-recherche-francophone-edition-2019\/#primaryimage"},"thumbnailUrl":"https:\/\/efip.ctu.edu.vn\/web\/wp-content\/uploads\/2019\/12\/SeminaireRegionalRecheche.jpg","datePublished":"2019-12-04T01:59:34+00:00","dateModified":"2020-07-03T12:47:36+00:00","breadcrumb":{"@id":"https:\/\/efip.ctu.edu.vn\/web\/seminaire-regional-de-recherche-francophone-edition-2019\/#breadcrumb"},"inLanguage":"en-US","potentialAction":[{"@type":"ReadAction","target":["https:\/\/efip.ctu.edu.vn\/web\/seminaire-regional-de-recherche-francophone-edition-2019\/"]}]},{"@type":"ImageObject","inLanguage":"en-US","@id":"https:\/\/efip.ctu.edu.vn\/web\/seminaire-regional-de-recherche-francophone-edition-2019\/#primaryimage","url":"https:\/\/efip.ctu.edu.vn\/web\/wp-content\/uploads\/2019\/12\/SeminaireRegionalRecheche.jpg","contentUrl":"https:\/\/efip.ctu.edu.vn\/web\/wp-content\/uploads\/2019\/12\/SeminaireRegionalRecheche.jpg","width":4032,"height":3024},{"@type":"BreadcrumbList","@id":"https:\/\/efip.ctu.edu.vn\/web\/seminaire-regional-de-recherche-francophone-edition-2019\/#breadcrumb","itemListElement":[{"@type":"ListItem","position":1,"name":"Accueil","item":"https:\/\/efip.ctu.edu.vn\/web\/"},{"@type":"ListItem","position":2,"name":"S\u00e9minaire r\u00e9gional de recherche francophone &#8211; \u00e9dition 2019"}]},{"@type":"WebSite","@id":"https:\/\/efip.ctu.edu.vn\/web\/#website","url":"https:\/\/efip.ctu.edu.vn\/web\/","name":"EFIP de Can Tho","description":"Espace Francophone d&#039;Innovation et de Partenariat","publisher":{"@id":"https:\/\/efip.ctu.edu.vn\/web\/#organization"},"potentialAction":[{"@type":"SearchAction","target":{"@type":"EntryPoint","urlTemplate":"https:\/\/efip.ctu.edu.vn\/web\/?s={search_term_string}"},"query-input":{"@type":"PropertyValueSpecification","valueRequired":true,"valueName":"search_term_string"}}],"inLanguage":"en-US"},{"@type":"Organization","@id":"https:\/\/efip.ctu.edu.vn\/web\/#organization","name":"EFIP","url":"https:\/\/efip.ctu.edu.vn\/web\/","logo":{"@type":"ImageObject","inLanguage":"en-US","@id":"https:\/\/efip.ctu.edu.vn\/web\/#\/schema\/logo\/image\/","url":"https:\/\/efip.ctu.edu.vn\/web\/wp-content\/uploads\/2025\/05\/efip2-150x89-1.jpg","contentUrl":"https:\/\/efip.ctu.edu.vn\/web\/wp-content\/uploads\/2025\/05\/efip2-150x89-1.jpg","width":150,"height":89,"caption":"EFIP"},"image":{"@id":"https:\/\/efip.ctu.edu.vn\/web\/#\/schema\/logo\/image\/"},"sameAs":["https:\/\/www.facebook.com\/efipCanTho"]},{"@type":"Person","@id":"https:\/\/efip.ctu.edu.vn\/web\/#\/schema\/person\/53dc596cb2d0db2aa914c8a122a41e62","name":"Emilie","image":{"@type":"ImageObject","inLanguage":"en-US","@id":"https:\/\/efip.ctu.edu.vn\/web\/#\/schema\/person\/image\/","url":"https:\/\/secure.gravatar.com\/avatar\/6a0fb05561be2eb61d5a590bc8bec4352d8fc07271158e66cac145fdb0f3d5ad?s=96&d=mm&r=g","contentUrl":"https:\/\/secure.gravatar.com\/avatar\/6a0fb05561be2eb61d5a590bc8bec4352d8fc07271158e66cac145fdb0f3d5ad?s=96&d=mm&r=g","caption":"Emilie"},"url":"https:\/\/efip.ctu.edu.vn\/web\/author\/emilie\/"}]}},"_links":{"self":[{"href":"https:\/\/efip.ctu.edu.vn\/web\/wp-json\/wp\/v2\/posts\/836","targetHints":{"allow":["GET"]}}],"collection":[{"href":"https:\/\/efip.ctu.edu.vn\/web\/wp-json\/wp\/v2\/posts"}],"about":[{"href":"https:\/\/efip.ctu.edu.vn\/web\/wp-json\/wp\/v2\/types\/post"}],"author":[{"embeddable":true,"href":"https:\/\/efip.ctu.edu.vn\/web\/wp-json\/wp\/v2\/users\/3"}],"replies":[{"embeddable":true,"href":"https:\/\/efip.ctu.edu.vn\/web\/wp-json\/wp\/v2\/comments?post=836"}],"version-history":[{"count":2,"href":"https:\/\/efip.ctu.edu.vn\/web\/wp-json\/wp\/v2\/posts\/836\/revisions"}],"predecessor-version":[{"id":842,"href":"https:\/\/efip.ctu.edu.vn\/web\/wp-json\/wp\/v2\/posts\/836\/revisions\/842"}],"wp:featuredmedia":[{"embeddable":true,"href":"https:\/\/efip.ctu.edu.vn\/web\/wp-json\/wp\/v2\/media\/837"}],"wp:attachment":[{"href":"https:\/\/efip.ctu.edu.vn\/web\/wp-json\/wp\/v2\/media?parent=836"}],"wp:term":[{"taxonomy":"category","embeddable":true,"href":"https:\/\/efip.ctu.edu.vn\/web\/wp-json\/wp\/v2\/categories?post=836"},{"taxonomy":"post_tag","embeddable":true,"href":"https:\/\/efip.ctu.edu.vn\/web\/wp-json\/wp\/v2\/tags?post=836"}],"curies":[{"name":"wp","href":"https:\/\/api.w.org\/{rel}","templated":true}]}}