{"id":830,"date":"2019-11-26T08:37:41","date_gmt":"2019-11-26T01:37:41","guid":{"rendered":"https:\/\/efip.ctu.edu.vn\/web\/?p=830"},"modified":"2020-07-03T19:47:07","modified_gmt":"2020-07-03T12:47:07","slug":"lauf-et-lird-renouvellent-leur-cooperation-en-matiere-de-developpement-de-lenseignement-de-la-recherche-et-de-linnovation","status":"publish","type":"post","link":"https:\/\/efip.ctu.edu.vn\/web\/lauf-et-lird-renouvellent-leur-cooperation-en-matiere-de-developpement-de-lenseignement-de-la-recherche-et-de-linnovation\/","title":{"rendered":"L&#8217;AUF et l&#8217;IRD renouvellent leur coop\u00e9ration en mati\u00e8re de d\u00e9veloppement de l&#8217;enseignement, de la recherche et de l&#8217;innovation."},"content":{"rendered":"\n<figure class=\"wp-block-image\"><img fetchpriority=\"high\" decoding=\"async\" width=\"565\" height=\"382\" src=\"https:\/\/efip.ctu.edu.vn\/web\/wp-content\/uploads\/2019\/11\/IRD.jpg\" alt=\"De gauche \u00e0 droite : Jean-Paul de Gaudemar, Recteur de l'AUF ; M. Jean-Paul Moatti, Pr\u00e9sident Directeur g\u00e9n\u00e9ral de l'IRD.\" class=\"wp-image-831\" srcset=\"https:\/\/efip.ctu.edu.vn\/web\/wp-content\/uploads\/2019\/11\/IRD.jpg 565w, https:\/\/efip.ctu.edu.vn\/web\/wp-content\/uploads\/2019\/11\/IRD-300x203.jpg 300w, https:\/\/efip.ctu.edu.vn\/web\/wp-content\/uploads\/2019\/11\/IRD-110x74.jpg 110w, https:\/\/efip.ctu.edu.vn\/web\/wp-content\/uploads\/2019\/11\/IRD-420x284.jpg 420w\" sizes=\"(max-width: 565px) 100vw, 565px\" \/><\/figure>\n\n\n\n<p><em>Le 15 novembre 2019, l&#8217;AUF et l&#8217;Institut de Recherche pour le D\u00e9veloppement (IED) ont sign\u00e9 un nouvel accord pour consolider et renforcer leur action commune en mati\u00e8re de d\u00e9veloppement de l&#8217;enseignement, de la recherche et de l&#8217;innovation pour et en coop\u00e9ration avec les \u00e9tablissements d&#8217;enseignement sup\u00e9rieur et de recherche francophones, et plus largement avec les soci\u00e9t\u00e9s francophones.<\/em><\/p>\n\n\n\n<p>Les projets conduits en partenariat avec les \u00e9tablissements d\u2019enseignement sup\u00e9rieur et de recherche des pays du Sud ont confirm\u00e9 la compl\u00e9mentarit\u00e9 forte qui existe entre les deux institutions pour renforcer les capacit\u00e9s de recherche et conduire une science d\u2019excellence.<\/p>\n\n\n\n<p>En renouvelant cet accord-cadre, l\u2019IRD et l\u2019AUF entendent poursuivre leur collaboration pour notamment favoriser la cr\u00e9ation et la diffusion de contenus num\u00e9riques \u00e9ducatifs, le soutien au lancement d\u2019initiatives de recherche innovantes et la diffusion et la vulgarisation de leurs r\u00e9sultats en particulier les initiatives de science participative-science citoyenne.<\/p>\n\n\n\n<p>Pour plus d&#8217;informations, consultez l&#8217;article complet sur <a rel=\"noreferrer noopener\" aria-label=\"https:\/\/www.auf.org\/nouvelles\/actualites\/lauf-lird-renouvellent-cooperation-matiere-de-developpement-de-lenseignement-de-recherche-de-linnovation\/ (opens in a new tab)\" href=\"https:\/\/www.auf.org\/nouvelles\/actualites\/lauf-lird-renouvellent-cooperation-matiere-de-developpement-de-lenseignement-de-recherche-de-linnovation\/\" target=\"_blank\">https:\/\/www.auf.org\/nouvelles\/actualites\/lauf-lird-renouvellent-cooperation-matiere-de-developpement-de-lenseignement-de-recherche-de-linnovation\/<\/a><\/p>\n\n\n\n<p><\/p>\n","protected":false},"excerpt":{"rendered":"<p>Le 15 novembre 2019, l&#8217;AUF et l&#8217;Institut de Recherche pour le D\u00e9veloppement (IED) ont sign\u00e9 un nouvel accord pour consolider &hellip; <br \/><a href=\"https:\/\/efip.ctu.edu.vn\/web\/lauf-et-lird-renouvellent-leur-cooperation-en-matiere-de-developpement-de-lenseignement-de-la-recherche-et-de-linnovation\/\" class=\"more-link\">Continue reading <span class=\"screen-reader-text\">L&#8217;AUF et l&#8217;IRD renouvellent leur coop\u00e9ration en mati\u00e8re de d\u00e9veloppement de l&#8217;enseignement, de la recherche et de l&#8217;innovation.<\/span><\/a><\/p>\n","protected":false},"author":3,"featured_media":831,"comment_status":"open","ping_status":"open","sticky":false,"template":"","format":"standard","meta":{"footnotes":""},"categories":[8,57],"tags":[],"class_list":["post-830","post","type-post","status-publish","format-standard","has-post-thumbnail","hentry","category-actualites-de-la-francophonie","category-divers"],"yoast_head":"<!-- This site is optimized with the Yoast SEO plugin v25.0 - https:\/\/yoast.com\/wordpress\/plugins\/seo\/ -->\n<title>L&#039;AUF et l&#039;IRD renouvellent leur coop\u00e9ration en mati\u00e8re de d\u00e9veloppement de l&#039;enseignement, de la recherche et de l&#039;innovation. - EFIP<\/title>\n<meta name=\"robots\" content=\"index, follow, max-snippet:-1, max-image-preview:large, max-video-preview:-1\" \/>\n<link rel=\"canonical\" href=\"https:\/\/efip.ctu.edu.vn\/web\/lauf-et-lird-renouvellent-leur-cooperation-en-matiere-de-developpement-de-lenseignement-de-la-recherche-et-de-linnovation\/\" \/>\n<meta property=\"og:locale\" content=\"en_US\" \/>\n<meta property=\"og:type\" content=\"article\" \/>\n<meta property=\"og:title\" content=\"L&#039;AUF et l&#039;IRD renouvellent leur coop\u00e9ration en mati\u00e8re de d\u00e9veloppement de l&#039;enseignement, de la recherche et de l&#039;innovation. - EFIP\" \/>\n<meta property=\"og:description\" content=\"Le 15 novembre 2019, l&#8217;AUF et l&#8217;Institut de Recherche pour le D\u00e9veloppement (IED) ont sign\u00e9 un nouvel accord pour consolider &hellip; Continue reading L&#8217;AUF et l&#8217;IRD renouvellent leur coop\u00e9ration en mati\u00e8re de d\u00e9veloppement de l&#8217;enseignement, de la recherche et de l&#8217;innovation.\" \/>\n<meta property=\"og:url\" content=\"https:\/\/efip.ctu.edu.vn\/web\/lauf-et-lird-renouvellent-leur-cooperation-en-matiere-de-developpement-de-lenseignement-de-la-recherche-et-de-linnovation\/\" \/>\n<meta property=\"og:site_name\" content=\"EFIP\" \/>\n<meta property=\"article:publisher\" content=\"https:\/\/www.facebook.com\/efipCanTho\" \/>\n<meta property=\"article:published_time\" content=\"2019-11-26T01:37:41+00:00\" \/>\n<meta property=\"article:modified_time\" content=\"2020-07-03T12:47:07+00:00\" \/>\n<meta property=\"og:image\" content=\"https:\/\/efip.ctu.edu.vn\/web\/wp-content\/uploads\/2019\/11\/IRD.jpg\" \/>\n\t<meta property=\"og:image:width\" content=\"565\" \/>\n\t<meta property=\"og:image:height\" content=\"382\" \/>\n\t<meta property=\"og:image:type\" content=\"image\/jpeg\" \/>\n<meta name=\"author\" content=\"Emilie\" \/>\n<meta name=\"twitter:card\" content=\"summary_large_image\" \/>\n<meta name=\"twitter:label1\" content=\"Written by\" \/>\n\t<meta name=\"twitter:data1\" content=\"Emilie\" \/>\n\t<meta name=\"twitter:label2\" content=\"Est. reading time\" \/>\n\t<meta name=\"twitter:data2\" content=\"1 minute\" \/>\n<script type=\"application\/ld+json\" class=\"yoast-schema-graph\">{\"@context\":\"https:\/\/schema.org\",\"@graph\":[{\"@type\":\"Article\",\"@id\":\"https:\/\/efip.ctu.edu.vn\/web\/lauf-et-lird-renouvellent-leur-cooperation-en-matiere-de-developpement-de-lenseignement-de-la-recherche-et-de-linnovation\/#article\",\"isPartOf\":{\"@id\":\"https:\/\/efip.ctu.edu.vn\/web\/lauf-et-lird-renouvellent-leur-cooperation-en-matiere-de-developpement-de-lenseignement-de-la-recherche-et-de-linnovation\/\"},\"author\":{\"name\":\"Emilie\",\"@id\":\"https:\/\/efip.ctu.edu.vn\/web\/#\/schema\/person\/53dc596cb2d0db2aa914c8a122a41e62\"},\"headline\":\"L&#8217;AUF et l&#8217;IRD renouvellent leur coop\u00e9ration en mati\u00e8re de d\u00e9veloppement de l&#8217;enseignement, de la recherche et de l&#8217;innovation.\",\"datePublished\":\"2019-11-26T01:37:41+00:00\",\"dateModified\":\"2020-07-03T12:47:07+00:00\",\"mainEntityOfPage\":{\"@id\":\"https:\/\/efip.ctu.edu.vn\/web\/lauf-et-lird-renouvellent-leur-cooperation-en-matiere-de-developpement-de-lenseignement-de-la-recherche-et-de-linnovation\/\"},\"wordCount\":195,\"commentCount\":0,\"publisher\":{\"@id\":\"https:\/\/efip.ctu.edu.vn\/web\/#organization\"},\"image\":{\"@id\":\"https:\/\/efip.ctu.edu.vn\/web\/lauf-et-lird-renouvellent-leur-cooperation-en-matiere-de-developpement-de-lenseignement-de-la-recherche-et-de-linnovation\/#primaryimage\"},\"thumbnailUrl\":\"https:\/\/efip.ctu.edu.vn\/web\/wp-content\/uploads\/2019\/11\/IRD.jpg\",\"articleSection\":[\"Actualit\u00e9s de la Francophonie\",\"Divers\"],\"inLanguage\":\"en-US\",\"potentialAction\":[{\"@type\":\"CommentAction\",\"name\":\"Comment\",\"target\":[\"https:\/\/efip.ctu.edu.vn\/web\/lauf-et-lird-renouvellent-leur-cooperation-en-matiere-de-developpement-de-lenseignement-de-la-recherche-et-de-linnovation\/#respond\"]}]},{\"@type\":\"WebPage\",\"@id\":\"https:\/\/efip.ctu.edu.vn\/web\/lauf-et-lird-renouvellent-leur-cooperation-en-matiere-de-developpement-de-lenseignement-de-la-recherche-et-de-linnovation\/\",\"url\":\"https:\/\/efip.ctu.edu.vn\/web\/lauf-et-lird-renouvellent-leur-cooperation-en-matiere-de-developpement-de-lenseignement-de-la-recherche-et-de-linnovation\/\",\"name\":\"L'AUF et l'IRD renouvellent leur coop\u00e9ration en mati\u00e8re de d\u00e9veloppement de l'enseignement, de la recherche et de l'innovation. - EFIP\",\"isPartOf\":{\"@id\":\"https:\/\/efip.ctu.edu.vn\/web\/#website\"},\"primaryImageOfPage\":{\"@id\":\"https:\/\/efip.ctu.edu.vn\/web\/lauf-et-lird-renouvellent-leur-cooperation-en-matiere-de-developpement-de-lenseignement-de-la-recherche-et-de-linnovation\/#primaryimage\"},\"image\":{\"@id\":\"https:\/\/efip.ctu.edu.vn\/web\/lauf-et-lird-renouvellent-leur-cooperation-en-matiere-de-developpement-de-lenseignement-de-la-recherche-et-de-linnovation\/#primaryimage\"},\"thumbnailUrl\":\"https:\/\/efip.ctu.edu.vn\/web\/wp-content\/uploads\/2019\/11\/IRD.jpg\",\"datePublished\":\"2019-11-26T01:37:41+00:00\",\"dateModified\":\"2020-07-03T12:47:07+00:00\",\"breadcrumb\":{\"@id\":\"https:\/\/efip.ctu.edu.vn\/web\/lauf-et-lird-renouvellent-leur-cooperation-en-matiere-de-developpement-de-lenseignement-de-la-recherche-et-de-linnovation\/#breadcrumb\"},\"inLanguage\":\"en-US\",\"potentialAction\":[{\"@type\":\"ReadAction\",\"target\":[\"https:\/\/efip.ctu.edu.vn\/web\/lauf-et-lird-renouvellent-leur-cooperation-en-matiere-de-developpement-de-lenseignement-de-la-recherche-et-de-linnovation\/\"]}]},{\"@type\":\"ImageObject\",\"inLanguage\":\"en-US\",\"@id\":\"https:\/\/efip.ctu.edu.vn\/web\/lauf-et-lird-renouvellent-leur-cooperation-en-matiere-de-developpement-de-lenseignement-de-la-recherche-et-de-linnovation\/#primaryimage\",\"url\":\"https:\/\/efip.ctu.edu.vn\/web\/wp-content\/uploads\/2019\/11\/IRD.jpg\",\"contentUrl\":\"https:\/\/efip.ctu.edu.vn\/web\/wp-content\/uploads\/2019\/11\/IRD.jpg\",\"width\":565,\"height\":382},{\"@type\":\"BreadcrumbList\",\"@id\":\"https:\/\/efip.ctu.edu.vn\/web\/lauf-et-lird-renouvellent-leur-cooperation-en-matiere-de-developpement-de-lenseignement-de-la-recherche-et-de-linnovation\/#breadcrumb\",\"itemListElement\":[{\"@type\":\"ListItem\",\"position\":1,\"name\":\"Accueil\",\"item\":\"https:\/\/efip.ctu.edu.vn\/web\/\"},{\"@type\":\"ListItem\",\"position\":2,\"name\":\"L&#8217;AUF et l&#8217;IRD renouvellent leur coop\u00e9ration en mati\u00e8re de d\u00e9veloppement de l&#8217;enseignement, de la recherche et de l&#8217;innovation.\"}]},{\"@type\":\"WebSite\",\"@id\":\"https:\/\/efip.ctu.edu.vn\/web\/#website\",\"url\":\"https:\/\/efip.ctu.edu.vn\/web\/\",\"name\":\"EFIP de Can Tho\",\"description\":\"Espace Francophone d&#039;Innovation et de Partenariat\",\"publisher\":{\"@id\":\"https:\/\/efip.ctu.edu.vn\/web\/#organization\"},\"potentialAction\":[{\"@type\":\"SearchAction\",\"target\":{\"@type\":\"EntryPoint\",\"urlTemplate\":\"https:\/\/efip.ctu.edu.vn\/web\/?s={search_term_string}\"},\"query-input\":{\"@type\":\"PropertyValueSpecification\",\"valueRequired\":true,\"valueName\":\"search_term_string\"}}],\"inLanguage\":\"en-US\"},{\"@type\":\"Organization\",\"@id\":\"https:\/\/efip.ctu.edu.vn\/web\/#organization\",\"name\":\"EFIP\",\"url\":\"https:\/\/efip.ctu.edu.vn\/web\/\",\"logo\":{\"@type\":\"ImageObject\",\"inLanguage\":\"en-US\",\"@id\":\"https:\/\/efip.ctu.edu.vn\/web\/#\/schema\/logo\/image\/\",\"url\":\"https:\/\/efip.ctu.edu.vn\/web\/wp-content\/uploads\/2025\/05\/efip2-150x89-1.jpg\",\"contentUrl\":\"https:\/\/efip.ctu.edu.vn\/web\/wp-content\/uploads\/2025\/05\/efip2-150x89-1.jpg\",\"width\":150,\"height\":89,\"caption\":\"EFIP\"},\"image\":{\"@id\":\"https:\/\/efip.ctu.edu.vn\/web\/#\/schema\/logo\/image\/\"},\"sameAs\":[\"https:\/\/www.facebook.com\/efipCanTho\"]},{\"@type\":\"Person\",\"@id\":\"https:\/\/efip.ctu.edu.vn\/web\/#\/schema\/person\/53dc596cb2d0db2aa914c8a122a41e62\",\"name\":\"Emilie\",\"image\":{\"@type\":\"ImageObject\",\"inLanguage\":\"en-US\",\"@id\":\"https:\/\/efip.ctu.edu.vn\/web\/#\/schema\/person\/image\/\",\"url\":\"https:\/\/secure.gravatar.com\/avatar\/6a0fb05561be2eb61d5a590bc8bec4352d8fc07271158e66cac145fdb0f3d5ad?s=96&d=mm&r=g\",\"contentUrl\":\"https:\/\/secure.gravatar.com\/avatar\/6a0fb05561be2eb61d5a590bc8bec4352d8fc07271158e66cac145fdb0f3d5ad?s=96&d=mm&r=g\",\"caption\":\"Emilie\"},\"url\":\"https:\/\/efip.ctu.edu.vn\/web\/author\/emilie\/\"}]}<\/script>\n<!-- \/ Yoast SEO plugin. -->","yoast_head_json":{"title":"L'AUF et l'IRD renouvellent leur coop\u00e9ration en mati\u00e8re de d\u00e9veloppement de l'enseignement, de la recherche et de l'innovation. - EFIP","robots":{"index":"index","follow":"follow","max-snippet":"max-snippet:-1","max-image-preview":"max-image-preview:large","max-video-preview":"max-video-preview:-1"},"canonical":"https:\/\/efip.ctu.edu.vn\/web\/lauf-et-lird-renouvellent-leur-cooperation-en-matiere-de-developpement-de-lenseignement-de-la-recherche-et-de-linnovation\/","og_locale":"en_US","og_type":"article","og_title":"L'AUF et l'IRD renouvellent leur coop\u00e9ration en mati\u00e8re de d\u00e9veloppement de l'enseignement, de la recherche et de l'innovation. - EFIP","og_description":"Le 15 novembre 2019, l&#8217;AUF et l&#8217;Institut de Recherche pour le D\u00e9veloppement (IED) ont sign\u00e9 un nouvel accord pour consolider &hellip; Continue reading L&#8217;AUF et l&#8217;IRD renouvellent leur coop\u00e9ration en mati\u00e8re de d\u00e9veloppement de l&#8217;enseignement, de la recherche et de l&#8217;innovation.","og_url":"https:\/\/efip.ctu.edu.vn\/web\/lauf-et-lird-renouvellent-leur-cooperation-en-matiere-de-developpement-de-lenseignement-de-la-recherche-et-de-linnovation\/","og_site_name":"EFIP","article_publisher":"https:\/\/www.facebook.com\/efipCanTho","article_published_time":"2019-11-26T01:37:41+00:00","article_modified_time":"2020-07-03T12:47:07+00:00","og_image":[{"width":565,"height":382,"url":"https:\/\/efip.ctu.edu.vn\/web\/wp-content\/uploads\/2019\/11\/IRD.jpg","type":"image\/jpeg"}],"author":"Emilie","twitter_card":"summary_large_image","twitter_misc":{"Written by":"Emilie","Est. reading time":"1 minute"},"schema":{"@context":"https:\/\/schema.org","@graph":[{"@type":"Article","@id":"https:\/\/efip.ctu.edu.vn\/web\/lauf-et-lird-renouvellent-leur-cooperation-en-matiere-de-developpement-de-lenseignement-de-la-recherche-et-de-linnovation\/#article","isPartOf":{"@id":"https:\/\/efip.ctu.edu.vn\/web\/lauf-et-lird-renouvellent-leur-cooperation-en-matiere-de-developpement-de-lenseignement-de-la-recherche-et-de-linnovation\/"},"author":{"name":"Emilie","@id":"https:\/\/efip.ctu.edu.vn\/web\/#\/schema\/person\/53dc596cb2d0db2aa914c8a122a41e62"},"headline":"L&#8217;AUF et l&#8217;IRD renouvellent leur coop\u00e9ration en mati\u00e8re de d\u00e9veloppement de l&#8217;enseignement, de la recherche et de l&#8217;innovation.","datePublished":"2019-11-26T01:37:41+00:00","dateModified":"2020-07-03T12:47:07+00:00","mainEntityOfPage":{"@id":"https:\/\/efip.ctu.edu.vn\/web\/lauf-et-lird-renouvellent-leur-cooperation-en-matiere-de-developpement-de-lenseignement-de-la-recherche-et-de-linnovation\/"},"wordCount":195,"commentCount":0,"publisher":{"@id":"https:\/\/efip.ctu.edu.vn\/web\/#organization"},"image":{"@id":"https:\/\/efip.ctu.edu.vn\/web\/lauf-et-lird-renouvellent-leur-cooperation-en-matiere-de-developpement-de-lenseignement-de-la-recherche-et-de-linnovation\/#primaryimage"},"thumbnailUrl":"https:\/\/efip.ctu.edu.vn\/web\/wp-content\/uploads\/2019\/11\/IRD.jpg","articleSection":["Actualit\u00e9s de la Francophonie","Divers"],"inLanguage":"en-US","potentialAction":[{"@type":"CommentAction","name":"Comment","target":["https:\/\/efip.ctu.edu.vn\/web\/lauf-et-lird-renouvellent-leur-cooperation-en-matiere-de-developpement-de-lenseignement-de-la-recherche-et-de-linnovation\/#respond"]}]},{"@type":"WebPage","@id":"https:\/\/efip.ctu.edu.vn\/web\/lauf-et-lird-renouvellent-leur-cooperation-en-matiere-de-developpement-de-lenseignement-de-la-recherche-et-de-linnovation\/","url":"https:\/\/efip.ctu.edu.vn\/web\/lauf-et-lird-renouvellent-leur-cooperation-en-matiere-de-developpement-de-lenseignement-de-la-recherche-et-de-linnovation\/","name":"L'AUF et l'IRD renouvellent leur coop\u00e9ration en mati\u00e8re de d\u00e9veloppement de l'enseignement, de la recherche et de l'innovation. - EFIP","isPartOf":{"@id":"https:\/\/efip.ctu.edu.vn\/web\/#website"},"primaryImageOfPage":{"@id":"https:\/\/efip.ctu.edu.vn\/web\/lauf-et-lird-renouvellent-leur-cooperation-en-matiere-de-developpement-de-lenseignement-de-la-recherche-et-de-linnovation\/#primaryimage"},"image":{"@id":"https:\/\/efip.ctu.edu.vn\/web\/lauf-et-lird-renouvellent-leur-cooperation-en-matiere-de-developpement-de-lenseignement-de-la-recherche-et-de-linnovation\/#primaryimage"},"thumbnailUrl":"https:\/\/efip.ctu.edu.vn\/web\/wp-content\/uploads\/2019\/11\/IRD.jpg","datePublished":"2019-11-26T01:37:41+00:00","dateModified":"2020-07-03T12:47:07+00:00","breadcrumb":{"@id":"https:\/\/efip.ctu.edu.vn\/web\/lauf-et-lird-renouvellent-leur-cooperation-en-matiere-de-developpement-de-lenseignement-de-la-recherche-et-de-linnovation\/#breadcrumb"},"inLanguage":"en-US","potentialAction":[{"@type":"ReadAction","target":["https:\/\/efip.ctu.edu.vn\/web\/lauf-et-lird-renouvellent-leur-cooperation-en-matiere-de-developpement-de-lenseignement-de-la-recherche-et-de-linnovation\/"]}]},{"@type":"ImageObject","inLanguage":"en-US","@id":"https:\/\/efip.ctu.edu.vn\/web\/lauf-et-lird-renouvellent-leur-cooperation-en-matiere-de-developpement-de-lenseignement-de-la-recherche-et-de-linnovation\/#primaryimage","url":"https:\/\/efip.ctu.edu.vn\/web\/wp-content\/uploads\/2019\/11\/IRD.jpg","contentUrl":"https:\/\/efip.ctu.edu.vn\/web\/wp-content\/uploads\/2019\/11\/IRD.jpg","width":565,"height":382},{"@type":"BreadcrumbList","@id":"https:\/\/efip.ctu.edu.vn\/web\/lauf-et-lird-renouvellent-leur-cooperation-en-matiere-de-developpement-de-lenseignement-de-la-recherche-et-de-linnovation\/#breadcrumb","itemListElement":[{"@type":"ListItem","position":1,"name":"Accueil","item":"https:\/\/efip.ctu.edu.vn\/web\/"},{"@type":"ListItem","position":2,"name":"L&#8217;AUF et l&#8217;IRD renouvellent leur coop\u00e9ration en mati\u00e8re de d\u00e9veloppement de l&#8217;enseignement, de la recherche et de l&#8217;innovation."}]},{"@type":"WebSite","@id":"https:\/\/efip.ctu.edu.vn\/web\/#website","url":"https:\/\/efip.ctu.edu.vn\/web\/","name":"EFIP de Can Tho","description":"Espace Francophone d&#039;Innovation et de Partenariat","publisher":{"@id":"https:\/\/efip.ctu.edu.vn\/web\/#organization"},"potentialAction":[{"@type":"SearchAction","target":{"@type":"EntryPoint","urlTemplate":"https:\/\/efip.ctu.edu.vn\/web\/?s={search_term_string}"},"query-input":{"@type":"PropertyValueSpecification","valueRequired":true,"valueName":"search_term_string"}}],"inLanguage":"en-US"},{"@type":"Organization","@id":"https:\/\/efip.ctu.edu.vn\/web\/#organization","name":"EFIP","url":"https:\/\/efip.ctu.edu.vn\/web\/","logo":{"@type":"ImageObject","inLanguage":"en-US","@id":"https:\/\/efip.ctu.edu.vn\/web\/#\/schema\/logo\/image\/","url":"https:\/\/efip.ctu.edu.vn\/web\/wp-content\/uploads\/2025\/05\/efip2-150x89-1.jpg","contentUrl":"https:\/\/efip.ctu.edu.vn\/web\/wp-content\/uploads\/2025\/05\/efip2-150x89-1.jpg","width":150,"height":89,"caption":"EFIP"},"image":{"@id":"https:\/\/efip.ctu.edu.vn\/web\/#\/schema\/logo\/image\/"},"sameAs":["https:\/\/www.facebook.com\/efipCanTho"]},{"@type":"Person","@id":"https:\/\/efip.ctu.edu.vn\/web\/#\/schema\/person\/53dc596cb2d0db2aa914c8a122a41e62","name":"Emilie","image":{"@type":"ImageObject","inLanguage":"en-US","@id":"https:\/\/efip.ctu.edu.vn\/web\/#\/schema\/person\/image\/","url":"https:\/\/secure.gravatar.com\/avatar\/6a0fb05561be2eb61d5a590bc8bec4352d8fc07271158e66cac145fdb0f3d5ad?s=96&d=mm&r=g","contentUrl":"https:\/\/secure.gravatar.com\/avatar\/6a0fb05561be2eb61d5a590bc8bec4352d8fc07271158e66cac145fdb0f3d5ad?s=96&d=mm&r=g","caption":"Emilie"},"url":"https:\/\/efip.ctu.edu.vn\/web\/author\/emilie\/"}]}},"_links":{"self":[{"href":"https:\/\/efip.ctu.edu.vn\/web\/wp-json\/wp\/v2\/posts\/830","targetHints":{"allow":["GET"]}}],"collection":[{"href":"https:\/\/efip.ctu.edu.vn\/web\/wp-json\/wp\/v2\/posts"}],"about":[{"href":"https:\/\/efip.ctu.edu.vn\/web\/wp-json\/wp\/v2\/types\/post"}],"author":[{"embeddable":true,"href":"https:\/\/efip.ctu.edu.vn\/web\/wp-json\/wp\/v2\/users\/3"}],"replies":[{"embeddable":true,"href":"https:\/\/efip.ctu.edu.vn\/web\/wp-json\/wp\/v2\/comments?post=830"}],"version-history":[{"count":3,"href":"https:\/\/efip.ctu.edu.vn\/web\/wp-json\/wp\/v2\/posts\/830\/revisions"}],"predecessor-version":[{"id":834,"href":"https:\/\/efip.ctu.edu.vn\/web\/wp-json\/wp\/v2\/posts\/830\/revisions\/834"}],"wp:featuredmedia":[{"embeddable":true,"href":"https:\/\/efip.ctu.edu.vn\/web\/wp-json\/wp\/v2\/media\/831"}],"wp:attachment":[{"href":"https:\/\/efip.ctu.edu.vn\/web\/wp-json\/wp\/v2\/media?parent=830"}],"wp:term":[{"taxonomy":"category","embeddable":true,"href":"https:\/\/efip.ctu.edu.vn\/web\/wp-json\/wp\/v2\/categories?post=830"},{"taxonomy":"post_tag","embeddable":true,"href":"https:\/\/efip.ctu.edu.vn\/web\/wp-json\/wp\/v2\/tags?post=830"}],"curies":[{"name":"wp","href":"https:\/\/api.w.org\/{rel}","templated":true}]}}