{"id":767,"date":"2019-09-09T10:47:24","date_gmt":"2019-09-09T03:47:24","guid":{"rendered":"https:\/\/efip.ctu.edu.vn\/web\/?p=767"},"modified":"2020-07-03T19:46:22","modified_gmt":"2020-07-03T12:46:22","slug":"inscriptions-aux-delf-junior-et-prim","status":"publish","type":"post","link":"https:\/\/efip.ctu.edu.vn\/web\/inscriptions-aux-delf-junior-et-prim\/","title":{"rendered":"Inscriptions aux DELF JUNIOR et PRIM"},"content":{"rendered":"\n<figure class=\"wp-block-image\"><img fetchpriority=\"high\" decoding=\"async\" width=\"715\" height=\"1024\" src=\"https:\/\/efip.ctu.edu.vn\/web\/wp-content\/uploads\/2019\/09\/DELF_Junior-1-715x1024.jpg\" alt=\"\" class=\"wp-image-769\" srcset=\"https:\/\/efip.ctu.edu.vn\/web\/wp-content\/uploads\/2019\/09\/DELF_Junior-1-715x1024.jpg 715w, https:\/\/efip.ctu.edu.vn\/web\/wp-content\/uploads\/2019\/09\/DELF_Junior-1-209x300.jpg 209w, https:\/\/efip.ctu.edu.vn\/web\/wp-content\/uploads\/2019\/09\/DELF_Junior-1-768x1100.jpg 768w, https:\/\/efip.ctu.edu.vn\/web\/wp-content\/uploads\/2019\/09\/DELF_Junior-1-77x110.jpg 77w, https:\/\/efip.ctu.edu.vn\/web\/wp-content\/uploads\/2019\/09\/DELF_Junior-1-293x420.jpg 293w, https:\/\/efip.ctu.edu.vn\/web\/wp-content\/uploads\/2019\/09\/DELF_Junior-1-300x430.jpg 300w\" sizes=\"(max-width: 715px) 100vw, 715px\" \/><\/figure>\n\n\n\n<p>Les inscriptions sont ouvertes pour les DELF JUNIOR (session d&#8217;octobre) et PRIM (session de d\u00e9cembre) jusqu&#8217;au 20 septembre 2019. Vous pouvez vous inscrire \u00e0 l&#8217;EFIP.<\/p>\n\n\n\n<p>Pour le DELF JUNIOR, les dates d&#8217;examen sont les suivants:<\/p>\n\n\n\n<ul class=\"wp-block-list\"><li>A1 Junior : samedi 12 octobre;<\/li><li>A2 Junior : dimanche 13 octobre;<\/li><li>B1 Junior : samedi 12 octobre;<\/li><li>B2 Junior : dimanche 13 octobre.<\/li><\/ul>\n\n\n\n<p>   <\/p>\n\n\n\n<p><\/p>\n\n\n\n<p>Pour le DELF PRIM, les dates d&#8217;examen sont les suivants:<\/p>\n\n\n\n<ul class=\"wp-block-list\"><li>A1 Prim : dimanche 08 d\u00e9cembre;<\/li><li>A1.1 Prim : samedi 07 d\u00e9cembre;<\/li><li>A2 Prim : samedi 07 d\u00e9cembre.<\/li><\/ul>\n\n\n\n<p>   <\/p>\n\n\n\n<p><\/p>\n\n\n\n<p>Attention pour les inscriptions (accueil en vietnamien) aux DELF JUNIOR et PRIM, les horaires sont les suivants:<br>&#8211; Mardi : de 7h45 \u00e0 9h40 et de 14h \u00e0 17h,<br>&#8211; Mercredi: de 7h45 \u00e0 8h40 et de 14h \u00e0 17h,<br>&#8211; Jeudi: de 15h20 \u00e0 17h,<br>&#8211; Vendredi: de 7h45 \u00e0 9h40 et de 14h \u00e0 17h.<br><\/p>\n\n\n\n<p>Le reste du temps l&#8217;accueil se fera en FRAN\u00c7AIS uniquement. Notez qu&#8217;en ce moment, l&#8217;EFIP est FERM\u00c9 le lundi apr\u00e8s-midi.<br>Merci de votre compr\u00e9hension.<\/p>\n\n\n\n<p><em>Pour plus d\u2019informations, vous pouvez contacter M. Thai :<\/em><\/p>\n\n\n\n<ul class=\"wp-block-list\"><li><em>par courriel :&nbsp;<\/em><a href=\"mailto:nhthai@ctu.edu.vn\">nhthai@ctu.edu.vn&nbsp;<\/a>ou&nbsp;<a href=\"mailto:delf.cantho@gmail.com\">delf.cantho@gmail.com<\/a>&nbsp;;<\/li><li><em>par t\u00e9l\u00e9phone ou Zalo : 09 07 61 11 82 ;<\/em><\/li><li><em>via Facebook :&nbsp;<a href=\"https:\/\/www.facebook.com\/CentreDelfCantho\/\">https:\/\/www.facebook.com\/CentreDelfCantho\/<\/a>&nbsp;.<\/em><\/li><\/ul>\n","protected":false},"excerpt":{"rendered":"<p>Les inscriptions sont ouvertes pour les DELF JUNIOR (session d&#8217;octobre) et PRIM (session de d\u00e9cembre) jusqu&#8217;au 20 septembre 2019. Vous &hellip; <br \/><a href=\"https:\/\/efip.ctu.edu.vn\/web\/inscriptions-aux-delf-junior-et-prim\/\" class=\"more-link\">Continue reading <span class=\"screen-reader-text\">Inscriptions aux DELF JUNIOR et PRIM<\/span><\/a><\/p>\n","protected":false},"author":3,"featured_media":770,"comment_status":"open","ping_status":"open","sticky":false,"template":"","format":"standard","meta":{"footnotes":""},"categories":[9,8,57],"tags":[],"class_list":["post-767","post","type-post","status-publish","format-standard","has-post-thumbnail","hentry","category-actualites-de-l-efip","category-actualites-de-la-francophonie","category-divers"],"yoast_head":"<!-- This site is optimized with the Yoast SEO plugin v25.0 - https:\/\/yoast.com\/wordpress\/plugins\/seo\/ -->\n<title>Inscriptions aux DELF JUNIOR et PRIM - EFIP<\/title>\n<meta name=\"robots\" content=\"index, follow, max-snippet:-1, max-image-preview:large, max-video-preview:-1\" \/>\n<link rel=\"canonical\" href=\"https:\/\/efip.ctu.edu.vn\/web\/inscriptions-aux-delf-junior-et-prim\/\" \/>\n<meta property=\"og:locale\" content=\"en_US\" \/>\n<meta property=\"og:type\" content=\"article\" \/>\n<meta property=\"og:title\" content=\"Inscriptions aux DELF JUNIOR et PRIM - EFIP\" \/>\n<meta property=\"og:description\" content=\"Les inscriptions sont ouvertes pour les DELF JUNIOR (session d&#8217;octobre) et PRIM (session de d\u00e9cembre) jusqu&#8217;au 20 septembre 2019. Vous &hellip; Continue reading Inscriptions aux DELF JUNIOR et PRIM\" \/>\n<meta property=\"og:url\" content=\"https:\/\/efip.ctu.edu.vn\/web\/inscriptions-aux-delf-junior-et-prim\/\" \/>\n<meta property=\"og:site_name\" content=\"EFIP\" \/>\n<meta property=\"article:publisher\" content=\"https:\/\/www.facebook.com\/efipCanTho\" \/>\n<meta property=\"article:published_time\" content=\"2019-09-09T03:47:24+00:00\" \/>\n<meta property=\"article:modified_time\" content=\"2020-07-03T12:46:22+00:00\" \/>\n<meta property=\"og:image\" content=\"https:\/\/efip.ctu.edu.vn\/web\/wp-content\/uploads\/2019\/09\/DELF_Prim-712x1024.jpg\" \/>\n\t<meta property=\"og:image:width\" content=\"712\" \/>\n\t<meta property=\"og:image:height\" content=\"1024\" \/>\n\t<meta property=\"og:image:type\" content=\"image\/jpeg\" \/>\n<meta name=\"author\" content=\"Emilie\" \/>\n<meta name=\"twitter:card\" content=\"summary_large_image\" \/>\n<meta name=\"twitter:label1\" content=\"Written by\" \/>\n\t<meta name=\"twitter:data1\" content=\"Emilie\" \/>\n\t<meta name=\"twitter:label2\" content=\"Est. reading time\" \/>\n\t<meta name=\"twitter:data2\" content=\"1 minute\" \/>\n<script type=\"application\/ld+json\" class=\"yoast-schema-graph\">{\"@context\":\"https:\/\/schema.org\",\"@graph\":[{\"@type\":\"Article\",\"@id\":\"https:\/\/efip.ctu.edu.vn\/web\/inscriptions-aux-delf-junior-et-prim\/#article\",\"isPartOf\":{\"@id\":\"https:\/\/efip.ctu.edu.vn\/web\/inscriptions-aux-delf-junior-et-prim\/\"},\"author\":{\"name\":\"Emilie\",\"@id\":\"https:\/\/efip.ctu.edu.vn\/web\/#\/schema\/person\/53dc596cb2d0db2aa914c8a122a41e62\"},\"headline\":\"Inscriptions aux DELF JUNIOR et PRIM\",\"datePublished\":\"2019-09-09T03:47:24+00:00\",\"dateModified\":\"2020-07-03T12:46:22+00:00\",\"mainEntityOfPage\":{\"@id\":\"https:\/\/efip.ctu.edu.vn\/web\/inscriptions-aux-delf-junior-et-prim\/\"},\"wordCount\":195,\"commentCount\":0,\"publisher\":{\"@id\":\"https:\/\/efip.ctu.edu.vn\/web\/#organization\"},\"image\":{\"@id\":\"https:\/\/efip.ctu.edu.vn\/web\/inscriptions-aux-delf-junior-et-prim\/#primaryimage\"},\"thumbnailUrl\":\"https:\/\/efip.ctu.edu.vn\/web\/wp-content\/uploads\/2019\/09\/DELF_Prim.jpg\",\"articleSection\":[\"Actualit\u00e9s de l'EFIP\",\"Actualit\u00e9s de la Francophonie\",\"Divers\"],\"inLanguage\":\"en-US\",\"potentialAction\":[{\"@type\":\"CommentAction\",\"name\":\"Comment\",\"target\":[\"https:\/\/efip.ctu.edu.vn\/web\/inscriptions-aux-delf-junior-et-prim\/#respond\"]}]},{\"@type\":\"WebPage\",\"@id\":\"https:\/\/efip.ctu.edu.vn\/web\/inscriptions-aux-delf-junior-et-prim\/\",\"url\":\"https:\/\/efip.ctu.edu.vn\/web\/inscriptions-aux-delf-junior-et-prim\/\",\"name\":\"Inscriptions aux DELF JUNIOR et PRIM - EFIP\",\"isPartOf\":{\"@id\":\"https:\/\/efip.ctu.edu.vn\/web\/#website\"},\"primaryImageOfPage\":{\"@id\":\"https:\/\/efip.ctu.edu.vn\/web\/inscriptions-aux-delf-junior-et-prim\/#primaryimage\"},\"image\":{\"@id\":\"https:\/\/efip.ctu.edu.vn\/web\/inscriptions-aux-delf-junior-et-prim\/#primaryimage\"},\"thumbnailUrl\":\"https:\/\/efip.ctu.edu.vn\/web\/wp-content\/uploads\/2019\/09\/DELF_Prim.jpg\",\"datePublished\":\"2019-09-09T03:47:24+00:00\",\"dateModified\":\"2020-07-03T12:46:22+00:00\",\"breadcrumb\":{\"@id\":\"https:\/\/efip.ctu.edu.vn\/web\/inscriptions-aux-delf-junior-et-prim\/#breadcrumb\"},\"inLanguage\":\"en-US\",\"potentialAction\":[{\"@type\":\"ReadAction\",\"target\":[\"https:\/\/efip.ctu.edu.vn\/web\/inscriptions-aux-delf-junior-et-prim\/\"]}]},{\"@type\":\"ImageObject\",\"inLanguage\":\"en-US\",\"@id\":\"https:\/\/efip.ctu.edu.vn\/web\/inscriptions-aux-delf-junior-et-prim\/#primaryimage\",\"url\":\"https:\/\/efip.ctu.edu.vn\/web\/wp-content\/uploads\/2019\/09\/DELF_Prim.jpg\",\"contentUrl\":\"https:\/\/efip.ctu.edu.vn\/web\/wp-content\/uploads\/2019\/09\/DELF_Prim.jpg\",\"width\":2703,\"height\":3890},{\"@type\":\"BreadcrumbList\",\"@id\":\"https:\/\/efip.ctu.edu.vn\/web\/inscriptions-aux-delf-junior-et-prim\/#breadcrumb\",\"itemListElement\":[{\"@type\":\"ListItem\",\"position\":1,\"name\":\"Accueil\",\"item\":\"https:\/\/efip.ctu.edu.vn\/web\/\"},{\"@type\":\"ListItem\",\"position\":2,\"name\":\"Inscriptions aux DELF JUNIOR et PRIM\"}]},{\"@type\":\"WebSite\",\"@id\":\"https:\/\/efip.ctu.edu.vn\/web\/#website\",\"url\":\"https:\/\/efip.ctu.edu.vn\/web\/\",\"name\":\"EFIP de Can Tho\",\"description\":\"Espace Francophone d&#039;Innovation et de Partenariat\",\"publisher\":{\"@id\":\"https:\/\/efip.ctu.edu.vn\/web\/#organization\"},\"potentialAction\":[{\"@type\":\"SearchAction\",\"target\":{\"@type\":\"EntryPoint\",\"urlTemplate\":\"https:\/\/efip.ctu.edu.vn\/web\/?s={search_term_string}\"},\"query-input\":{\"@type\":\"PropertyValueSpecification\",\"valueRequired\":true,\"valueName\":\"search_term_string\"}}],\"inLanguage\":\"en-US\"},{\"@type\":\"Organization\",\"@id\":\"https:\/\/efip.ctu.edu.vn\/web\/#organization\",\"name\":\"EFIP\",\"url\":\"https:\/\/efip.ctu.edu.vn\/web\/\",\"logo\":{\"@type\":\"ImageObject\",\"inLanguage\":\"en-US\",\"@id\":\"https:\/\/efip.ctu.edu.vn\/web\/#\/schema\/logo\/image\/\",\"url\":\"https:\/\/efip.ctu.edu.vn\/web\/wp-content\/uploads\/2025\/05\/efip2-150x89-1.jpg\",\"contentUrl\":\"https:\/\/efip.ctu.edu.vn\/web\/wp-content\/uploads\/2025\/05\/efip2-150x89-1.jpg\",\"width\":150,\"height\":89,\"caption\":\"EFIP\"},\"image\":{\"@id\":\"https:\/\/efip.ctu.edu.vn\/web\/#\/schema\/logo\/image\/\"},\"sameAs\":[\"https:\/\/www.facebook.com\/efipCanTho\"]},{\"@type\":\"Person\",\"@id\":\"https:\/\/efip.ctu.edu.vn\/web\/#\/schema\/person\/53dc596cb2d0db2aa914c8a122a41e62\",\"name\":\"Emilie\",\"image\":{\"@type\":\"ImageObject\",\"inLanguage\":\"en-US\",\"@id\":\"https:\/\/efip.ctu.edu.vn\/web\/#\/schema\/person\/image\/\",\"url\":\"https:\/\/secure.gravatar.com\/avatar\/6a0fb05561be2eb61d5a590bc8bec4352d8fc07271158e66cac145fdb0f3d5ad?s=96&d=mm&r=g\",\"contentUrl\":\"https:\/\/secure.gravatar.com\/avatar\/6a0fb05561be2eb61d5a590bc8bec4352d8fc07271158e66cac145fdb0f3d5ad?s=96&d=mm&r=g\",\"caption\":\"Emilie\"},\"url\":\"https:\/\/efip.ctu.edu.vn\/web\/author\/emilie\/\"}]}<\/script>\n<!-- \/ Yoast SEO plugin. -->","yoast_head_json":{"title":"Inscriptions aux DELF JUNIOR et PRIM - EFIP","robots":{"index":"index","follow":"follow","max-snippet":"max-snippet:-1","max-image-preview":"max-image-preview:large","max-video-preview":"max-video-preview:-1"},"canonical":"https:\/\/efip.ctu.edu.vn\/web\/inscriptions-aux-delf-junior-et-prim\/","og_locale":"en_US","og_type":"article","og_title":"Inscriptions aux DELF JUNIOR et PRIM - EFIP","og_description":"Les inscriptions sont ouvertes pour les DELF JUNIOR (session d&#8217;octobre) et PRIM (session de d\u00e9cembre) jusqu&#8217;au 20 septembre 2019. Vous &hellip; Continue reading Inscriptions aux DELF JUNIOR et PRIM","og_url":"https:\/\/efip.ctu.edu.vn\/web\/inscriptions-aux-delf-junior-et-prim\/","og_site_name":"EFIP","article_publisher":"https:\/\/www.facebook.com\/efipCanTho","article_published_time":"2019-09-09T03:47:24+00:00","article_modified_time":"2020-07-03T12:46:22+00:00","og_image":[{"width":712,"height":1024,"url":"https:\/\/efip.ctu.edu.vn\/web\/wp-content\/uploads\/2019\/09\/DELF_Prim-712x1024.jpg","type":"image\/jpeg"}],"author":"Emilie","twitter_card":"summary_large_image","twitter_misc":{"Written by":"Emilie","Est. reading time":"1 minute"},"schema":{"@context":"https:\/\/schema.org","@graph":[{"@type":"Article","@id":"https:\/\/efip.ctu.edu.vn\/web\/inscriptions-aux-delf-junior-et-prim\/#article","isPartOf":{"@id":"https:\/\/efip.ctu.edu.vn\/web\/inscriptions-aux-delf-junior-et-prim\/"},"author":{"name":"Emilie","@id":"https:\/\/efip.ctu.edu.vn\/web\/#\/schema\/person\/53dc596cb2d0db2aa914c8a122a41e62"},"headline":"Inscriptions aux DELF JUNIOR et PRIM","datePublished":"2019-09-09T03:47:24+00:00","dateModified":"2020-07-03T12:46:22+00:00","mainEntityOfPage":{"@id":"https:\/\/efip.ctu.edu.vn\/web\/inscriptions-aux-delf-junior-et-prim\/"},"wordCount":195,"commentCount":0,"publisher":{"@id":"https:\/\/efip.ctu.edu.vn\/web\/#organization"},"image":{"@id":"https:\/\/efip.ctu.edu.vn\/web\/inscriptions-aux-delf-junior-et-prim\/#primaryimage"},"thumbnailUrl":"https:\/\/efip.ctu.edu.vn\/web\/wp-content\/uploads\/2019\/09\/DELF_Prim.jpg","articleSection":["Actualit\u00e9s de l'EFIP","Actualit\u00e9s de la Francophonie","Divers"],"inLanguage":"en-US","potentialAction":[{"@type":"CommentAction","name":"Comment","target":["https:\/\/efip.ctu.edu.vn\/web\/inscriptions-aux-delf-junior-et-prim\/#respond"]}]},{"@type":"WebPage","@id":"https:\/\/efip.ctu.edu.vn\/web\/inscriptions-aux-delf-junior-et-prim\/","url":"https:\/\/efip.ctu.edu.vn\/web\/inscriptions-aux-delf-junior-et-prim\/","name":"Inscriptions aux DELF JUNIOR et PRIM - EFIP","isPartOf":{"@id":"https:\/\/efip.ctu.edu.vn\/web\/#website"},"primaryImageOfPage":{"@id":"https:\/\/efip.ctu.edu.vn\/web\/inscriptions-aux-delf-junior-et-prim\/#primaryimage"},"image":{"@id":"https:\/\/efip.ctu.edu.vn\/web\/inscriptions-aux-delf-junior-et-prim\/#primaryimage"},"thumbnailUrl":"https:\/\/efip.ctu.edu.vn\/web\/wp-content\/uploads\/2019\/09\/DELF_Prim.jpg","datePublished":"2019-09-09T03:47:24+00:00","dateModified":"2020-07-03T12:46:22+00:00","breadcrumb":{"@id":"https:\/\/efip.ctu.edu.vn\/web\/inscriptions-aux-delf-junior-et-prim\/#breadcrumb"},"inLanguage":"en-US","potentialAction":[{"@type":"ReadAction","target":["https:\/\/efip.ctu.edu.vn\/web\/inscriptions-aux-delf-junior-et-prim\/"]}]},{"@type":"ImageObject","inLanguage":"en-US","@id":"https:\/\/efip.ctu.edu.vn\/web\/inscriptions-aux-delf-junior-et-prim\/#primaryimage","url":"https:\/\/efip.ctu.edu.vn\/web\/wp-content\/uploads\/2019\/09\/DELF_Prim.jpg","contentUrl":"https:\/\/efip.ctu.edu.vn\/web\/wp-content\/uploads\/2019\/09\/DELF_Prim.jpg","width":2703,"height":3890},{"@type":"BreadcrumbList","@id":"https:\/\/efip.ctu.edu.vn\/web\/inscriptions-aux-delf-junior-et-prim\/#breadcrumb","itemListElement":[{"@type":"ListItem","position":1,"name":"Accueil","item":"https:\/\/efip.ctu.edu.vn\/web\/"},{"@type":"ListItem","position":2,"name":"Inscriptions aux DELF JUNIOR et PRIM"}]},{"@type":"WebSite","@id":"https:\/\/efip.ctu.edu.vn\/web\/#website","url":"https:\/\/efip.ctu.edu.vn\/web\/","name":"EFIP de Can Tho","description":"Espace Francophone d&#039;Innovation et de Partenariat","publisher":{"@id":"https:\/\/efip.ctu.edu.vn\/web\/#organization"},"potentialAction":[{"@type":"SearchAction","target":{"@type":"EntryPoint","urlTemplate":"https:\/\/efip.ctu.edu.vn\/web\/?s={search_term_string}"},"query-input":{"@type":"PropertyValueSpecification","valueRequired":true,"valueName":"search_term_string"}}],"inLanguage":"en-US"},{"@type":"Organization","@id":"https:\/\/efip.ctu.edu.vn\/web\/#organization","name":"EFIP","url":"https:\/\/efip.ctu.edu.vn\/web\/","logo":{"@type":"ImageObject","inLanguage":"en-US","@id":"https:\/\/efip.ctu.edu.vn\/web\/#\/schema\/logo\/image\/","url":"https:\/\/efip.ctu.edu.vn\/web\/wp-content\/uploads\/2025\/05\/efip2-150x89-1.jpg","contentUrl":"https:\/\/efip.ctu.edu.vn\/web\/wp-content\/uploads\/2025\/05\/efip2-150x89-1.jpg","width":150,"height":89,"caption":"EFIP"},"image":{"@id":"https:\/\/efip.ctu.edu.vn\/web\/#\/schema\/logo\/image\/"},"sameAs":["https:\/\/www.facebook.com\/efipCanTho"]},{"@type":"Person","@id":"https:\/\/efip.ctu.edu.vn\/web\/#\/schema\/person\/53dc596cb2d0db2aa914c8a122a41e62","name":"Emilie","image":{"@type":"ImageObject","inLanguage":"en-US","@id":"https:\/\/efip.ctu.edu.vn\/web\/#\/schema\/person\/image\/","url":"https:\/\/secure.gravatar.com\/avatar\/6a0fb05561be2eb61d5a590bc8bec4352d8fc07271158e66cac145fdb0f3d5ad?s=96&d=mm&r=g","contentUrl":"https:\/\/secure.gravatar.com\/avatar\/6a0fb05561be2eb61d5a590bc8bec4352d8fc07271158e66cac145fdb0f3d5ad?s=96&d=mm&r=g","caption":"Emilie"},"url":"https:\/\/efip.ctu.edu.vn\/web\/author\/emilie\/"}]}},"_links":{"self":[{"href":"https:\/\/efip.ctu.edu.vn\/web\/wp-json\/wp\/v2\/posts\/767","targetHints":{"allow":["GET"]}}],"collection":[{"href":"https:\/\/efip.ctu.edu.vn\/web\/wp-json\/wp\/v2\/posts"}],"about":[{"href":"https:\/\/efip.ctu.edu.vn\/web\/wp-json\/wp\/v2\/types\/post"}],"author":[{"embeddable":true,"href":"https:\/\/efip.ctu.edu.vn\/web\/wp-json\/wp\/v2\/users\/3"}],"replies":[{"embeddable":true,"href":"https:\/\/efip.ctu.edu.vn\/web\/wp-json\/wp\/v2\/comments?post=767"}],"version-history":[{"count":6,"href":"https:\/\/efip.ctu.edu.vn\/web\/wp-json\/wp\/v2\/posts\/767\/revisions"}],"predecessor-version":[{"id":777,"href":"https:\/\/efip.ctu.edu.vn\/web\/wp-json\/wp\/v2\/posts\/767\/revisions\/777"}],"wp:featuredmedia":[{"embeddable":true,"href":"https:\/\/efip.ctu.edu.vn\/web\/wp-json\/wp\/v2\/media\/770"}],"wp:attachment":[{"href":"https:\/\/efip.ctu.edu.vn\/web\/wp-json\/wp\/v2\/media?parent=767"}],"wp:term":[{"taxonomy":"category","embeddable":true,"href":"https:\/\/efip.ctu.edu.vn\/web\/wp-json\/wp\/v2\/categories?post=767"},{"taxonomy":"post_tag","embeddable":true,"href":"https:\/\/efip.ctu.edu.vn\/web\/wp-json\/wp\/v2\/tags?post=767"}],"curies":[{"name":"wp","href":"https:\/\/api.w.org\/{rel}","templated":true}]}}