{"id":709,"date":"2019-08-12T11:13:57","date_gmt":"2019-08-12T04:13:57","guid":{"rendered":"https:\/\/efip.ctu.edu.vn\/web\/?p=709"},"modified":"2020-07-03T19:45:30","modified_gmt":"2020-07-03T12:45:30","slug":"le-jour-du-prof-de-francais","status":"publish","type":"post","link":"https:\/\/efip.ctu.edu.vn\/web\/le-jour-du-prof-de-francais\/","title":{"rendered":"Le jour du prof de fran\u00e7ais"},"content":{"rendered":"<p><a href=\"https:\/\/efip.ctu.edu.vn\/web\/wp-content\/uploads\/2019\/08\/JourProf.jpg\"><img decoding=\"async\" class=\"size-medium wp-image-710 aligncenter\" src=\"https:\/\/efip.ctu.edu.vn\/web\/wp-content\/uploads\/2019\/08\/JourProf-300x145.jpg\" alt=\"\" width=\"300\" height=\"145\" srcset=\"https:\/\/efip.ctu.edu.vn\/web\/wp-content\/uploads\/2019\/08\/JourProf-300x145.jpg 300w, https:\/\/efip.ctu.edu.vn\/web\/wp-content\/uploads\/2019\/08\/JourProf-110x53.jpg 110w, https:\/\/efip.ctu.edu.vn\/web\/wp-content\/uploads\/2019\/08\/JourProf-420x203.jpg 420w, https:\/\/efip.ctu.edu.vn\/web\/wp-content\/uploads\/2019\/08\/JourProf.jpg 620w\" sizes=\"(max-width: 300px) 100vw, 300px\" \/><\/a><\/p>\n<p><strong>&#8220;Le jour du prof de fran\u00e7ais&#8221; rassemble les enseignants de fran\u00e7ais et ceux qui enseignent en fran\u00e7ais dans les formations bilingues, partout dans le monde. Son objectif est de valoriser le m\u00e9tier d\u2019enseignant de fran\u00e7ais par des activit\u00e9s et des \u00e9v\u00e8nements qui vont cr\u00e9er du lien et de la solidarit\u00e9. Dans chaque pays, un comit\u00e9 national d\u2019organisation va r\u00e9unir les institutions et personnes engag\u00e9es dans l\u2019enseignement du et en fran\u00e7ais. l&#8217;\u00c9dition 2019 sera organis\u00e9 le 28 novembre 2019 sur le th\u00e8me &#8216;Innovation et cr\u00e9ativit\u00e9&#8221;. Cet appel \u00e0 projets a pour but de s\u00e9lectionner et de soutenir des projets nationaux ou locaux. Il est ouvert jusqu&#8217;au 30 septembre 2019.<\/strong><\/p>\n<h2 class=\"p1\">Le th\u00e8me 2019 : Innovation et cr\u00e9ativit\u00e9<\/h2>\n<p class=\"p1\"><strong>Connaissez-vous un prof de fran\u00e7ais innovant et cr\u00e9atif ? Etes-vous vous-m\u00eame un prof cr\u00e9atif et ouvert \u00e0 l\u2019innovation ?<br \/>\n<\/strong>L\u2019innovation ne se r\u00e9duit pas au num\u00e9rique, elle peut \u00eatre partout, dans les pratiques les plus simples comme dans les processus \u00e9ducatifs complexes. Et la cr\u00e9ativit\u00e9 n\u2019est-elle pas n\u00e9cessaire \u00e0 tous les enseignants de fran\u00e7ais pour r\u00e9pondre aux d\u00e9fis et questions que pose leur m\u00e9tier ?<\/p>\n<p class=\"p1\"><strong>Comment innovation et cr\u00e9ativit\u00e9 am\u00e9liorent-elles l\u2019enseignement du fran\u00e7ais ? En quoi transforment-elles le m\u00e9tier d\u2019enseignant de fran\u00e7ais ?<br \/>\n<\/strong>Autant de questions qui pourront inspirer activit\u00e9s et d\u00e9bats lors de la journ\u00e9e internationale des professeurs de fran\u00e7ais.<\/p>\n<h2 class=\"p1\">Vous \u00eates<\/h2>\n<ul>\n<li class=\"p1\">Une association d\u2019enseignants de fran\u00e7ais<\/li>\n<li class=\"p1\">Une autorit\u00e9 \u00e9ducative locale ou nationale<\/li>\n<li class=\"p1\">Une ambassade ou repr\u00e9sentation francophone<\/li>\n<li class=\"p1\">Un Institut fran\u00e7ais<\/li>\n<li class=\"p1\">Une Alliance fran\u00e7aise<\/li>\n<li class=\"p1\">Un \u00e9tablissement d\u2019enseignement francophone<\/li>\n<li class=\"p1\">Un \u00e9tablissement national o\u00f9 l\u2019on enseigne le fran\u00e7ais ou en fran\u00e7ais<\/li>\n<li class=\"p1\">Un m\u00e9dia francophone ou m\u00e9dia national ou local<\/li>\n<\/ul>\n<h2 class=\"p1\">Vous pouvez participer au Jour du prof de fran\u00e7ais<\/h2>\n<ul>\n<li>Pour valoriser le m\u00e9tier d\u2019enseignant de fran\u00e7ais ainsi que les professeurs qui enseignent en fran\u00e7ais<\/li>\n<li>Pour permettre des \u00e9changes d\u2019exp\u00e9riences et de pratiques<\/li>\n<li>Pour cr\u00e9er des liens et d\u00e9velopper la solidarit\u00e9<\/li>\n<li>Pour organiser des activit\u00e9s festives ou des \u00e9v\u00e8nements professionnels<\/li>\n<\/ul>\n<h2 class=\"p1\">Des possibilit\u00e9s multiples<\/h2>\n<p class=\"p1\">Le th\u00e8me commun est con\u00e7u pour se pr\u00eater \u00e0 de multiples interpr\u00e9tations, en fonction du pays, du lieu et des enjeux du moment. Selon le pays, les activit\u00e9s et \u00e9v\u00e8nements propos\u00e9s pourront \u00eatre ludiques, festifs, solennels ou formatifs. Il est possible de proposer plusieurs activit\u00e9s et \u00e9v\u00e8nements la m\u00eame journ\u00e9e, \u00e0 des heures diff\u00e9rentes.<\/p>\n<h2>Quelles activit\u00e9s ou \u00e9v\u00e9nements\u00a0?<\/h2>\n<p>Il faut imaginer des activit\u00e9s qui vont valoriser le m\u00e9tier d\u2019enseignant de fran\u00e7ais et qui vont f\u00e9d\u00e9rer les enseignants de fran\u00e7ais et professeurs qui enseignent en fran\u00e7ais (enseignement bilingue) dans le pays.<\/p>\n<p>Le public vis\u00e9 est en premier lieu les enseignants de fran\u00e7ais et professeurs qui enseignent en fran\u00e7ais, le \u00ab\u00a0Jour du prof de fran\u00e7ais\u00a0\u00bb n\u2019est pas une nouvelle journ\u00e9e de la francophonie, ni un jour des \u00e9l\u00e8ves. Il convient donc de penser en premier \u00e0 ce que souhaitent les enseignants pour leur journ\u00e9e.<\/p>\n<p>Selon le pays et les souhaits des enseignants, le \u00ab\u00a0Jour du prof de fran\u00e7ais\u00a0\u00bb pourra \u00eatre organis\u00e9, par exemple autour, de\u00a0:<\/p>\n<ul>\n<li>Conf\u00e9rence \/ Table ronde \/ Salon<\/li>\n<li>Exposition \/ Projection<\/li>\n<li>Rencontre \/ T\u00e9moignage<\/li>\n<li>Concert \/ Festival \/ Lectures de textes<\/li>\n<li>R\u00e9ception officielle \/ Reconnaissance (d\u00e9coration)<\/li>\n<li>Activit\u00e9 conviviale<\/li>\n<li>Atelier \/ S\u00e9minaire \/ forums<\/li>\n<\/ul>\n<p>Des exemples sont pr\u00e9sent\u00e9s dans le \u00ab\u00a0Mode d\u2019emploi\u00a0\u00bb du Jour du prof de fran\u00e7ais, t\u00e9l\u00e9chargeable sur le site <a href=\"https:\/\/www.lejourduprof.com\/#\">www.lejourduprof.com<\/a><\/p>\n<h2>Comment participer ?<\/h2>\n<ul>\n<li><strong>Cr\u00e9er un comit\u00e9 national d\u2019organisation\u00a0<\/strong><\/li>\n<\/ul>\n<p class=\"p3\">Les comit\u00e9s nationaux d\u2019organisation rassemblent les principales institutions engag\u00e9es dans le soutien \u00e0 l\u2019enseignement du fran\u00e7ais dans un pays : l\u2019association des enseignants de fran\u00e7ais, les autorit\u00e9s \u00e9ducatives, les ambassades et repr\u00e9sentations francophones, les centres culturels et de langue (Instituts fran\u00e7ais, Alliances fran\u00e7aises, etc.), et autres partenaires \u00e9ducatifs, sociaux et culturels. Dans certains pays, l\u2019organisation de comit\u00e9s locaux pourra \u00eatre plus appropri\u00e9e pour proposer des activit\u00e9s et \u00e9v\u00e8nements au plus pr\u00e8s des enseignants de fran\u00e7ais et des professeurs qui enseignent en fran\u00e7ais<\/p>\n<ul>\n<li class=\"p3\"><strong>D\u00e9poser votre programme\u00a0<\/strong><\/li>\n<\/ul>\n<p class=\"p3\"><strong>Un formulaire disponible sur <a href=\"https:\/\/www.lejourduprof.com\/#\">www.lejourduprof.com<\/a> permettra de d\u00e9poser les propositions du 15 septembre au 1<span class=\"s1\">er <\/span>novembre 2019.\u00a0<\/strong><\/p>\n<ul>\n<li class=\"p3\"><strong>Recevoir votre confirmation\u00a0<\/strong><\/li>\n<\/ul>\n<p class=\"p3\">Si votre proposition est retenue pour faire partie du programme international, vous recevrez une confirmation par courriel. Le public pourra d\u00e9couvrir votre programme sur la carte interactive du site. Vous recevrez une \u00ab boite \u00e0 outils \u00bb num\u00e9rique pour la communication de l\u2019op\u00e9ration.<\/p>\n<ul>\n<li class=\"p1\"><strong>Financer l\u2019op\u00e9ration\u00a0<\/strong><\/li>\n<\/ul>\n<p class=\"p3\">Le financement des activit\u00e9s et \u00e9v\u00e8nements devra en priorit\u00e9 \u00eatre trouv\u00e9 dans le comit\u00e9 national d\u2019organisation, ou aupr\u00e8s de partenaires et sponsors locaux. Un appel \u00e0 projets sera aussi lanc\u00e9 par le comit\u00e9 international d\u2019organisation pour s\u00e9lectionner quelques projets dans le monde et leur apporter une aide.<\/p>\n<p><strong>Pour acc\u00e9der \u00e0 la brochure de l\u2019\u00e9venement, <a href=\"https:\/\/www.auf.org\/wp-content\/uploads\/2019\/07\/K3990_Brochure_JPF_web.pdf\">cliquez-ici<\/a><\/strong><\/p>\n","protected":false},"excerpt":{"rendered":"<p>&#8220;Le jour du prof de fran\u00e7ais&#8221; rassemble les enseignants de fran\u00e7ais et ceux qui enseignent en fran\u00e7ais dans les formations &hellip; <br \/><a href=\"https:\/\/efip.ctu.edu.vn\/web\/le-jour-du-prof-de-francais\/\" class=\"more-link\">Continue reading <span class=\"screen-reader-text\">Le jour du prof de fran\u00e7ais<\/span><\/a><\/p>\n","protected":false},"author":3,"featured_media":710,"comment_status":"open","ping_status":"open","sticky":false,"template":"","format":"standard","meta":{"footnotes":""},"categories":[9,8],"tags":[],"class_list":["post-709","post","type-post","status-publish","format-standard","has-post-thumbnail","hentry","category-actualites-de-l-efip","category-actualites-de-la-francophonie"],"yoast_head":"<!-- This site is optimized with the Yoast SEO plugin v25.0 - https:\/\/yoast.com\/wordpress\/plugins\/seo\/ -->\n<title>Le jour du prof de fran\u00e7ais - EFIP<\/title>\n<meta name=\"robots\" content=\"index, follow, max-snippet:-1, max-image-preview:large, max-video-preview:-1\" \/>\n<link rel=\"canonical\" href=\"https:\/\/efip.ctu.edu.vn\/web\/le-jour-du-prof-de-francais\/\" \/>\n<meta property=\"og:locale\" content=\"en_US\" \/>\n<meta property=\"og:type\" content=\"article\" \/>\n<meta property=\"og:title\" content=\"Le jour du prof de fran\u00e7ais - EFIP\" \/>\n<meta property=\"og:description\" content=\"&#8220;Le jour du prof de fran\u00e7ais&#8221; rassemble les enseignants de fran\u00e7ais et ceux qui enseignent en fran\u00e7ais dans les formations &hellip; Continue reading Le jour du prof de fran\u00e7ais\" \/>\n<meta property=\"og:url\" content=\"https:\/\/efip.ctu.edu.vn\/web\/le-jour-du-prof-de-francais\/\" \/>\n<meta property=\"og:site_name\" content=\"EFIP\" \/>\n<meta property=\"article:publisher\" content=\"https:\/\/www.facebook.com\/efipCanTho\" \/>\n<meta property=\"article:published_time\" content=\"2019-08-12T04:13:57+00:00\" \/>\n<meta property=\"article:modified_time\" content=\"2020-07-03T12:45:30+00:00\" \/>\n<meta property=\"og:image\" content=\"https:\/\/efip.ctu.edu.vn\/web\/wp-content\/uploads\/2019\/08\/JourProf.jpg\" \/>\n\t<meta property=\"og:image:width\" content=\"620\" \/>\n\t<meta property=\"og:image:height\" content=\"300\" \/>\n\t<meta property=\"og:image:type\" content=\"image\/jpeg\" \/>\n<meta name=\"author\" content=\"Emilie\" \/>\n<meta name=\"twitter:card\" content=\"summary_large_image\" \/>\n<meta name=\"twitter:label1\" content=\"Written by\" \/>\n\t<meta name=\"twitter:data1\" content=\"Emilie\" \/>\n\t<meta name=\"twitter:label2\" content=\"Est. reading time\" \/>\n\t<meta name=\"twitter:data2\" content=\"4 minutes\" \/>\n<script type=\"application\/ld+json\" class=\"yoast-schema-graph\">{\"@context\":\"https:\/\/schema.org\",\"@graph\":[{\"@type\":\"Article\",\"@id\":\"https:\/\/efip.ctu.edu.vn\/web\/le-jour-du-prof-de-francais\/#article\",\"isPartOf\":{\"@id\":\"https:\/\/efip.ctu.edu.vn\/web\/le-jour-du-prof-de-francais\/\"},\"author\":{\"name\":\"Emilie\",\"@id\":\"https:\/\/efip.ctu.edu.vn\/web\/#\/schema\/person\/53dc596cb2d0db2aa914c8a122a41e62\"},\"headline\":\"Le jour du prof de fran\u00e7ais\",\"datePublished\":\"2019-08-12T04:13:57+00:00\",\"dateModified\":\"2020-07-03T12:45:30+00:00\",\"mainEntityOfPage\":{\"@id\":\"https:\/\/efip.ctu.edu.vn\/web\/le-jour-du-prof-de-francais\/\"},\"wordCount\":862,\"commentCount\":0,\"publisher\":{\"@id\":\"https:\/\/efip.ctu.edu.vn\/web\/#organization\"},\"image\":{\"@id\":\"https:\/\/efip.ctu.edu.vn\/web\/le-jour-du-prof-de-francais\/#primaryimage\"},\"thumbnailUrl\":\"https:\/\/efip.ctu.edu.vn\/web\/wp-content\/uploads\/2019\/08\/JourProf.jpg\",\"articleSection\":[\"Actualit\u00e9s de l'EFIP\",\"Actualit\u00e9s de la Francophonie\"],\"inLanguage\":\"en-US\",\"potentialAction\":[{\"@type\":\"CommentAction\",\"name\":\"Comment\",\"target\":[\"https:\/\/efip.ctu.edu.vn\/web\/le-jour-du-prof-de-francais\/#respond\"]}]},{\"@type\":\"WebPage\",\"@id\":\"https:\/\/efip.ctu.edu.vn\/web\/le-jour-du-prof-de-francais\/\",\"url\":\"https:\/\/efip.ctu.edu.vn\/web\/le-jour-du-prof-de-francais\/\",\"name\":\"Le jour du prof de fran\u00e7ais - EFIP\",\"isPartOf\":{\"@id\":\"https:\/\/efip.ctu.edu.vn\/web\/#website\"},\"primaryImageOfPage\":{\"@id\":\"https:\/\/efip.ctu.edu.vn\/web\/le-jour-du-prof-de-francais\/#primaryimage\"},\"image\":{\"@id\":\"https:\/\/efip.ctu.edu.vn\/web\/le-jour-du-prof-de-francais\/#primaryimage\"},\"thumbnailUrl\":\"https:\/\/efip.ctu.edu.vn\/web\/wp-content\/uploads\/2019\/08\/JourProf.jpg\",\"datePublished\":\"2019-08-12T04:13:57+00:00\",\"dateModified\":\"2020-07-03T12:45:30+00:00\",\"breadcrumb\":{\"@id\":\"https:\/\/efip.ctu.edu.vn\/web\/le-jour-du-prof-de-francais\/#breadcrumb\"},\"inLanguage\":\"en-US\",\"potentialAction\":[{\"@type\":\"ReadAction\",\"target\":[\"https:\/\/efip.ctu.edu.vn\/web\/le-jour-du-prof-de-francais\/\"]}]},{\"@type\":\"ImageObject\",\"inLanguage\":\"en-US\",\"@id\":\"https:\/\/efip.ctu.edu.vn\/web\/le-jour-du-prof-de-francais\/#primaryimage\",\"url\":\"https:\/\/efip.ctu.edu.vn\/web\/wp-content\/uploads\/2019\/08\/JourProf.jpg\",\"contentUrl\":\"https:\/\/efip.ctu.edu.vn\/web\/wp-content\/uploads\/2019\/08\/JourProf.jpg\",\"width\":620,\"height\":300},{\"@type\":\"BreadcrumbList\",\"@id\":\"https:\/\/efip.ctu.edu.vn\/web\/le-jour-du-prof-de-francais\/#breadcrumb\",\"itemListElement\":[{\"@type\":\"ListItem\",\"position\":1,\"name\":\"Accueil\",\"item\":\"https:\/\/efip.ctu.edu.vn\/web\/\"},{\"@type\":\"ListItem\",\"position\":2,\"name\":\"Le jour du prof de fran\u00e7ais\"}]},{\"@type\":\"WebSite\",\"@id\":\"https:\/\/efip.ctu.edu.vn\/web\/#website\",\"url\":\"https:\/\/efip.ctu.edu.vn\/web\/\",\"name\":\"EFIP de Can Tho\",\"description\":\"Espace Francophone d&#039;Innovation et de Partenariat\",\"publisher\":{\"@id\":\"https:\/\/efip.ctu.edu.vn\/web\/#organization\"},\"potentialAction\":[{\"@type\":\"SearchAction\",\"target\":{\"@type\":\"EntryPoint\",\"urlTemplate\":\"https:\/\/efip.ctu.edu.vn\/web\/?s={search_term_string}\"},\"query-input\":{\"@type\":\"PropertyValueSpecification\",\"valueRequired\":true,\"valueName\":\"search_term_string\"}}],\"inLanguage\":\"en-US\"},{\"@type\":\"Organization\",\"@id\":\"https:\/\/efip.ctu.edu.vn\/web\/#organization\",\"name\":\"EFIP\",\"url\":\"https:\/\/efip.ctu.edu.vn\/web\/\",\"logo\":{\"@type\":\"ImageObject\",\"inLanguage\":\"en-US\",\"@id\":\"https:\/\/efip.ctu.edu.vn\/web\/#\/schema\/logo\/image\/\",\"url\":\"https:\/\/efip.ctu.edu.vn\/web\/wp-content\/uploads\/2025\/05\/efip2-150x89-1.jpg\",\"contentUrl\":\"https:\/\/efip.ctu.edu.vn\/web\/wp-content\/uploads\/2025\/05\/efip2-150x89-1.jpg\",\"width\":150,\"height\":89,\"caption\":\"EFIP\"},\"image\":{\"@id\":\"https:\/\/efip.ctu.edu.vn\/web\/#\/schema\/logo\/image\/\"},\"sameAs\":[\"https:\/\/www.facebook.com\/efipCanTho\"]},{\"@type\":\"Person\",\"@id\":\"https:\/\/efip.ctu.edu.vn\/web\/#\/schema\/person\/53dc596cb2d0db2aa914c8a122a41e62\",\"name\":\"Emilie\",\"image\":{\"@type\":\"ImageObject\",\"inLanguage\":\"en-US\",\"@id\":\"https:\/\/efip.ctu.edu.vn\/web\/#\/schema\/person\/image\/\",\"url\":\"https:\/\/secure.gravatar.com\/avatar\/6a0fb05561be2eb61d5a590bc8bec4352d8fc07271158e66cac145fdb0f3d5ad?s=96&d=mm&r=g\",\"contentUrl\":\"https:\/\/secure.gravatar.com\/avatar\/6a0fb05561be2eb61d5a590bc8bec4352d8fc07271158e66cac145fdb0f3d5ad?s=96&d=mm&r=g\",\"caption\":\"Emilie\"},\"url\":\"https:\/\/efip.ctu.edu.vn\/web\/author\/emilie\/\"}]}<\/script>\n<!-- \/ Yoast SEO plugin. -->","yoast_head_json":{"title":"Le jour du prof de fran\u00e7ais - EFIP","robots":{"index":"index","follow":"follow","max-snippet":"max-snippet:-1","max-image-preview":"max-image-preview:large","max-video-preview":"max-video-preview:-1"},"canonical":"https:\/\/efip.ctu.edu.vn\/web\/le-jour-du-prof-de-francais\/","og_locale":"en_US","og_type":"article","og_title":"Le jour du prof de fran\u00e7ais - EFIP","og_description":"&#8220;Le jour du prof de fran\u00e7ais&#8221; rassemble les enseignants de fran\u00e7ais et ceux qui enseignent en fran\u00e7ais dans les formations &hellip; Continue reading Le jour du prof de fran\u00e7ais","og_url":"https:\/\/efip.ctu.edu.vn\/web\/le-jour-du-prof-de-francais\/","og_site_name":"EFIP","article_publisher":"https:\/\/www.facebook.com\/efipCanTho","article_published_time":"2019-08-12T04:13:57+00:00","article_modified_time":"2020-07-03T12:45:30+00:00","og_image":[{"width":620,"height":300,"url":"https:\/\/efip.ctu.edu.vn\/web\/wp-content\/uploads\/2019\/08\/JourProf.jpg","type":"image\/jpeg"}],"author":"Emilie","twitter_card":"summary_large_image","twitter_misc":{"Written by":"Emilie","Est. reading time":"4 minutes"},"schema":{"@context":"https:\/\/schema.org","@graph":[{"@type":"Article","@id":"https:\/\/efip.ctu.edu.vn\/web\/le-jour-du-prof-de-francais\/#article","isPartOf":{"@id":"https:\/\/efip.ctu.edu.vn\/web\/le-jour-du-prof-de-francais\/"},"author":{"name":"Emilie","@id":"https:\/\/efip.ctu.edu.vn\/web\/#\/schema\/person\/53dc596cb2d0db2aa914c8a122a41e62"},"headline":"Le jour du prof de fran\u00e7ais","datePublished":"2019-08-12T04:13:57+00:00","dateModified":"2020-07-03T12:45:30+00:00","mainEntityOfPage":{"@id":"https:\/\/efip.ctu.edu.vn\/web\/le-jour-du-prof-de-francais\/"},"wordCount":862,"commentCount":0,"publisher":{"@id":"https:\/\/efip.ctu.edu.vn\/web\/#organization"},"image":{"@id":"https:\/\/efip.ctu.edu.vn\/web\/le-jour-du-prof-de-francais\/#primaryimage"},"thumbnailUrl":"https:\/\/efip.ctu.edu.vn\/web\/wp-content\/uploads\/2019\/08\/JourProf.jpg","articleSection":["Actualit\u00e9s de l'EFIP","Actualit\u00e9s de la Francophonie"],"inLanguage":"en-US","potentialAction":[{"@type":"CommentAction","name":"Comment","target":["https:\/\/efip.ctu.edu.vn\/web\/le-jour-du-prof-de-francais\/#respond"]}]},{"@type":"WebPage","@id":"https:\/\/efip.ctu.edu.vn\/web\/le-jour-du-prof-de-francais\/","url":"https:\/\/efip.ctu.edu.vn\/web\/le-jour-du-prof-de-francais\/","name":"Le jour du prof de fran\u00e7ais - EFIP","isPartOf":{"@id":"https:\/\/efip.ctu.edu.vn\/web\/#website"},"primaryImageOfPage":{"@id":"https:\/\/efip.ctu.edu.vn\/web\/le-jour-du-prof-de-francais\/#primaryimage"},"image":{"@id":"https:\/\/efip.ctu.edu.vn\/web\/le-jour-du-prof-de-francais\/#primaryimage"},"thumbnailUrl":"https:\/\/efip.ctu.edu.vn\/web\/wp-content\/uploads\/2019\/08\/JourProf.jpg","datePublished":"2019-08-12T04:13:57+00:00","dateModified":"2020-07-03T12:45:30+00:00","breadcrumb":{"@id":"https:\/\/efip.ctu.edu.vn\/web\/le-jour-du-prof-de-francais\/#breadcrumb"},"inLanguage":"en-US","potentialAction":[{"@type":"ReadAction","target":["https:\/\/efip.ctu.edu.vn\/web\/le-jour-du-prof-de-francais\/"]}]},{"@type":"ImageObject","inLanguage":"en-US","@id":"https:\/\/efip.ctu.edu.vn\/web\/le-jour-du-prof-de-francais\/#primaryimage","url":"https:\/\/efip.ctu.edu.vn\/web\/wp-content\/uploads\/2019\/08\/JourProf.jpg","contentUrl":"https:\/\/efip.ctu.edu.vn\/web\/wp-content\/uploads\/2019\/08\/JourProf.jpg","width":620,"height":300},{"@type":"BreadcrumbList","@id":"https:\/\/efip.ctu.edu.vn\/web\/le-jour-du-prof-de-francais\/#breadcrumb","itemListElement":[{"@type":"ListItem","position":1,"name":"Accueil","item":"https:\/\/efip.ctu.edu.vn\/web\/"},{"@type":"ListItem","position":2,"name":"Le jour du prof de fran\u00e7ais"}]},{"@type":"WebSite","@id":"https:\/\/efip.ctu.edu.vn\/web\/#website","url":"https:\/\/efip.ctu.edu.vn\/web\/","name":"EFIP de Can Tho","description":"Espace Francophone d&#039;Innovation et de Partenariat","publisher":{"@id":"https:\/\/efip.ctu.edu.vn\/web\/#organization"},"potentialAction":[{"@type":"SearchAction","target":{"@type":"EntryPoint","urlTemplate":"https:\/\/efip.ctu.edu.vn\/web\/?s={search_term_string}"},"query-input":{"@type":"PropertyValueSpecification","valueRequired":true,"valueName":"search_term_string"}}],"inLanguage":"en-US"},{"@type":"Organization","@id":"https:\/\/efip.ctu.edu.vn\/web\/#organization","name":"EFIP","url":"https:\/\/efip.ctu.edu.vn\/web\/","logo":{"@type":"ImageObject","inLanguage":"en-US","@id":"https:\/\/efip.ctu.edu.vn\/web\/#\/schema\/logo\/image\/","url":"https:\/\/efip.ctu.edu.vn\/web\/wp-content\/uploads\/2025\/05\/efip2-150x89-1.jpg","contentUrl":"https:\/\/efip.ctu.edu.vn\/web\/wp-content\/uploads\/2025\/05\/efip2-150x89-1.jpg","width":150,"height":89,"caption":"EFIP"},"image":{"@id":"https:\/\/efip.ctu.edu.vn\/web\/#\/schema\/logo\/image\/"},"sameAs":["https:\/\/www.facebook.com\/efipCanTho"]},{"@type":"Person","@id":"https:\/\/efip.ctu.edu.vn\/web\/#\/schema\/person\/53dc596cb2d0db2aa914c8a122a41e62","name":"Emilie","image":{"@type":"ImageObject","inLanguage":"en-US","@id":"https:\/\/efip.ctu.edu.vn\/web\/#\/schema\/person\/image\/","url":"https:\/\/secure.gravatar.com\/avatar\/6a0fb05561be2eb61d5a590bc8bec4352d8fc07271158e66cac145fdb0f3d5ad?s=96&d=mm&r=g","contentUrl":"https:\/\/secure.gravatar.com\/avatar\/6a0fb05561be2eb61d5a590bc8bec4352d8fc07271158e66cac145fdb0f3d5ad?s=96&d=mm&r=g","caption":"Emilie"},"url":"https:\/\/efip.ctu.edu.vn\/web\/author\/emilie\/"}]}},"_links":{"self":[{"href":"https:\/\/efip.ctu.edu.vn\/web\/wp-json\/wp\/v2\/posts\/709","targetHints":{"allow":["GET"]}}],"collection":[{"href":"https:\/\/efip.ctu.edu.vn\/web\/wp-json\/wp\/v2\/posts"}],"about":[{"href":"https:\/\/efip.ctu.edu.vn\/web\/wp-json\/wp\/v2\/types\/post"}],"author":[{"embeddable":true,"href":"https:\/\/efip.ctu.edu.vn\/web\/wp-json\/wp\/v2\/users\/3"}],"replies":[{"embeddable":true,"href":"https:\/\/efip.ctu.edu.vn\/web\/wp-json\/wp\/v2\/comments?post=709"}],"version-history":[{"count":4,"href":"https:\/\/efip.ctu.edu.vn\/web\/wp-json\/wp\/v2\/posts\/709\/revisions"}],"predecessor-version":[{"id":714,"href":"https:\/\/efip.ctu.edu.vn\/web\/wp-json\/wp\/v2\/posts\/709\/revisions\/714"}],"wp:featuredmedia":[{"embeddable":true,"href":"https:\/\/efip.ctu.edu.vn\/web\/wp-json\/wp\/v2\/media\/710"}],"wp:attachment":[{"href":"https:\/\/efip.ctu.edu.vn\/web\/wp-json\/wp\/v2\/media?parent=709"}],"wp:term":[{"taxonomy":"category","embeddable":true,"href":"https:\/\/efip.ctu.edu.vn\/web\/wp-json\/wp\/v2\/categories?post=709"},{"taxonomy":"post_tag","embeddable":true,"href":"https:\/\/efip.ctu.edu.vn\/web\/wp-json\/wp\/v2\/tags?post=709"}],"curies":[{"name":"wp","href":"https:\/\/api.w.org\/{rel}","templated":true}]}}