{"id":4403,"date":"2025-02-05T09:00:00","date_gmt":"2025-02-05T02:00:00","guid":{"rendered":"https:\/\/efip.ctu.edu.vn\/web\/?p=4403"},"modified":"2025-05-09T08:47:02","modified_gmt":"2025-05-09T01:47:02","slug":"appel-a-candidatures-pour-un-stage-au-crefap_mars-aout-2025","status":"publish","type":"post","link":"https:\/\/efip.ctu.edu.vn\/web\/appel-a-candidatures-pour-un-stage-au-crefap_mars-aout-2025\/","title":{"rendered":"Appel \u00e0 candidatures pour un stage au CREFAP_Mars \u2013 Ao\u00fbt 2025"},"content":{"rendered":"\n<p>L\u2019Organisation internationale de la Francophonie regroupe 56 \u00c9tats et gouvernements membres, 5 associ\u00e9s et 32 observateurs r\u00e9partis sur les cinq continents, rassembl\u00e9s autour du partage d\u2019une langue commune : le fran\u00e7ais. Consciente des liens cr\u00e9\u00e9s entre ses membres par le partage de la langue fran\u00e7aise et des valeurs universelles, elle \u0153uvre au service de la paix, de la coop\u00e9ration, de la solidarit\u00e9 et du d\u00e9veloppement durable.<\/p>\n\n\n\n<figure class=\"wp-block-table\"><table class=\"has-fixed-layout\"><tbody><tr><td><strong>Titre du poste&nbsp;:<\/strong><\/td><td>Stagiaire \u2013 Assistant(e) d\u2019administration<\/td><\/tr><tr><td><strong>Lieu d\u2019affection&nbsp;:<\/strong><\/td><td>Ho Chi Minh-Ville, Vietnam<\/td><\/tr><tr><td><strong>Unit\u00e9 administrative<\/strong><\/td><td>DEAF\/CREFAP<\/td><\/tr><tr><td><strong>Statut et grade<\/strong><\/td><td>Stagiaire<\/td><\/tr><tr><td><strong>Dur\u00e9e de l\u2019engagement&nbsp;:<\/strong><\/td><td>Du 01 mars au 31 ao\u00fbt 2025<\/td><\/tr><tr><td><strong>Indemnit\u00e9 mensuelle de stage&nbsp;:<\/strong><strong><\/strong><\/td><td>180.83 dollars am\u00e9ricains<\/td><\/tr><tr><td><strong>Date limite d\u2019envoi des candidatures&nbsp;:<\/strong><\/td><td>Le 15 f\u00e9vrier 2025<\/td><\/tr><tr><td><strong>Num\u00e9ro de l\u2019appel \u00e0 candidatures&nbsp;:<\/strong><\/td><td>AC\/DEAF\/CREFAP n\u00b001\/2025<\/td><\/tr><\/tbody><\/table><\/figure>\n\n\n\n<p><strong><u>DESCRIPTIF DES MISSIONS DU STAGIAIRE<\/u><\/strong><\/p>\n\n\n\n<p>Le Centre r\u00e9gional francophone d\u2019Asie-Pacifique de l\u2019Organisation internationale de la Francophonie (CREFAP\/OIF) lance un appel \u00e0 candidatures pour le recrutement d\u2019un(e) stagiaire charg\u00e9(e) de contribuer \u00e0 la mise en \u0153uvre de sa programmation 2025.<\/p>\n\n\n\n<p>\u00c0 ce titre, le\/la candidat(e) aura pour mission de\u202f:<\/p>\n\n\n\n<ul class=\"wp-block-list\">\n<li>Contribuer \u00e0 l\u2019organisation des activit\u00e9s du CREFAP : constitution des dossiers administratifs, pr\u00e9paration logistique, suivi technique aupr\u00e8s des fournisseurs et partenaires, r\u00e9daction et traduction des documents de travail, contrats, rapports, et synth\u00e8ses ;<\/li>\n\n\n\n<li>Participer \u00e0 la communication interne et externe : r\u00e9daction de br\u00e8ves, d\u2019articles et de supports visuels;<\/li>\n\n\n\n<li>Assurer la diffusion d\u2019informations et le lien entre le CREFAP et ses publics cibles.<\/li>\n<\/ul>\n\n\n\n<p><strong><u>CRIT\u00c8RES DE S\u00c9LECTION<\/u><\/strong><\/p>\n\n\n\n<ul class=\"wp-block-list\">\n<li>\u00catre ressortissant(e) d\u2019un pays membre ou observateur de l\u2019OIF ;<\/li>\n\n\n\n<li>\u00catre \u00e9tudiant(e) dans un cursus universitaire sp\u00e9cialis\u00e9 dans l\u2019un des secteurs suivants\u202f: fran\u00e7ais langue \u00e9trang\u00e8re, traduction\/interpr\u00e9tation, \u00e9ducation, communication ou logistique ;<\/li>\n\n\n\n<li>Avoir une excellente ma\u00eetrise de la langue fran\u00e7aise (\u00e0 l\u2019oral comme \u00e0 l\u2019\u00e9crit) et de solides comp\u00e9tences r\u00e9dactionnelles ;<\/li>\n\n\n\n<li>Ma\u00eetriser parfaitement les outils bureautiques ;<\/li>\n\n\n\n<li>Faire preuve d\u2019aptitudes \u00e0 planifier, organiser et respecter les r\u00e8gles et les d\u00e9lais requis ;<\/li>\n\n\n\n<li>\u00catre capable de travailler efficacement dans l\u2019urgence et dans un environnement multiculturel ;<\/li>\n\n\n\n<li>Faire preuve de r\u00e9activit\u00e9 et de confidentialit\u00e9.<\/li>\n<\/ul>\n\n\n\n<p><strong><u>CANDIDATURE<\/u><\/strong><\/p>\n\n\n\n<p>Les candidatures (curriculum vitae, lettre de motivation et tout autre document justifiant les comp\u00e9tences et exp\u00e9riences) devront \u00eatre envoy\u00e9es par courrier \u00e9lectronique \u00e0 l\u2019adresse suivante : crefap@francophonie.org<\/p>\n\n\n\n<p>Veuillez indiquer la r\u00e9f\u00e9rence du poste AC\/DEAF\/CREFAP n\u00b001\/2025 dans l\u2019objet de votre message.<\/p>\n\n\n\n<p>Seuls les candidat(e)s pr\u00e9s\u00e9lectionn\u00e9(e)s seront contact\u00e9(e)s par courriel pour un entretien.<\/p>\n\n\n\n<p><\/p>\n\n\n\n<p>Annonce publi\u00e9e sur le site Internet : <a href=\"https:\/\/parlonsfrancais.francophonie.org\/appel-a-candidatures-pour-un-stage-au-crefap_fevrier-2025\/\" target=\"_blank\" rel=\"noreferrer noopener\">https:\/\/parlonsfrancais.francophonie.org\/appel-a-candidatures-pour-un-stage-au-crefap_fevrier-2025\/<\/a> <\/p>\n","protected":false},"excerpt":{"rendered":"<p>L\u2019Organisation internationale de la Francophonie regroupe 56 \u00c9tats et gouvernements membres, 5 associ\u00e9s et 32 observateurs r\u00e9partis sur les cinq &hellip; <br \/><a href=\"https:\/\/efip.ctu.edu.vn\/web\/appel-a-candidatures-pour-un-stage-au-crefap_mars-aout-2025\/\" class=\"more-link\">Continue reading <span class=\"screen-reader-text\">Appel \u00e0 candidatures pour un stage au CREFAP_Mars \u2013 Ao\u00fbt 2025<\/span><\/a><\/p>\n","protected":false},"author":3,"featured_media":0,"comment_status":"open","ping_status":"open","sticky":false,"template":"","format":"standard","meta":{"footnotes":""},"categories":[555,159],"tags":[26,20],"class_list":["post-4403","post","type-post","status-publish","format-standard","hentry","category-appel-a-candidatures","category-thong-bao-tuyen-dung","tag-crefap","tag-stage"],"yoast_head":"<!-- This site is optimized with the Yoast SEO plugin v25.0 - https:\/\/yoast.com\/wordpress\/plugins\/seo\/ -->\n<title>Appel \u00e0 candidatures pour un stage au CREFAP_Mars \u2013 Ao\u00fbt 2025 - EFIP<\/title>\n<meta name=\"description\" content=\"Le CREFAP recherche son\/sa futur(e) stagiaire - assistant(e) administratif pour la p\u00e9riode de mars \u00e0 ao\u00fbt 2025.\" \/>\n<meta name=\"robots\" content=\"index, follow, max-snippet:-1, max-image-preview:large, max-video-preview:-1\" \/>\n<link rel=\"canonical\" href=\"https:\/\/efip.ctu.edu.vn\/web\/appel-a-candidatures-pour-un-stage-au-crefap_mars-aout-2025\/\" \/>\n<meta property=\"og:locale\" content=\"en_US\" \/>\n<meta property=\"og:type\" content=\"article\" \/>\n<meta property=\"og:title\" content=\"Appel \u00e0 candidatures pour un stage au CREFAP_Mars \u2013 Ao\u00fbt 2025 - EFIP\" \/>\n<meta property=\"og:description\" content=\"Le CREFAP recherche son\/sa futur(e) stagiaire - assistant(e) administratif pour la p\u00e9riode de mars \u00e0 ao\u00fbt 2025.\" \/>\n<meta property=\"og:url\" content=\"https:\/\/efip.ctu.edu.vn\/web\/appel-a-candidatures-pour-un-stage-au-crefap_mars-aout-2025\/\" \/>\n<meta property=\"og:site_name\" content=\"EFIP\" \/>\n<meta property=\"article:publisher\" content=\"https:\/\/www.facebook.com\/efipCanTho\" \/>\n<meta property=\"article:published_time\" content=\"2025-02-05T02:00:00+00:00\" \/>\n<meta property=\"article:modified_time\" content=\"2025-05-09T01:47:02+00:00\" \/>\n<meta property=\"og:image\" content=\"https:\/\/efip.ctu.edu.vn\/web\/wp-content\/uploads\/2025\/02\/OffreEmploi.jpg\" \/>\n\t<meta property=\"og:image:width\" content=\"1200\" \/>\n\t<meta property=\"og:image:height\" content=\"1200\" \/>\n\t<meta property=\"og:image:type\" content=\"image\/jpeg\" \/>\n<meta name=\"author\" content=\"Emilie\" \/>\n<meta name=\"twitter:card\" content=\"summary_large_image\" \/>\n<meta name=\"twitter:label1\" content=\"Written by\" \/>\n\t<meta name=\"twitter:data1\" content=\"Emilie\" \/>\n\t<meta name=\"twitter:label2\" content=\"Est. reading time\" \/>\n\t<meta name=\"twitter:data2\" content=\"2 minutes\" \/>\n<script type=\"application\/ld+json\" class=\"yoast-schema-graph\">{\"@context\":\"https:\/\/schema.org\",\"@graph\":[{\"@type\":\"Article\",\"@id\":\"https:\/\/efip.ctu.edu.vn\/web\/appel-a-candidatures-pour-un-stage-au-crefap_mars-aout-2025\/#article\",\"isPartOf\":{\"@id\":\"https:\/\/efip.ctu.edu.vn\/web\/appel-a-candidatures-pour-un-stage-au-crefap_mars-aout-2025\/\"},\"author\":{\"name\":\"Emilie\",\"@id\":\"https:\/\/efip.ctu.edu.vn\/web\/#\/schema\/person\/53dc596cb2d0db2aa914c8a122a41e62\"},\"headline\":\"Appel \u00e0 candidatures pour un stage au CREFAP_Mars \u2013 Ao\u00fbt 2025\",\"datePublished\":\"2025-02-05T02:00:00+00:00\",\"dateModified\":\"2025-05-09T01:47:02+00:00\",\"mainEntityOfPage\":{\"@id\":\"https:\/\/efip.ctu.edu.vn\/web\/appel-a-candidatures-pour-un-stage-au-crefap_mars-aout-2025\/\"},\"wordCount\":459,\"commentCount\":0,\"publisher\":{\"@id\":\"https:\/\/efip.ctu.edu.vn\/web\/#organization\"},\"keywords\":[\"CREFAP\",\"stage\"],\"articleSection\":[\"Appel \u00e0 candidatures\",\"Th\u00f4ng b\u00e1o tuy\u1ec3n d\u1ee5ng\"],\"inLanguage\":\"en-US\",\"potentialAction\":[{\"@type\":\"CommentAction\",\"name\":\"Comment\",\"target\":[\"https:\/\/efip.ctu.edu.vn\/web\/appel-a-candidatures-pour-un-stage-au-crefap_mars-aout-2025\/#respond\"]}]},{\"@type\":\"WebPage\",\"@id\":\"https:\/\/efip.ctu.edu.vn\/web\/appel-a-candidatures-pour-un-stage-au-crefap_mars-aout-2025\/\",\"url\":\"https:\/\/efip.ctu.edu.vn\/web\/appel-a-candidatures-pour-un-stage-au-crefap_mars-aout-2025\/\",\"name\":\"Appel \u00e0 candidatures pour un stage au CREFAP_Mars \u2013 Ao\u00fbt 2025 - EFIP\",\"isPartOf\":{\"@id\":\"https:\/\/efip.ctu.edu.vn\/web\/#website\"},\"datePublished\":\"2025-02-05T02:00:00+00:00\",\"dateModified\":\"2025-05-09T01:47:02+00:00\",\"description\":\"Le CREFAP recherche son\/sa futur(e) stagiaire - assistant(e) administratif pour la p\u00e9riode de mars \u00e0 ao\u00fbt 2025.\",\"breadcrumb\":{\"@id\":\"https:\/\/efip.ctu.edu.vn\/web\/appel-a-candidatures-pour-un-stage-au-crefap_mars-aout-2025\/#breadcrumb\"},\"inLanguage\":\"en-US\",\"potentialAction\":[{\"@type\":\"ReadAction\",\"target\":[\"https:\/\/efip.ctu.edu.vn\/web\/appel-a-candidatures-pour-un-stage-au-crefap_mars-aout-2025\/\"]}]},{\"@type\":\"BreadcrumbList\",\"@id\":\"https:\/\/efip.ctu.edu.vn\/web\/appel-a-candidatures-pour-un-stage-au-crefap_mars-aout-2025\/#breadcrumb\",\"itemListElement\":[{\"@type\":\"ListItem\",\"position\":1,\"name\":\"Accueil\",\"item\":\"https:\/\/efip.ctu.edu.vn\/web\/\"},{\"@type\":\"ListItem\",\"position\":2,\"name\":\"Appel \u00e0 candidatures pour un stage au CREFAP_Mars \u2013 Ao\u00fbt 2025\"}]},{\"@type\":\"WebSite\",\"@id\":\"https:\/\/efip.ctu.edu.vn\/web\/#website\",\"url\":\"https:\/\/efip.ctu.edu.vn\/web\/\",\"name\":\"EFIP de Can Tho\",\"description\":\"Espace Francophone d&#039;Innovation et de Partenariat\",\"publisher\":{\"@id\":\"https:\/\/efip.ctu.edu.vn\/web\/#organization\"},\"potentialAction\":[{\"@type\":\"SearchAction\",\"target\":{\"@type\":\"EntryPoint\",\"urlTemplate\":\"https:\/\/efip.ctu.edu.vn\/web\/?s={search_term_string}\"},\"query-input\":{\"@type\":\"PropertyValueSpecification\",\"valueRequired\":true,\"valueName\":\"search_term_string\"}}],\"inLanguage\":\"en-US\"},{\"@type\":\"Organization\",\"@id\":\"https:\/\/efip.ctu.edu.vn\/web\/#organization\",\"name\":\"EFIP\",\"url\":\"https:\/\/efip.ctu.edu.vn\/web\/\",\"logo\":{\"@type\":\"ImageObject\",\"inLanguage\":\"en-US\",\"@id\":\"https:\/\/efip.ctu.edu.vn\/web\/#\/schema\/logo\/image\/\",\"url\":\"https:\/\/efip.ctu.edu.vn\/web\/wp-content\/uploads\/2025\/05\/efip2-150x89-1.jpg\",\"contentUrl\":\"https:\/\/efip.ctu.edu.vn\/web\/wp-content\/uploads\/2025\/05\/efip2-150x89-1.jpg\",\"width\":150,\"height\":89,\"caption\":\"EFIP\"},\"image\":{\"@id\":\"https:\/\/efip.ctu.edu.vn\/web\/#\/schema\/logo\/image\/\"},\"sameAs\":[\"https:\/\/www.facebook.com\/efipCanTho\"]},{\"@type\":\"Person\",\"@id\":\"https:\/\/efip.ctu.edu.vn\/web\/#\/schema\/person\/53dc596cb2d0db2aa914c8a122a41e62\",\"name\":\"Emilie\",\"image\":{\"@type\":\"ImageObject\",\"inLanguage\":\"en-US\",\"@id\":\"https:\/\/efip.ctu.edu.vn\/web\/#\/schema\/person\/image\/\",\"url\":\"https:\/\/secure.gravatar.com\/avatar\/6a0fb05561be2eb61d5a590bc8bec4352d8fc07271158e66cac145fdb0f3d5ad?s=96&d=mm&r=g\",\"contentUrl\":\"https:\/\/secure.gravatar.com\/avatar\/6a0fb05561be2eb61d5a590bc8bec4352d8fc07271158e66cac145fdb0f3d5ad?s=96&d=mm&r=g\",\"caption\":\"Emilie\"},\"url\":\"https:\/\/efip.ctu.edu.vn\/web\/author\/emilie\/\"}]}<\/script>\n<!-- \/ Yoast SEO plugin. -->","yoast_head_json":{"title":"Appel \u00e0 candidatures pour un stage au CREFAP_Mars \u2013 Ao\u00fbt 2025 - EFIP","description":"Le CREFAP recherche son\/sa futur(e) stagiaire - assistant(e) administratif pour la p\u00e9riode de mars \u00e0 ao\u00fbt 2025.","robots":{"index":"index","follow":"follow","max-snippet":"max-snippet:-1","max-image-preview":"max-image-preview:large","max-video-preview":"max-video-preview:-1"},"canonical":"https:\/\/efip.ctu.edu.vn\/web\/appel-a-candidatures-pour-un-stage-au-crefap_mars-aout-2025\/","og_locale":"en_US","og_type":"article","og_title":"Appel \u00e0 candidatures pour un stage au CREFAP_Mars \u2013 Ao\u00fbt 2025 - EFIP","og_description":"Le CREFAP recherche son\/sa futur(e) stagiaire - assistant(e) administratif pour la p\u00e9riode de mars \u00e0 ao\u00fbt 2025.","og_url":"https:\/\/efip.ctu.edu.vn\/web\/appel-a-candidatures-pour-un-stage-au-crefap_mars-aout-2025\/","og_site_name":"EFIP","article_publisher":"https:\/\/www.facebook.com\/efipCanTho","article_published_time":"2025-02-05T02:00:00+00:00","article_modified_time":"2025-05-09T01:47:02+00:00","og_image":[{"width":1200,"height":1200,"url":"https:\/\/efip.ctu.edu.vn\/web\/wp-content\/uploads\/2025\/02\/OffreEmploi.jpg","type":"image\/jpeg"}],"author":"Emilie","twitter_card":"summary_large_image","twitter_misc":{"Written by":"Emilie","Est. reading time":"2 minutes"},"schema":{"@context":"https:\/\/schema.org","@graph":[{"@type":"Article","@id":"https:\/\/efip.ctu.edu.vn\/web\/appel-a-candidatures-pour-un-stage-au-crefap_mars-aout-2025\/#article","isPartOf":{"@id":"https:\/\/efip.ctu.edu.vn\/web\/appel-a-candidatures-pour-un-stage-au-crefap_mars-aout-2025\/"},"author":{"name":"Emilie","@id":"https:\/\/efip.ctu.edu.vn\/web\/#\/schema\/person\/53dc596cb2d0db2aa914c8a122a41e62"},"headline":"Appel \u00e0 candidatures pour un stage au CREFAP_Mars \u2013 Ao\u00fbt 2025","datePublished":"2025-02-05T02:00:00+00:00","dateModified":"2025-05-09T01:47:02+00:00","mainEntityOfPage":{"@id":"https:\/\/efip.ctu.edu.vn\/web\/appel-a-candidatures-pour-un-stage-au-crefap_mars-aout-2025\/"},"wordCount":459,"commentCount":0,"publisher":{"@id":"https:\/\/efip.ctu.edu.vn\/web\/#organization"},"keywords":["CREFAP","stage"],"articleSection":["Appel \u00e0 candidatures","Th\u00f4ng b\u00e1o tuy\u1ec3n d\u1ee5ng"],"inLanguage":"en-US","potentialAction":[{"@type":"CommentAction","name":"Comment","target":["https:\/\/efip.ctu.edu.vn\/web\/appel-a-candidatures-pour-un-stage-au-crefap_mars-aout-2025\/#respond"]}]},{"@type":"WebPage","@id":"https:\/\/efip.ctu.edu.vn\/web\/appel-a-candidatures-pour-un-stage-au-crefap_mars-aout-2025\/","url":"https:\/\/efip.ctu.edu.vn\/web\/appel-a-candidatures-pour-un-stage-au-crefap_mars-aout-2025\/","name":"Appel \u00e0 candidatures pour un stage au CREFAP_Mars \u2013 Ao\u00fbt 2025 - EFIP","isPartOf":{"@id":"https:\/\/efip.ctu.edu.vn\/web\/#website"},"datePublished":"2025-02-05T02:00:00+00:00","dateModified":"2025-05-09T01:47:02+00:00","description":"Le CREFAP recherche son\/sa futur(e) stagiaire - assistant(e) administratif pour la p\u00e9riode de mars \u00e0 ao\u00fbt 2025.","breadcrumb":{"@id":"https:\/\/efip.ctu.edu.vn\/web\/appel-a-candidatures-pour-un-stage-au-crefap_mars-aout-2025\/#breadcrumb"},"inLanguage":"en-US","potentialAction":[{"@type":"ReadAction","target":["https:\/\/efip.ctu.edu.vn\/web\/appel-a-candidatures-pour-un-stage-au-crefap_mars-aout-2025\/"]}]},{"@type":"BreadcrumbList","@id":"https:\/\/efip.ctu.edu.vn\/web\/appel-a-candidatures-pour-un-stage-au-crefap_mars-aout-2025\/#breadcrumb","itemListElement":[{"@type":"ListItem","position":1,"name":"Accueil","item":"https:\/\/efip.ctu.edu.vn\/web\/"},{"@type":"ListItem","position":2,"name":"Appel \u00e0 candidatures pour un stage au CREFAP_Mars \u2013 Ao\u00fbt 2025"}]},{"@type":"WebSite","@id":"https:\/\/efip.ctu.edu.vn\/web\/#website","url":"https:\/\/efip.ctu.edu.vn\/web\/","name":"EFIP de Can Tho","description":"Espace Francophone d&#039;Innovation et de Partenariat","publisher":{"@id":"https:\/\/efip.ctu.edu.vn\/web\/#organization"},"potentialAction":[{"@type":"SearchAction","target":{"@type":"EntryPoint","urlTemplate":"https:\/\/efip.ctu.edu.vn\/web\/?s={search_term_string}"},"query-input":{"@type":"PropertyValueSpecification","valueRequired":true,"valueName":"search_term_string"}}],"inLanguage":"en-US"},{"@type":"Organization","@id":"https:\/\/efip.ctu.edu.vn\/web\/#organization","name":"EFIP","url":"https:\/\/efip.ctu.edu.vn\/web\/","logo":{"@type":"ImageObject","inLanguage":"en-US","@id":"https:\/\/efip.ctu.edu.vn\/web\/#\/schema\/logo\/image\/","url":"https:\/\/efip.ctu.edu.vn\/web\/wp-content\/uploads\/2025\/05\/efip2-150x89-1.jpg","contentUrl":"https:\/\/efip.ctu.edu.vn\/web\/wp-content\/uploads\/2025\/05\/efip2-150x89-1.jpg","width":150,"height":89,"caption":"EFIP"},"image":{"@id":"https:\/\/efip.ctu.edu.vn\/web\/#\/schema\/logo\/image\/"},"sameAs":["https:\/\/www.facebook.com\/efipCanTho"]},{"@type":"Person","@id":"https:\/\/efip.ctu.edu.vn\/web\/#\/schema\/person\/53dc596cb2d0db2aa914c8a122a41e62","name":"Emilie","image":{"@type":"ImageObject","inLanguage":"en-US","@id":"https:\/\/efip.ctu.edu.vn\/web\/#\/schema\/person\/image\/","url":"https:\/\/secure.gravatar.com\/avatar\/6a0fb05561be2eb61d5a590bc8bec4352d8fc07271158e66cac145fdb0f3d5ad?s=96&d=mm&r=g","contentUrl":"https:\/\/secure.gravatar.com\/avatar\/6a0fb05561be2eb61d5a590bc8bec4352d8fc07271158e66cac145fdb0f3d5ad?s=96&d=mm&r=g","caption":"Emilie"},"url":"https:\/\/efip.ctu.edu.vn\/web\/author\/emilie\/"}]}},"_links":{"self":[{"href":"https:\/\/efip.ctu.edu.vn\/web\/wp-json\/wp\/v2\/posts\/4403","targetHints":{"allow":["GET"]}}],"collection":[{"href":"https:\/\/efip.ctu.edu.vn\/web\/wp-json\/wp\/v2\/posts"}],"about":[{"href":"https:\/\/efip.ctu.edu.vn\/web\/wp-json\/wp\/v2\/types\/post"}],"author":[{"embeddable":true,"href":"https:\/\/efip.ctu.edu.vn\/web\/wp-json\/wp\/v2\/users\/3"}],"replies":[{"embeddable":true,"href":"https:\/\/efip.ctu.edu.vn\/web\/wp-json\/wp\/v2\/comments?post=4403"}],"version-history":[{"count":1,"href":"https:\/\/efip.ctu.edu.vn\/web\/wp-json\/wp\/v2\/posts\/4403\/revisions"}],"predecessor-version":[{"id":4404,"href":"https:\/\/efip.ctu.edu.vn\/web\/wp-json\/wp\/v2\/posts\/4403\/revisions\/4404"}],"wp:attachment":[{"href":"https:\/\/efip.ctu.edu.vn\/web\/wp-json\/wp\/v2\/media?parent=4403"}],"wp:term":[{"taxonomy":"category","embeddable":true,"href":"https:\/\/efip.ctu.edu.vn\/web\/wp-json\/wp\/v2\/categories?post=4403"},{"taxonomy":"post_tag","embeddable":true,"href":"https:\/\/efip.ctu.edu.vn\/web\/wp-json\/wp\/v2\/tags?post=4403"}],"curies":[{"name":"wp","href":"https:\/\/api.w.org\/{rel}","templated":true}]}}