{"id":4107,"date":"2024-08-19T07:00:00","date_gmt":"2024-08-19T00:00:00","guid":{"rendered":"https:\/\/efip.ctu.edu.vn\/web\/?p=4107"},"modified":"2024-09-18T09:28:17","modified_gmt":"2024-09-18T02:28:17","slug":"appel-a-projets-jipf-2024","status":"publish","type":"post","link":"https:\/\/efip.ctu.edu.vn\/web\/appel-a-projets-jipf-2024\/","title":{"rendered":"Appel \u00e0 projets : JIPF 2024"},"content":{"rendered":"<div class=\"wp-block-image\">\n<figure class=\"aligncenter size-full\"><a href=\"https:\/\/efip.ctu.edu.vn\/web\/wp-content\/uploads\/2024\/09\/JIPF2024.png\"><img decoding=\"async\" src=\"https:\/\/efip.ctu.edu.vn\/web\/wp-content\/uploads\/2024\/09\/JIPF2024.png\" alt=\"Journ\u00e9e Internationale des Professeurs de Fran\u00e7ais\" class=\"wp-image-4108\"\/><\/a><\/figure><\/div>\n\n\n<p><strong>La journ\u00e9e internationale des Professeurs de fran\u00e7ais sera c\u00e9l\u00e9br\u00e9e le 21 novembre 2024 sous le th\u00e8me \u00ab Toutes Championnes, Tous Champions : Porteurs de la flamme francophone \u00bb. Organis\u00e9e par la F\u00e9d\u00e9ration Internationale des Professeurs de Fran\u00e7ais (FIPF) et en collaboration avec diverses institutions francophones dont l\u2019Agence Universitaire de la Francophonie (AUF), cette 6e \u00e9dition est consacr\u00e9e \u00e0 tous les enseignants de fran\u00e7ais et ceux enseignant en fran\u00e7ais dans les formations bilingues \u00e0 travers le monde.<br>Date limite pour d\u00e9poser son dossier : 1er novembre 2024<\/strong><strong><\/strong><\/p>\n\n\n\n<p>Cette journ\u00e9e, d\u00e9di\u00e9e aux professeurs de fran\u00e7ais, est un \u00e9v\u00e8nement annuel qui a pour objectif de valoriser le m\u00e9tier qu\u2019exercent pr\u00e8s de 900 000 personnes dans le monde. \u00c0 travers une panoplie d\u2019activit\u00e9s, les enseignants pourront \u00e9changer, partager des moments conviviaux, leurs exp\u00e9riences et pratiques.<\/p>\n\n\n\n<h3 class=\"wp-block-heading\"><strong>Une activit\u00e9, un projet&nbsp;?&nbsp;<\/strong><strong>&nbsp;<\/strong><\/h3>\n\n\n\n<p><strong>Les \u00e9tablissements membres de l\u2019AUF sont \u00e9ligibles pour participer \u00e0 l\u2019appel \u00e0 projets.<\/strong><\/p>\n\n\n\n<p>Veuillez proposer une activit\u00e9 en remplissant&nbsp;<a href=\"https:\/\/lejourdesprofs.org\/proposer-une-activite\/\">ce formulaire en ligne<\/a>.<\/p>\n\n\n\n<p>Lire&nbsp;<a href=\"https:\/\/lejourdesprofs.org\/wp-content\/uploads\/2024\/06\/Mode_d_emploi_2024.pdf\">le mode d\u2019emploi<\/a>&nbsp;avant de soumettre votre projet.<\/p>\n\n\n\n<p>Jusqu\u2019au 1<sup>er<\/sup>&nbsp;octobre 2024, vous avez la possibilit\u00e9 de demander un soutien financier au Comit\u00e9 international d\u2019organisation pour votre activit\u00e9. Apr\u00e8s cette date, cette option ne sera plus disponible.<\/p>\n\n\n\n<p>Il est important de noter que le soutien financier vise \u00e0 enrichir un projet qui existera avec ou sans ce financement. Le projet doit \u00eatre port\u00e9 par plusieurs institutions.<\/p>\n\n\n\n<h3 class=\"wp-block-heading\"><strong>Calendrier<\/strong><\/h3>\n\n\n\n<p>La date limite de d\u00e9p\u00f4t de dossier avec demande de cofinancement&nbsp;:&nbsp;<strong>1<sup>er<\/sup>&nbsp;octobre 2024<\/strong><\/p>\n\n\n\n<p>La date limite de d\u00e9p\u00f4t de dossier sans demande de cofinancement&nbsp;:&nbsp;<strong>1<sup>er<\/sup>&nbsp;novembre 2024<\/strong><\/p>\n\n\n\n<p>Pour plus d\u2019informations, consultez le&nbsp;<a href=\"https:\/\/lejourdesprofs.org\/\" target=\"_blank\" rel=\"noreferrer noopener\">site web de la FIPF<\/a>.<\/p>\n\n\n\n<p>Pour toute information compl\u00e9mentaire :&nbsp;<a href=\"mailto:contact@fipf.org\" target=\"_blank\" rel=\"noreferrer noopener\">contact@fipf.org<\/a><\/p>\n\n\n\n<p><\/p>\n\n\n\n<p><\/p>\n\n\n\n<p><em>Article copi\u00e9 du site Internet de l&#8217;AUF : <a href=\"https:\/\/www.auf.org\/nouvelles\/appels-a-candidatures\/journee-internationale-des-professeurs-de-francais-lappel-projets-est-ouvert\/\" target=\"_blank\" rel=\"noreferrer noopener\">https:\/\/www.auf.org\/nouvelles\/appels-a-candidatures\/journee-internationale-des-professeurs-de-francais-lappel-projets-est-ouvert\/<\/a><\/em><\/p>\n\n\n\n<p><\/p>\n","protected":false},"excerpt":{"rendered":"<p>La journ\u00e9e internationale des Professeurs de fran\u00e7ais sera c\u00e9l\u00e9br\u00e9e le 21 novembre 2024 sous le th\u00e8me \u00ab Toutes Championnes, Tous &hellip; <br \/><a href=\"https:\/\/efip.ctu.edu.vn\/web\/appel-a-projets-jipf-2024\/\" class=\"more-link\">Continue reading <span class=\"screen-reader-text\">Appel \u00e0 projets : JIPF 2024<\/span><\/a><\/p>\n","protected":false},"author":3,"featured_media":0,"comment_status":"open","ping_status":"open","sticky":false,"template":"","format":"standard","meta":{"footnotes":""},"categories":[8],"tags":[],"class_list":["post-4107","post","type-post","status-publish","format-standard","hentry","category-actualites-de-la-francophonie"],"yoast_head":"<!-- This site is optimized with the Yoast SEO plugin v25.0 - https:\/\/yoast.com\/wordpress\/plugins\/seo\/ -->\n<title>Appel \u00e0 projets : JIPF 2024 - EFIP<\/title>\n<meta name=\"description\" content=\"Vous avez jusqu&#039;au 1er octobre pour d\u00e9poser un projet pour la Journ\u00e9e Internationale des Professeurs de Fran\u00e7ais.\" \/>\n<meta name=\"robots\" content=\"index, follow, max-snippet:-1, max-image-preview:large, max-video-preview:-1\" \/>\n<link rel=\"canonical\" href=\"https:\/\/efip.ctu.edu.vn\/web\/appel-a-projets-jipf-2024\/\" \/>\n<meta property=\"og:locale\" content=\"en_US\" \/>\n<meta property=\"og:type\" content=\"article\" \/>\n<meta property=\"og:title\" content=\"Appel \u00e0 projets : JIPF 2024 - EFIP\" \/>\n<meta property=\"og:description\" content=\"Vous avez jusqu&#039;au 1er octobre pour d\u00e9poser un projet pour la Journ\u00e9e Internationale des Professeurs de Fran\u00e7ais.\" \/>\n<meta property=\"og:url\" content=\"https:\/\/efip.ctu.edu.vn\/web\/appel-a-projets-jipf-2024\/\" \/>\n<meta property=\"og:site_name\" content=\"EFIP\" \/>\n<meta property=\"article:publisher\" content=\"https:\/\/www.facebook.com\/efipCanTho\" \/>\n<meta property=\"article:published_time\" content=\"2024-08-19T00:00:00+00:00\" \/>\n<meta property=\"article:modified_time\" content=\"2024-09-18T02:28:17+00:00\" \/>\n<meta property=\"og:image\" content=\"https:\/\/efip.ctu.edu.vn\/web\/wp-content\/uploads\/2024\/09\/JIPF2024.png\" \/>\n\t<meta property=\"og:image:width\" content=\"700\" \/>\n\t<meta property=\"og:image:height\" content=\"394\" \/>\n\t<meta property=\"og:image:type\" content=\"image\/png\" \/>\n<meta name=\"author\" content=\"Emilie\" \/>\n<meta name=\"twitter:card\" content=\"summary_large_image\" \/>\n<meta name=\"twitter:label1\" content=\"Written by\" \/>\n\t<meta name=\"twitter:data1\" content=\"Emilie\" \/>\n\t<meta name=\"twitter:label2\" content=\"Est. reading time\" \/>\n\t<meta name=\"twitter:data2\" content=\"2 minutes\" \/>\n<script type=\"application\/ld+json\" class=\"yoast-schema-graph\">{\"@context\":\"https:\/\/schema.org\",\"@graph\":[{\"@type\":\"Article\",\"@id\":\"https:\/\/efip.ctu.edu.vn\/web\/appel-a-projets-jipf-2024\/#article\",\"isPartOf\":{\"@id\":\"https:\/\/efip.ctu.edu.vn\/web\/appel-a-projets-jipf-2024\/\"},\"author\":{\"name\":\"Emilie\",\"@id\":\"https:\/\/efip.ctu.edu.vn\/web\/#\/schema\/person\/53dc596cb2d0db2aa914c8a122a41e62\"},\"headline\":\"Appel \u00e0 projets : JIPF 2024\",\"datePublished\":\"2024-08-19T00:00:00+00:00\",\"dateModified\":\"2024-09-18T02:28:17+00:00\",\"mainEntityOfPage\":{\"@id\":\"https:\/\/efip.ctu.edu.vn\/web\/appel-a-projets-jipf-2024\/\"},\"wordCount\":323,\"commentCount\":0,\"publisher\":{\"@id\":\"https:\/\/efip.ctu.edu.vn\/web\/#organization\"},\"image\":{\"@id\":\"https:\/\/efip.ctu.edu.vn\/web\/appel-a-projets-jipf-2024\/#primaryimage\"},\"thumbnailUrl\":\"https:\/\/efip.ctu.edu.vn\/web\/wp-content\/uploads\/2024\/09\/JIPF2024.png\",\"articleSection\":[\"Actualit\u00e9s de la Francophonie\"],\"inLanguage\":\"en-US\",\"potentialAction\":[{\"@type\":\"CommentAction\",\"name\":\"Comment\",\"target\":[\"https:\/\/efip.ctu.edu.vn\/web\/appel-a-projets-jipf-2024\/#respond\"]}]},{\"@type\":\"WebPage\",\"@id\":\"https:\/\/efip.ctu.edu.vn\/web\/appel-a-projets-jipf-2024\/\",\"url\":\"https:\/\/efip.ctu.edu.vn\/web\/appel-a-projets-jipf-2024\/\",\"name\":\"Appel \u00e0 projets : JIPF 2024 - EFIP\",\"isPartOf\":{\"@id\":\"https:\/\/efip.ctu.edu.vn\/web\/#website\"},\"primaryImageOfPage\":{\"@id\":\"https:\/\/efip.ctu.edu.vn\/web\/appel-a-projets-jipf-2024\/#primaryimage\"},\"image\":{\"@id\":\"https:\/\/efip.ctu.edu.vn\/web\/appel-a-projets-jipf-2024\/#primaryimage\"},\"thumbnailUrl\":\"https:\/\/efip.ctu.edu.vn\/web\/wp-content\/uploads\/2024\/09\/JIPF2024.png\",\"datePublished\":\"2024-08-19T00:00:00+00:00\",\"dateModified\":\"2024-09-18T02:28:17+00:00\",\"description\":\"Vous avez jusqu'au 1er octobre pour d\u00e9poser un projet pour la Journ\u00e9e Internationale des Professeurs de Fran\u00e7ais.\",\"breadcrumb\":{\"@id\":\"https:\/\/efip.ctu.edu.vn\/web\/appel-a-projets-jipf-2024\/#breadcrumb\"},\"inLanguage\":\"en-US\",\"potentialAction\":[{\"@type\":\"ReadAction\",\"target\":[\"https:\/\/efip.ctu.edu.vn\/web\/appel-a-projets-jipf-2024\/\"]}]},{\"@type\":\"ImageObject\",\"inLanguage\":\"en-US\",\"@id\":\"https:\/\/efip.ctu.edu.vn\/web\/appel-a-projets-jipf-2024\/#primaryimage\",\"url\":\"https:\/\/efip.ctu.edu.vn\/web\/wp-content\/uploads\/2024\/09\/JIPF2024.png\",\"contentUrl\":\"https:\/\/efip.ctu.edu.vn\/web\/wp-content\/uploads\/2024\/09\/JIPF2024.png\"},{\"@type\":\"BreadcrumbList\",\"@id\":\"https:\/\/efip.ctu.edu.vn\/web\/appel-a-projets-jipf-2024\/#breadcrumb\",\"itemListElement\":[{\"@type\":\"ListItem\",\"position\":1,\"name\":\"Accueil\",\"item\":\"https:\/\/efip.ctu.edu.vn\/web\/\"},{\"@type\":\"ListItem\",\"position\":2,\"name\":\"Appel \u00e0 projets : JIPF 2024\"}]},{\"@type\":\"WebSite\",\"@id\":\"https:\/\/efip.ctu.edu.vn\/web\/#website\",\"url\":\"https:\/\/efip.ctu.edu.vn\/web\/\",\"name\":\"EFIP de Can Tho\",\"description\":\"Espace Francophone d&#039;Innovation et de Partenariat\",\"publisher\":{\"@id\":\"https:\/\/efip.ctu.edu.vn\/web\/#organization\"},\"potentialAction\":[{\"@type\":\"SearchAction\",\"target\":{\"@type\":\"EntryPoint\",\"urlTemplate\":\"https:\/\/efip.ctu.edu.vn\/web\/?s={search_term_string}\"},\"query-input\":{\"@type\":\"PropertyValueSpecification\",\"valueRequired\":true,\"valueName\":\"search_term_string\"}}],\"inLanguage\":\"en-US\"},{\"@type\":\"Organization\",\"@id\":\"https:\/\/efip.ctu.edu.vn\/web\/#organization\",\"name\":\"EFIP\",\"url\":\"https:\/\/efip.ctu.edu.vn\/web\/\",\"logo\":{\"@type\":\"ImageObject\",\"inLanguage\":\"en-US\",\"@id\":\"https:\/\/efip.ctu.edu.vn\/web\/#\/schema\/logo\/image\/\",\"url\":\"https:\/\/efip.ctu.edu.vn\/web\/wp-content\/uploads\/2025\/05\/efip2-150x89-1.jpg\",\"contentUrl\":\"https:\/\/efip.ctu.edu.vn\/web\/wp-content\/uploads\/2025\/05\/efip2-150x89-1.jpg\",\"width\":150,\"height\":89,\"caption\":\"EFIP\"},\"image\":{\"@id\":\"https:\/\/efip.ctu.edu.vn\/web\/#\/schema\/logo\/image\/\"},\"sameAs\":[\"https:\/\/www.facebook.com\/efipCanTho\"]},{\"@type\":\"Person\",\"@id\":\"https:\/\/efip.ctu.edu.vn\/web\/#\/schema\/person\/53dc596cb2d0db2aa914c8a122a41e62\",\"name\":\"Emilie\",\"image\":{\"@type\":\"ImageObject\",\"inLanguage\":\"en-US\",\"@id\":\"https:\/\/efip.ctu.edu.vn\/web\/#\/schema\/person\/image\/\",\"url\":\"https:\/\/secure.gravatar.com\/avatar\/6a0fb05561be2eb61d5a590bc8bec4352d8fc07271158e66cac145fdb0f3d5ad?s=96&d=mm&r=g\",\"contentUrl\":\"https:\/\/secure.gravatar.com\/avatar\/6a0fb05561be2eb61d5a590bc8bec4352d8fc07271158e66cac145fdb0f3d5ad?s=96&d=mm&r=g\",\"caption\":\"Emilie\"},\"url\":\"https:\/\/efip.ctu.edu.vn\/web\/author\/emilie\/\"}]}<\/script>\n<!-- \/ Yoast SEO plugin. -->","yoast_head_json":{"title":"Appel \u00e0 projets : JIPF 2024 - EFIP","description":"Vous avez jusqu'au 1er octobre pour d\u00e9poser un projet pour la Journ\u00e9e Internationale des Professeurs de Fran\u00e7ais.","robots":{"index":"index","follow":"follow","max-snippet":"max-snippet:-1","max-image-preview":"max-image-preview:large","max-video-preview":"max-video-preview:-1"},"canonical":"https:\/\/efip.ctu.edu.vn\/web\/appel-a-projets-jipf-2024\/","og_locale":"en_US","og_type":"article","og_title":"Appel \u00e0 projets : JIPF 2024 - EFIP","og_description":"Vous avez jusqu'au 1er octobre pour d\u00e9poser un projet pour la Journ\u00e9e Internationale des Professeurs de Fran\u00e7ais.","og_url":"https:\/\/efip.ctu.edu.vn\/web\/appel-a-projets-jipf-2024\/","og_site_name":"EFIP","article_publisher":"https:\/\/www.facebook.com\/efipCanTho","article_published_time":"2024-08-19T00:00:00+00:00","article_modified_time":"2024-09-18T02:28:17+00:00","og_image":[{"width":700,"height":394,"url":"https:\/\/efip.ctu.edu.vn\/web\/wp-content\/uploads\/2024\/09\/JIPF2024.png","type":"image\/png"}],"author":"Emilie","twitter_card":"summary_large_image","twitter_misc":{"Written by":"Emilie","Est. reading time":"2 minutes"},"schema":{"@context":"https:\/\/schema.org","@graph":[{"@type":"Article","@id":"https:\/\/efip.ctu.edu.vn\/web\/appel-a-projets-jipf-2024\/#article","isPartOf":{"@id":"https:\/\/efip.ctu.edu.vn\/web\/appel-a-projets-jipf-2024\/"},"author":{"name":"Emilie","@id":"https:\/\/efip.ctu.edu.vn\/web\/#\/schema\/person\/53dc596cb2d0db2aa914c8a122a41e62"},"headline":"Appel \u00e0 projets : JIPF 2024","datePublished":"2024-08-19T00:00:00+00:00","dateModified":"2024-09-18T02:28:17+00:00","mainEntityOfPage":{"@id":"https:\/\/efip.ctu.edu.vn\/web\/appel-a-projets-jipf-2024\/"},"wordCount":323,"commentCount":0,"publisher":{"@id":"https:\/\/efip.ctu.edu.vn\/web\/#organization"},"image":{"@id":"https:\/\/efip.ctu.edu.vn\/web\/appel-a-projets-jipf-2024\/#primaryimage"},"thumbnailUrl":"https:\/\/efip.ctu.edu.vn\/web\/wp-content\/uploads\/2024\/09\/JIPF2024.png","articleSection":["Actualit\u00e9s de la Francophonie"],"inLanguage":"en-US","potentialAction":[{"@type":"CommentAction","name":"Comment","target":["https:\/\/efip.ctu.edu.vn\/web\/appel-a-projets-jipf-2024\/#respond"]}]},{"@type":"WebPage","@id":"https:\/\/efip.ctu.edu.vn\/web\/appel-a-projets-jipf-2024\/","url":"https:\/\/efip.ctu.edu.vn\/web\/appel-a-projets-jipf-2024\/","name":"Appel \u00e0 projets : JIPF 2024 - EFIP","isPartOf":{"@id":"https:\/\/efip.ctu.edu.vn\/web\/#website"},"primaryImageOfPage":{"@id":"https:\/\/efip.ctu.edu.vn\/web\/appel-a-projets-jipf-2024\/#primaryimage"},"image":{"@id":"https:\/\/efip.ctu.edu.vn\/web\/appel-a-projets-jipf-2024\/#primaryimage"},"thumbnailUrl":"https:\/\/efip.ctu.edu.vn\/web\/wp-content\/uploads\/2024\/09\/JIPF2024.png","datePublished":"2024-08-19T00:00:00+00:00","dateModified":"2024-09-18T02:28:17+00:00","description":"Vous avez jusqu'au 1er octobre pour d\u00e9poser un projet pour la Journ\u00e9e Internationale des Professeurs de Fran\u00e7ais.","breadcrumb":{"@id":"https:\/\/efip.ctu.edu.vn\/web\/appel-a-projets-jipf-2024\/#breadcrumb"},"inLanguage":"en-US","potentialAction":[{"@type":"ReadAction","target":["https:\/\/efip.ctu.edu.vn\/web\/appel-a-projets-jipf-2024\/"]}]},{"@type":"ImageObject","inLanguage":"en-US","@id":"https:\/\/efip.ctu.edu.vn\/web\/appel-a-projets-jipf-2024\/#primaryimage","url":"https:\/\/efip.ctu.edu.vn\/web\/wp-content\/uploads\/2024\/09\/JIPF2024.png","contentUrl":"https:\/\/efip.ctu.edu.vn\/web\/wp-content\/uploads\/2024\/09\/JIPF2024.png"},{"@type":"BreadcrumbList","@id":"https:\/\/efip.ctu.edu.vn\/web\/appel-a-projets-jipf-2024\/#breadcrumb","itemListElement":[{"@type":"ListItem","position":1,"name":"Accueil","item":"https:\/\/efip.ctu.edu.vn\/web\/"},{"@type":"ListItem","position":2,"name":"Appel \u00e0 projets : JIPF 2024"}]},{"@type":"WebSite","@id":"https:\/\/efip.ctu.edu.vn\/web\/#website","url":"https:\/\/efip.ctu.edu.vn\/web\/","name":"EFIP de Can Tho","description":"Espace Francophone d&#039;Innovation et de Partenariat","publisher":{"@id":"https:\/\/efip.ctu.edu.vn\/web\/#organization"},"potentialAction":[{"@type":"SearchAction","target":{"@type":"EntryPoint","urlTemplate":"https:\/\/efip.ctu.edu.vn\/web\/?s={search_term_string}"},"query-input":{"@type":"PropertyValueSpecification","valueRequired":true,"valueName":"search_term_string"}}],"inLanguage":"en-US"},{"@type":"Organization","@id":"https:\/\/efip.ctu.edu.vn\/web\/#organization","name":"EFIP","url":"https:\/\/efip.ctu.edu.vn\/web\/","logo":{"@type":"ImageObject","inLanguage":"en-US","@id":"https:\/\/efip.ctu.edu.vn\/web\/#\/schema\/logo\/image\/","url":"https:\/\/efip.ctu.edu.vn\/web\/wp-content\/uploads\/2025\/05\/efip2-150x89-1.jpg","contentUrl":"https:\/\/efip.ctu.edu.vn\/web\/wp-content\/uploads\/2025\/05\/efip2-150x89-1.jpg","width":150,"height":89,"caption":"EFIP"},"image":{"@id":"https:\/\/efip.ctu.edu.vn\/web\/#\/schema\/logo\/image\/"},"sameAs":["https:\/\/www.facebook.com\/efipCanTho"]},{"@type":"Person","@id":"https:\/\/efip.ctu.edu.vn\/web\/#\/schema\/person\/53dc596cb2d0db2aa914c8a122a41e62","name":"Emilie","image":{"@type":"ImageObject","inLanguage":"en-US","@id":"https:\/\/efip.ctu.edu.vn\/web\/#\/schema\/person\/image\/","url":"https:\/\/secure.gravatar.com\/avatar\/6a0fb05561be2eb61d5a590bc8bec4352d8fc07271158e66cac145fdb0f3d5ad?s=96&d=mm&r=g","contentUrl":"https:\/\/secure.gravatar.com\/avatar\/6a0fb05561be2eb61d5a590bc8bec4352d8fc07271158e66cac145fdb0f3d5ad?s=96&d=mm&r=g","caption":"Emilie"},"url":"https:\/\/efip.ctu.edu.vn\/web\/author\/emilie\/"}]}},"_links":{"self":[{"href":"https:\/\/efip.ctu.edu.vn\/web\/wp-json\/wp\/v2\/posts\/4107","targetHints":{"allow":["GET"]}}],"collection":[{"href":"https:\/\/efip.ctu.edu.vn\/web\/wp-json\/wp\/v2\/posts"}],"about":[{"href":"https:\/\/efip.ctu.edu.vn\/web\/wp-json\/wp\/v2\/types\/post"}],"author":[{"embeddable":true,"href":"https:\/\/efip.ctu.edu.vn\/web\/wp-json\/wp\/v2\/users\/3"}],"replies":[{"embeddable":true,"href":"https:\/\/efip.ctu.edu.vn\/web\/wp-json\/wp\/v2\/comments?post=4107"}],"version-history":[{"count":1,"href":"https:\/\/efip.ctu.edu.vn\/web\/wp-json\/wp\/v2\/posts\/4107\/revisions"}],"predecessor-version":[{"id":4109,"href":"https:\/\/efip.ctu.edu.vn\/web\/wp-json\/wp\/v2\/posts\/4107\/revisions\/4109"}],"wp:attachment":[{"href":"https:\/\/efip.ctu.edu.vn\/web\/wp-json\/wp\/v2\/media?parent=4107"}],"wp:term":[{"taxonomy":"category","embeddable":true,"href":"https:\/\/efip.ctu.edu.vn\/web\/wp-json\/wp\/v2\/categories?post=4107"},{"taxonomy":"post_tag","embeddable":true,"href":"https:\/\/efip.ctu.edu.vn\/web\/wp-json\/wp\/v2\/tags?post=4107"}],"curies":[{"name":"wp","href":"https:\/\/api.w.org\/{rel}","templated":true}]}}