{"id":4104,"date":"2024-08-12T07:00:00","date_gmt":"2024-08-12T00:00:00","guid":{"rendered":"https:\/\/efip.ctu.edu.vn\/web\/?p=4104"},"modified":"2024-09-18T09:20:36","modified_gmt":"2024-09-18T02:20:36","slug":"appel-a-projets-savoirs-endogenes-savoirs-contemporains-de-nouvelles-alliances-pour-les-odd","status":"publish","type":"post","link":"https:\/\/efip.ctu.edu.vn\/web\/appel-a-projets-savoirs-endogenes-savoirs-contemporains-de-nouvelles-alliances-pour-les-odd\/","title":{"rendered":"Appel \u00e0 projets | Savoirs endog\u00e8nes, savoirs contemporains : de nouvelles alliances pour les ODD"},"content":{"rendered":"<div class=\"wp-block-image\">\n<figure class=\"aligncenter size-full\"><a href=\"https:\/\/efip.ctu.edu.vn\/web\/wp-content\/uploads\/2024\/09\/Appel-a-projets-SESC-700x394-1.png\"><img decoding=\"async\" src=\"https:\/\/efip.ctu.edu.vn\/web\/wp-content\/uploads\/2024\/09\/Appel-a-projets-SESC-700x394-1.png\" alt=\"Appel \u00e0 projets | Savoirs endog\u00e8nes, savoirs contemporains : de nouvelles alliances pour les ODD\" class=\"wp-image-4105\"\/><\/a><\/figure><\/div>\n\n\n<p><strong>La Direction Afrique du Nord de l\u2019Agence Universitaire de la Francophonie (AUF) lance un appel \u00e0 projets en partenariat avec l&#8217;Organisation du monde islamique pour l&#8217;\u00e9ducation, les sciences et la culture (ICESCO), l&#8217;Universit\u00e9 Mohammed V de Rabat (UM5), l\u2019Ambassade de France en Mauritanie, HEM Business School, et l&#8217;Institut Royal de la Culture Amazighe (IRCAM) intitul\u00e9 Savoirs endog\u00e8nes, savoirs contemporains (SESC) : de nouvelles alliances pour les ODD. Ce projet vise \u00e0 constituer des groupes de recherche (GDR) pluridisciplinaires et multi-acteurs de recherche-action-intervention \u00e0 travers la rencontre entre savoirs acad\u00e9miques (sciences contemporaines) et savoirs traditionnels ou endog\u00e8nes. La date limite de d\u00e9p\u00f4t des propositions de projets est le 30 septembre 2024.&nbsp;<\/strong><strong><\/strong><\/p>\n\n\n\n<h2 class=\"wp-block-heading has-vivid-purple-color has-text-color has-link-color wp-elements-4cd040bdb18707788231a264b734a1b5\"><strong>Pr\u00e9sentation succincte<\/strong>&nbsp;<\/h2>\n\n\n\n<p>Les savoirs traditionnels englobent des connaissances, des savoir-faire, des techniques et des pratiques transmis de g\u00e9n\u00e9ration en g\u00e9n\u00e9ration au sein des communaut\u00e9s. Ces savoirs, couvrant divers domaines tels que l\u2019agriculture, l\u2019architecture, la m\u00e9decine et la gestion de l\u2019environnement, sont une composante essentielle de l\u2019identit\u00e9 culturelle et spirituelle des communaut\u00e9s.&nbsp;<\/p>\n\n\n\n<p>L\u2019id\u00e9e fondamentale de cet appel \u00e0 projets repose sur un concept clair et pragmatique : au-del\u00e0 de leur valeur patrimoniale consid\u00e9rable, les savoirs traditionnels pr\u00e9sentent des aspects pr\u00e9cieux, tout comme les sciences et technologies contemporaines ont leurs limites. Il s\u2019agit de promouvoir une science pratique r\u00e9ellement ouverte, cumulative, durable et \u00e0 fort impact social.&nbsp;<\/p>\n\n\n\n<p>L\u2019Agence Universitaire de la Francophonie a plac\u00e9 au centre de sa nouvelle strat\u00e9gie l\u2019\u00e9ducation, le plurilinguisme et le pluriculturalisme, ainsi que la recherche appliqu\u00e9e au service du d\u00e9veloppement durable. Ce projet, qu\u2019elle initie, vise \u00e0 rassembler plusieurs entit\u00e9s publiques et priv\u00e9es, notamment les organisations de la soci\u00e9t\u00e9 civile, et \u00e0 impliquer directement les acteurs des territoires cibles.&nbsp;<\/p>\n\n\n\n<p>Le projet SESC a pour objectif principal de\u202fcontribuer au d\u00e9veloppement durable des soci\u00e9t\u00e9s et aux r\u00e9ponses alternatives aux d\u00e9fis contemporains \u00e0 travers la rencontre entre savoirs acad\u00e9miques et savoirs traditionnels ou endog\u00e8nes dans la r\u00e9gion.&nbsp;&nbsp;&nbsp;<\/p>\n\n\n\n<h2 class=\"wp-block-heading has-vivid-cyan-blue-color has-text-color has-link-color wp-elements-7263dcc55ab060ba200d426a45cc1d51\"><strong>Objectifs sp\u00e9cifiques<\/strong>&nbsp;<\/h2>\n\n\n\n<ul class=\"wp-block-list\">\n<li>Favoriser la rencontre et la compl\u00e9mentarit\u00e9 entre les acteurs des savoirs acad\u00e9miques et les porteurs de savoirs traditionnels pour d\u00e9couvrir des solutions alternatives aux d\u00e9fis actuels.\u00a0<\/li>\n\n\n\n<li>Faciliter l\u2019amor\u00e7age de propositions de projets pluri-acteurs et multidisciplinaires pour pr\u00e9senter des projets de recherche-action ambitieux.\u00a0<\/li>\n<\/ul>\n\n\n\n<h3 class=\"wp-block-heading has-pale-cyan-blue-color has-text-color has-link-color wp-elements-82790951a0af3dea243a7a56f5a20688\"><strong>Conditions d\u2019\u00e9ligibilit\u00e9<\/strong>&nbsp;<\/h3>\n\n\n\n<p>L\u2019appel est ouvert \u00e0 des groupes de recherche compos\u00e9s d\u2019au moins trois unit\u00e9s :&nbsp;<\/p>\n\n\n\n<ul class=\"wp-block-list\">\n<li>Enseignants\/chercheurs d\u2019universit\u00e9s, \u00e9tablissements ou centres de recherche publics ou priv\u00e9s d\u2019Afrique du Nord membres de l\u2019AUF en tant que chef de file (porteur du projet).\u00a0<\/li>\n\n\n\n<li>Enseignants\/chercheurs d\u2019universit\u00e9s, \u00e9tablissements ou centres de recherche membres de l\u2019AUF dans le monde (hors Afrique du Nord) en tant que partenaires.\u00a0<\/li>\n\n\n\n<li>Repr\u00e9sentants de la soci\u00e9t\u00e9 civile (associations, coop\u00e9ratives, ONG, porteurs de savoirs traditionnels) en tant que partenaires ext\u00e9rieurs.\u00a0<\/li>\n<\/ul>\n\n\n\n<p>Le coordonnateur du projet doit \u00eatre en activit\u00e9 dans l\u2019universit\u00e9 porteuse du projet, et des points focaux doivent \u00eatre d\u00e9sign\u00e9s pour chaque partenaire.&nbsp;<\/p>\n\n\n\n<h3 class=\"wp-block-heading has-pale-cyan-blue-color has-text-color has-link-color wp-elements-337d29d64fd0e533ba5b0d57875cab16\"><strong>Dur\u00e9e du projet<\/strong>&nbsp;<\/h3>\n\n\n\n<p>La dur\u00e9e du projet ne pourra pas exc\u00e9der une ann\u00e9e \u00e0 partir de la date de signature des conventions pour chaque projet.&nbsp;<\/p>\n\n\n\n<h2 class=\"wp-block-heading has-vivid-purple-color has-text-color has-link-color wp-elements-d87f33469d2e49759e12ed09d1d6eadb\"><strong>Moyens financiers et modalit\u00e9s de financement<\/strong>&nbsp;<\/h2>\n\n\n\n<p><strong>Le financement accord\u00e9 par l\u2019AUF varie en fonction de la taille et de l\u2019envergure des projets.&nbsp;<\/strong>Le budget maximal octroy\u00e9 pour un projet ne pourra d\u00e9passer<strong>&nbsp;8 000 \u20ac&nbsp;<\/strong>dont<strong>\u202f:<\/strong>&nbsp;<\/p>\n\n\n\n<p><em>D\u00e9penses \u00e9ligibles\u202f:&nbsp;<\/em><\/p>\n\n\n\n<ul class=\"wp-block-list\">\n<li>Missions d\u2019experts, de partage d\u2019exp\u00e9rience et de montage de projets internationaux\u202f;\u00a0<\/li>\n\n\n\n<li>Organisation de s\u00e9minaires, journ\u00e9es d\u2019\u00e9tude, ateliers de recherche.\u00a0<\/li>\n<\/ul>\n\n\n\n<p><strong>Le coordonnateur du projet<\/strong>&nbsp;de l\u2019\u00e9tablissement chef de file est enti\u00e8rement responsable des d\u00e9penses li\u00e9es aux activit\u00e9s du projet (fourniture des devis, factures, d\u00e9clarations de frais, etc.)&nbsp;<\/p>\n\n\n\n<h2 class=\"wp-block-heading has-vivid-cyan-blue-color has-text-color has-link-color wp-elements-40a190662bf116fdf35baa3896376a28\"><strong>Proc\u00e9dures de s\u00e9lection<\/strong>&nbsp;<\/h2>\n\n\n\n<p>Les dossiers seront \u00e9valu\u00e9s par une commission compos\u00e9e des membres de la Commission r\u00e9gionale d\u2019experts \u00e9conomiques et scientifiques (CREES) de l\u2019AUF et d\u2019un comit\u00e9 scientifique constitu\u00e9&nbsp;<em>ad hoc<\/em>&nbsp;par les partenaires du projet. Les crit\u00e8res d\u2019\u00e9valuation incluent la qualit\u00e9 de la proposition, l\u2019expertise des \u00e9quipes, la compl\u00e9mentarit\u00e9 des activit\u00e9s et la coh\u00e9rence du projet.&nbsp;<\/p>\n\n\n\n<h2 class=\"wp-block-heading has-vivid-purple-color has-text-color has-link-color wp-elements-89c03e47be7d7b33ae4624c550c07a7a\"><strong>Calendrier de l\u2019appel<\/strong>&nbsp;<\/h2>\n\n\n\n<ul class=\"wp-block-list\">\n<li>29\/07\/2024 : Lancement de l\u2019appel \u00e0 projets \u2013 ouverture de la plateforme en ligne&nbsp;<\/li>\n\n\n\n<li>30\/09\/2024 : Date limite de d\u00e9p\u00f4t des propositions de projets&nbsp;<\/li>\n\n\n\n<li>04\/11\/2024 : \u00c9valuation des propositions de projets par les commissions d\u2019experts&nbsp;<\/li>\n\n\n\n<li>Jusqu\u2019au 18\/11\/2024 : Entretiens avec les porteurs des projets s\u00e9lectionn\u00e9s&nbsp;<\/li>\n\n\n\n<li>18\/11\/2024 : Signature des contrats \/ conventions et d\u00e9marrage des projets&nbsp;<\/li>\n<\/ul>\n\n\n\n<h2 class=\"wp-block-heading has-vivid-cyan-blue-color has-text-color has-link-color wp-elements-cc480fddc8e4ce09b3dd122003c75c1a\"><strong>Constitution du dossier<\/strong>&nbsp;<\/h2>\n\n\n\n<p>Le dossier de candidature doit \u00eatre compl\u00e9t\u00e9 en ligne et comprendre :&nbsp;<\/p>\n\n\n\n<ul class=\"wp-block-list\">\n<li>Le descriptif du projet.\u00a0<\/li>\n\n\n\n<li>Le budget pr\u00e9visionnel d\u00e9taill\u00e9.\u00a0<\/li>\n\n\n\n<li>Les curriculums vitae des coordonnateurs et des points focaux.\u00a0<\/li>\n\n\n\n<li>Les lettres d\u2019engagement des partenaires.\u00a0<\/li>\n<\/ul>\n\n\n\n<h3 class=\"wp-block-heading has-pale-cyan-blue-color has-text-color has-link-color wp-elements-1754687bc3395de042f59a5a89a924d9\"><strong>Modalit\u00e9s de candidature<\/strong>&nbsp;<\/h3>\n\n\n\n<p>Les formulaires de candidature doivent \u00eatre compl\u00e9t\u00e9s en ligne et toutes les pi\u00e8ces jointes doivent \u00eatre r\u00e9dig\u00e9es en fran\u00e7ais.&nbsp;<\/p>\n\n\n\n<p><strong>Lien de candidature :&nbsp;<\/strong><a href=\"https:\/\/forms.gle\/4pvV5dvGqfSsBtTm6\"><strong>https:\/\/forms.gle\/4pvV5dvGqfSsBtTm6<\/strong><\/a>&nbsp;<\/p>\n\n\n\n<p><strong>Pour t\u00e9l\u00e9charger le mod\u00e8le de budget,&nbsp;<\/strong><a href=\"https:\/\/docs.google.com\/spreadsheets\/d\/1O6cMhLb2rsluOaLVfVYo0yBmu7NUkMJe\/edit?usp=drive_link&amp;ouid=116238093187848664035&amp;rtpof=true&amp;sd=true\"><strong>cliquez ici<\/strong><\/a><strong>.<\/strong>&nbsp;<\/p>\n\n\n\n<p><strong>Pour t\u00e9l\u00e9charger l\u2019appel \u00e0 candidature,&nbsp;<\/strong><a href=\"https:\/\/drive.google.com\/file\/d\/1xk3Fh7aYKoelnaNlm-V0qt2YEDDBEU1I\/view?usp=drive_link\"><strong>cliquez ici<\/strong><\/a><strong>.<\/strong>&nbsp;<\/p>\n\n\n\n<p><\/p>\n\n\n\n<h3 class=\"wp-block-heading has-vivid-green-cyan-color has-text-color has-link-color wp-elements-804eb391bdf0b57995de085aeccac0e5\"><strong>Pour plus d\u2019informations, contactez-nous par courriel : expertise-dran@auf.org<\/strong>&nbsp;<\/h3>\n\n\n\n<p><\/p>\n\n\n\n<p><em>Copi\u00e9 du site Internet de l&#8217;AUF :<a href=\"https:\/\/www.auf.org\/nouvelles\/appels-a-candidatures\/appel-projets-savoirs-endogenes-savoirs-contemporains-de-nouvelles-alliances-pour-les-odd\/\" target=\"_blank\" rel=\"noreferrer noopener\"> https:\/\/www.auf.org\/nouvelles\/appels-a-candidatures\/appel-projets-savoirs-endogenes-savoirs-contemporains-de-nouvelles-alliances-pour-les-odd\/<\/a><\/em><\/p>\n\n\n\n<p><\/p>\n","protected":false},"excerpt":{"rendered":"<p>La Direction Afrique du Nord de l\u2019Agence Universitaire de la Francophonie (AUF) lance un appel \u00e0 projets en partenariat avec &hellip; <br \/><a href=\"https:\/\/efip.ctu.edu.vn\/web\/appel-a-projets-savoirs-endogenes-savoirs-contemporains-de-nouvelles-alliances-pour-les-odd\/\" class=\"more-link\">Continue reading <span class=\"screen-reader-text\">Appel \u00e0 projets | Savoirs endog\u00e8nes, savoirs contemporains : de nouvelles alliances pour les ODD<\/span><\/a><\/p>\n","protected":false},"author":3,"featured_media":0,"comment_status":"open","ping_status":"open","sticky":false,"template":"","format":"standard","meta":{"footnotes":""},"categories":[57],"tags":[],"class_list":["post-4104","post","type-post","status-publish","format-standard","hentry","category-divers"],"yoast_head":"<!-- This site is optimized with the Yoast SEO plugin v25.0 - https:\/\/yoast.com\/wordpress\/plugins\/seo\/ -->\n<title>Appel \u00e0 projets | Savoirs endog\u00e8nes, savoirs contemporains : de nouvelles alliances pour les ODD - EFIP<\/title>\n<meta name=\"description\" content=\"Ce projet vise \u00e0 constituer des groupes de recherche (GDR) pluridisciplinaires et multi-acteurs de recherche-action-intervention \u00e0 travers la rencontre entre savoirs acad\u00e9miques (sciences contemporaines) et savoirs traditionnels ou endog\u00e8nes.\" \/>\n<meta name=\"robots\" content=\"index, follow, max-snippet:-1, max-image-preview:large, max-video-preview:-1\" \/>\n<link rel=\"canonical\" href=\"https:\/\/efip.ctu.edu.vn\/web\/appel-a-projets-savoirs-endogenes-savoirs-contemporains-de-nouvelles-alliances-pour-les-odd\/\" \/>\n<meta property=\"og:locale\" content=\"en_US\" \/>\n<meta property=\"og:type\" content=\"article\" \/>\n<meta property=\"og:title\" content=\"Appel \u00e0 projets | Savoirs endog\u00e8nes, savoirs contemporains : de nouvelles alliances pour les ODD - EFIP\" \/>\n<meta property=\"og:description\" content=\"Ce projet vise \u00e0 constituer des groupes de recherche (GDR) pluridisciplinaires et multi-acteurs de recherche-action-intervention \u00e0 travers la rencontre entre savoirs acad\u00e9miques (sciences contemporaines) et savoirs traditionnels ou endog\u00e8nes.\" \/>\n<meta property=\"og:url\" content=\"https:\/\/efip.ctu.edu.vn\/web\/appel-a-projets-savoirs-endogenes-savoirs-contemporains-de-nouvelles-alliances-pour-les-odd\/\" \/>\n<meta property=\"og:site_name\" content=\"EFIP\" \/>\n<meta property=\"article:publisher\" content=\"https:\/\/www.facebook.com\/efipCanTho\" \/>\n<meta property=\"article:published_time\" content=\"2024-08-12T00:00:00+00:00\" \/>\n<meta property=\"article:modified_time\" content=\"2024-09-18T02:20:36+00:00\" \/>\n<meta property=\"og:image\" content=\"https:\/\/efip.ctu.edu.vn\/web\/wp-content\/uploads\/2024\/09\/Appel-a-projets-SESC-700x394-1.png\" \/>\n\t<meta property=\"og:image:width\" content=\"700\" \/>\n\t<meta property=\"og:image:height\" content=\"394\" \/>\n\t<meta property=\"og:image:type\" content=\"image\/png\" \/>\n<meta name=\"author\" content=\"Emilie\" \/>\n<meta name=\"twitter:card\" content=\"summary_large_image\" \/>\n<meta name=\"twitter:label1\" content=\"Written by\" \/>\n\t<meta name=\"twitter:data1\" content=\"Emilie\" \/>\n\t<meta name=\"twitter:label2\" content=\"Est. reading time\" \/>\n\t<meta name=\"twitter:data2\" content=\"5 minutes\" \/>\n<script type=\"application\/ld+json\" class=\"yoast-schema-graph\">{\"@context\":\"https:\/\/schema.org\",\"@graph\":[{\"@type\":\"Article\",\"@id\":\"https:\/\/efip.ctu.edu.vn\/web\/appel-a-projets-savoirs-endogenes-savoirs-contemporains-de-nouvelles-alliances-pour-les-odd\/#article\",\"isPartOf\":{\"@id\":\"https:\/\/efip.ctu.edu.vn\/web\/appel-a-projets-savoirs-endogenes-savoirs-contemporains-de-nouvelles-alliances-pour-les-odd\/\"},\"author\":{\"name\":\"Emilie\",\"@id\":\"https:\/\/efip.ctu.edu.vn\/web\/#\/schema\/person\/53dc596cb2d0db2aa914c8a122a41e62\"},\"headline\":\"Appel \u00e0 projets | Savoirs endog\u00e8nes, savoirs contemporains : de nouvelles alliances pour les ODD\",\"datePublished\":\"2024-08-12T00:00:00+00:00\",\"dateModified\":\"2024-09-18T02:20:36+00:00\",\"mainEntityOfPage\":{\"@id\":\"https:\/\/efip.ctu.edu.vn\/web\/appel-a-projets-savoirs-endogenes-savoirs-contemporains-de-nouvelles-alliances-pour-les-odd\/\"},\"wordCount\":942,\"commentCount\":0,\"publisher\":{\"@id\":\"https:\/\/efip.ctu.edu.vn\/web\/#organization\"},\"image\":{\"@id\":\"https:\/\/efip.ctu.edu.vn\/web\/appel-a-projets-savoirs-endogenes-savoirs-contemporains-de-nouvelles-alliances-pour-les-odd\/#primaryimage\"},\"thumbnailUrl\":\"https:\/\/efip.ctu.edu.vn\/web\/wp-content\/uploads\/2024\/09\/Appel-a-projets-SESC-700x394-1.png\",\"articleSection\":[\"Divers\"],\"inLanguage\":\"en-US\",\"potentialAction\":[{\"@type\":\"CommentAction\",\"name\":\"Comment\",\"target\":[\"https:\/\/efip.ctu.edu.vn\/web\/appel-a-projets-savoirs-endogenes-savoirs-contemporains-de-nouvelles-alliances-pour-les-odd\/#respond\"]}]},{\"@type\":\"WebPage\",\"@id\":\"https:\/\/efip.ctu.edu.vn\/web\/appel-a-projets-savoirs-endogenes-savoirs-contemporains-de-nouvelles-alliances-pour-les-odd\/\",\"url\":\"https:\/\/efip.ctu.edu.vn\/web\/appel-a-projets-savoirs-endogenes-savoirs-contemporains-de-nouvelles-alliances-pour-les-odd\/\",\"name\":\"Appel \u00e0 projets | Savoirs endog\u00e8nes, savoirs contemporains : de nouvelles alliances pour les ODD - EFIP\",\"isPartOf\":{\"@id\":\"https:\/\/efip.ctu.edu.vn\/web\/#website\"},\"primaryImageOfPage\":{\"@id\":\"https:\/\/efip.ctu.edu.vn\/web\/appel-a-projets-savoirs-endogenes-savoirs-contemporains-de-nouvelles-alliances-pour-les-odd\/#primaryimage\"},\"image\":{\"@id\":\"https:\/\/efip.ctu.edu.vn\/web\/appel-a-projets-savoirs-endogenes-savoirs-contemporains-de-nouvelles-alliances-pour-les-odd\/#primaryimage\"},\"thumbnailUrl\":\"https:\/\/efip.ctu.edu.vn\/web\/wp-content\/uploads\/2024\/09\/Appel-a-projets-SESC-700x394-1.png\",\"datePublished\":\"2024-08-12T00:00:00+00:00\",\"dateModified\":\"2024-09-18T02:20:36+00:00\",\"description\":\"Ce projet vise \u00e0 constituer des groupes de recherche (GDR) pluridisciplinaires et multi-acteurs de recherche-action-intervention \u00e0 travers la rencontre entre savoirs acad\u00e9miques (sciences contemporaines) et savoirs traditionnels ou endog\u00e8nes.\",\"breadcrumb\":{\"@id\":\"https:\/\/efip.ctu.edu.vn\/web\/appel-a-projets-savoirs-endogenes-savoirs-contemporains-de-nouvelles-alliances-pour-les-odd\/#breadcrumb\"},\"inLanguage\":\"en-US\",\"potentialAction\":[{\"@type\":\"ReadAction\",\"target\":[\"https:\/\/efip.ctu.edu.vn\/web\/appel-a-projets-savoirs-endogenes-savoirs-contemporains-de-nouvelles-alliances-pour-les-odd\/\"]}]},{\"@type\":\"ImageObject\",\"inLanguage\":\"en-US\",\"@id\":\"https:\/\/efip.ctu.edu.vn\/web\/appel-a-projets-savoirs-endogenes-savoirs-contemporains-de-nouvelles-alliances-pour-les-odd\/#primaryimage\",\"url\":\"https:\/\/efip.ctu.edu.vn\/web\/wp-content\/uploads\/2024\/09\/Appel-a-projets-SESC-700x394-1.png\",\"contentUrl\":\"https:\/\/efip.ctu.edu.vn\/web\/wp-content\/uploads\/2024\/09\/Appel-a-projets-SESC-700x394-1.png\"},{\"@type\":\"BreadcrumbList\",\"@id\":\"https:\/\/efip.ctu.edu.vn\/web\/appel-a-projets-savoirs-endogenes-savoirs-contemporains-de-nouvelles-alliances-pour-les-odd\/#breadcrumb\",\"itemListElement\":[{\"@type\":\"ListItem\",\"position\":1,\"name\":\"Accueil\",\"item\":\"https:\/\/efip.ctu.edu.vn\/web\/\"},{\"@type\":\"ListItem\",\"position\":2,\"name\":\"Appel \u00e0 projets | Savoirs endog\u00e8nes, savoirs contemporains : de nouvelles alliances pour les ODD\"}]},{\"@type\":\"WebSite\",\"@id\":\"https:\/\/efip.ctu.edu.vn\/web\/#website\",\"url\":\"https:\/\/efip.ctu.edu.vn\/web\/\",\"name\":\"EFIP de Can Tho\",\"description\":\"Espace Francophone d&#039;Innovation et de Partenariat\",\"publisher\":{\"@id\":\"https:\/\/efip.ctu.edu.vn\/web\/#organization\"},\"potentialAction\":[{\"@type\":\"SearchAction\",\"target\":{\"@type\":\"EntryPoint\",\"urlTemplate\":\"https:\/\/efip.ctu.edu.vn\/web\/?s={search_term_string}\"},\"query-input\":{\"@type\":\"PropertyValueSpecification\",\"valueRequired\":true,\"valueName\":\"search_term_string\"}}],\"inLanguage\":\"en-US\"},{\"@type\":\"Organization\",\"@id\":\"https:\/\/efip.ctu.edu.vn\/web\/#organization\",\"name\":\"EFIP\",\"url\":\"https:\/\/efip.ctu.edu.vn\/web\/\",\"logo\":{\"@type\":\"ImageObject\",\"inLanguage\":\"en-US\",\"@id\":\"https:\/\/efip.ctu.edu.vn\/web\/#\/schema\/logo\/image\/\",\"url\":\"https:\/\/efip.ctu.edu.vn\/web\/wp-content\/uploads\/2025\/05\/efip2-150x89-1.jpg\",\"contentUrl\":\"https:\/\/efip.ctu.edu.vn\/web\/wp-content\/uploads\/2025\/05\/efip2-150x89-1.jpg\",\"width\":150,\"height\":89,\"caption\":\"EFIP\"},\"image\":{\"@id\":\"https:\/\/efip.ctu.edu.vn\/web\/#\/schema\/logo\/image\/\"},\"sameAs\":[\"https:\/\/www.facebook.com\/efipCanTho\"]},{\"@type\":\"Person\",\"@id\":\"https:\/\/efip.ctu.edu.vn\/web\/#\/schema\/person\/53dc596cb2d0db2aa914c8a122a41e62\",\"name\":\"Emilie\",\"image\":{\"@type\":\"ImageObject\",\"inLanguage\":\"en-US\",\"@id\":\"https:\/\/efip.ctu.edu.vn\/web\/#\/schema\/person\/image\/\",\"url\":\"https:\/\/secure.gravatar.com\/avatar\/6a0fb05561be2eb61d5a590bc8bec4352d8fc07271158e66cac145fdb0f3d5ad?s=96&d=mm&r=g\",\"contentUrl\":\"https:\/\/secure.gravatar.com\/avatar\/6a0fb05561be2eb61d5a590bc8bec4352d8fc07271158e66cac145fdb0f3d5ad?s=96&d=mm&r=g\",\"caption\":\"Emilie\"},\"url\":\"https:\/\/efip.ctu.edu.vn\/web\/author\/emilie\/\"}]}<\/script>\n<!-- \/ Yoast SEO plugin. -->","yoast_head_json":{"title":"Appel \u00e0 projets | Savoirs endog\u00e8nes, savoirs contemporains : de nouvelles alliances pour les ODD - EFIP","description":"Ce projet vise \u00e0 constituer des groupes de recherche (GDR) pluridisciplinaires et multi-acteurs de recherche-action-intervention \u00e0 travers la rencontre entre savoirs acad\u00e9miques (sciences contemporaines) et savoirs traditionnels ou endog\u00e8nes.","robots":{"index":"index","follow":"follow","max-snippet":"max-snippet:-1","max-image-preview":"max-image-preview:large","max-video-preview":"max-video-preview:-1"},"canonical":"https:\/\/efip.ctu.edu.vn\/web\/appel-a-projets-savoirs-endogenes-savoirs-contemporains-de-nouvelles-alliances-pour-les-odd\/","og_locale":"en_US","og_type":"article","og_title":"Appel \u00e0 projets | Savoirs endog\u00e8nes, savoirs contemporains : de nouvelles alliances pour les ODD - EFIP","og_description":"Ce projet vise \u00e0 constituer des groupes de recherche (GDR) pluridisciplinaires et multi-acteurs de recherche-action-intervention \u00e0 travers la rencontre entre savoirs acad\u00e9miques (sciences contemporaines) et savoirs traditionnels ou endog\u00e8nes.","og_url":"https:\/\/efip.ctu.edu.vn\/web\/appel-a-projets-savoirs-endogenes-savoirs-contemporains-de-nouvelles-alliances-pour-les-odd\/","og_site_name":"EFIP","article_publisher":"https:\/\/www.facebook.com\/efipCanTho","article_published_time":"2024-08-12T00:00:00+00:00","article_modified_time":"2024-09-18T02:20:36+00:00","og_image":[{"width":700,"height":394,"url":"https:\/\/efip.ctu.edu.vn\/web\/wp-content\/uploads\/2024\/09\/Appel-a-projets-SESC-700x394-1.png","type":"image\/png"}],"author":"Emilie","twitter_card":"summary_large_image","twitter_misc":{"Written by":"Emilie","Est. reading time":"5 minutes"},"schema":{"@context":"https:\/\/schema.org","@graph":[{"@type":"Article","@id":"https:\/\/efip.ctu.edu.vn\/web\/appel-a-projets-savoirs-endogenes-savoirs-contemporains-de-nouvelles-alliances-pour-les-odd\/#article","isPartOf":{"@id":"https:\/\/efip.ctu.edu.vn\/web\/appel-a-projets-savoirs-endogenes-savoirs-contemporains-de-nouvelles-alliances-pour-les-odd\/"},"author":{"name":"Emilie","@id":"https:\/\/efip.ctu.edu.vn\/web\/#\/schema\/person\/53dc596cb2d0db2aa914c8a122a41e62"},"headline":"Appel \u00e0 projets | Savoirs endog\u00e8nes, savoirs contemporains : de nouvelles alliances pour les ODD","datePublished":"2024-08-12T00:00:00+00:00","dateModified":"2024-09-18T02:20:36+00:00","mainEntityOfPage":{"@id":"https:\/\/efip.ctu.edu.vn\/web\/appel-a-projets-savoirs-endogenes-savoirs-contemporains-de-nouvelles-alliances-pour-les-odd\/"},"wordCount":942,"commentCount":0,"publisher":{"@id":"https:\/\/efip.ctu.edu.vn\/web\/#organization"},"image":{"@id":"https:\/\/efip.ctu.edu.vn\/web\/appel-a-projets-savoirs-endogenes-savoirs-contemporains-de-nouvelles-alliances-pour-les-odd\/#primaryimage"},"thumbnailUrl":"https:\/\/efip.ctu.edu.vn\/web\/wp-content\/uploads\/2024\/09\/Appel-a-projets-SESC-700x394-1.png","articleSection":["Divers"],"inLanguage":"en-US","potentialAction":[{"@type":"CommentAction","name":"Comment","target":["https:\/\/efip.ctu.edu.vn\/web\/appel-a-projets-savoirs-endogenes-savoirs-contemporains-de-nouvelles-alliances-pour-les-odd\/#respond"]}]},{"@type":"WebPage","@id":"https:\/\/efip.ctu.edu.vn\/web\/appel-a-projets-savoirs-endogenes-savoirs-contemporains-de-nouvelles-alliances-pour-les-odd\/","url":"https:\/\/efip.ctu.edu.vn\/web\/appel-a-projets-savoirs-endogenes-savoirs-contemporains-de-nouvelles-alliances-pour-les-odd\/","name":"Appel \u00e0 projets | Savoirs endog\u00e8nes, savoirs contemporains : de nouvelles alliances pour les ODD - EFIP","isPartOf":{"@id":"https:\/\/efip.ctu.edu.vn\/web\/#website"},"primaryImageOfPage":{"@id":"https:\/\/efip.ctu.edu.vn\/web\/appel-a-projets-savoirs-endogenes-savoirs-contemporains-de-nouvelles-alliances-pour-les-odd\/#primaryimage"},"image":{"@id":"https:\/\/efip.ctu.edu.vn\/web\/appel-a-projets-savoirs-endogenes-savoirs-contemporains-de-nouvelles-alliances-pour-les-odd\/#primaryimage"},"thumbnailUrl":"https:\/\/efip.ctu.edu.vn\/web\/wp-content\/uploads\/2024\/09\/Appel-a-projets-SESC-700x394-1.png","datePublished":"2024-08-12T00:00:00+00:00","dateModified":"2024-09-18T02:20:36+00:00","description":"Ce projet vise \u00e0 constituer des groupes de recherche (GDR) pluridisciplinaires et multi-acteurs de recherche-action-intervention \u00e0 travers la rencontre entre savoirs acad\u00e9miques (sciences contemporaines) et savoirs traditionnels ou endog\u00e8nes.","breadcrumb":{"@id":"https:\/\/efip.ctu.edu.vn\/web\/appel-a-projets-savoirs-endogenes-savoirs-contemporains-de-nouvelles-alliances-pour-les-odd\/#breadcrumb"},"inLanguage":"en-US","potentialAction":[{"@type":"ReadAction","target":["https:\/\/efip.ctu.edu.vn\/web\/appel-a-projets-savoirs-endogenes-savoirs-contemporains-de-nouvelles-alliances-pour-les-odd\/"]}]},{"@type":"ImageObject","inLanguage":"en-US","@id":"https:\/\/efip.ctu.edu.vn\/web\/appel-a-projets-savoirs-endogenes-savoirs-contemporains-de-nouvelles-alliances-pour-les-odd\/#primaryimage","url":"https:\/\/efip.ctu.edu.vn\/web\/wp-content\/uploads\/2024\/09\/Appel-a-projets-SESC-700x394-1.png","contentUrl":"https:\/\/efip.ctu.edu.vn\/web\/wp-content\/uploads\/2024\/09\/Appel-a-projets-SESC-700x394-1.png"},{"@type":"BreadcrumbList","@id":"https:\/\/efip.ctu.edu.vn\/web\/appel-a-projets-savoirs-endogenes-savoirs-contemporains-de-nouvelles-alliances-pour-les-odd\/#breadcrumb","itemListElement":[{"@type":"ListItem","position":1,"name":"Accueil","item":"https:\/\/efip.ctu.edu.vn\/web\/"},{"@type":"ListItem","position":2,"name":"Appel \u00e0 projets | Savoirs endog\u00e8nes, savoirs contemporains : de nouvelles alliances pour les ODD"}]},{"@type":"WebSite","@id":"https:\/\/efip.ctu.edu.vn\/web\/#website","url":"https:\/\/efip.ctu.edu.vn\/web\/","name":"EFIP de Can Tho","description":"Espace Francophone d&#039;Innovation et de Partenariat","publisher":{"@id":"https:\/\/efip.ctu.edu.vn\/web\/#organization"},"potentialAction":[{"@type":"SearchAction","target":{"@type":"EntryPoint","urlTemplate":"https:\/\/efip.ctu.edu.vn\/web\/?s={search_term_string}"},"query-input":{"@type":"PropertyValueSpecification","valueRequired":true,"valueName":"search_term_string"}}],"inLanguage":"en-US"},{"@type":"Organization","@id":"https:\/\/efip.ctu.edu.vn\/web\/#organization","name":"EFIP","url":"https:\/\/efip.ctu.edu.vn\/web\/","logo":{"@type":"ImageObject","inLanguage":"en-US","@id":"https:\/\/efip.ctu.edu.vn\/web\/#\/schema\/logo\/image\/","url":"https:\/\/efip.ctu.edu.vn\/web\/wp-content\/uploads\/2025\/05\/efip2-150x89-1.jpg","contentUrl":"https:\/\/efip.ctu.edu.vn\/web\/wp-content\/uploads\/2025\/05\/efip2-150x89-1.jpg","width":150,"height":89,"caption":"EFIP"},"image":{"@id":"https:\/\/efip.ctu.edu.vn\/web\/#\/schema\/logo\/image\/"},"sameAs":["https:\/\/www.facebook.com\/efipCanTho"]},{"@type":"Person","@id":"https:\/\/efip.ctu.edu.vn\/web\/#\/schema\/person\/53dc596cb2d0db2aa914c8a122a41e62","name":"Emilie","image":{"@type":"ImageObject","inLanguage":"en-US","@id":"https:\/\/efip.ctu.edu.vn\/web\/#\/schema\/person\/image\/","url":"https:\/\/secure.gravatar.com\/avatar\/6a0fb05561be2eb61d5a590bc8bec4352d8fc07271158e66cac145fdb0f3d5ad?s=96&d=mm&r=g","contentUrl":"https:\/\/secure.gravatar.com\/avatar\/6a0fb05561be2eb61d5a590bc8bec4352d8fc07271158e66cac145fdb0f3d5ad?s=96&d=mm&r=g","caption":"Emilie"},"url":"https:\/\/efip.ctu.edu.vn\/web\/author\/emilie\/"}]}},"_links":{"self":[{"href":"https:\/\/efip.ctu.edu.vn\/web\/wp-json\/wp\/v2\/posts\/4104","targetHints":{"allow":["GET"]}}],"collection":[{"href":"https:\/\/efip.ctu.edu.vn\/web\/wp-json\/wp\/v2\/posts"}],"about":[{"href":"https:\/\/efip.ctu.edu.vn\/web\/wp-json\/wp\/v2\/types\/post"}],"author":[{"embeddable":true,"href":"https:\/\/efip.ctu.edu.vn\/web\/wp-json\/wp\/v2\/users\/3"}],"replies":[{"embeddable":true,"href":"https:\/\/efip.ctu.edu.vn\/web\/wp-json\/wp\/v2\/comments?post=4104"}],"version-history":[{"count":1,"href":"https:\/\/efip.ctu.edu.vn\/web\/wp-json\/wp\/v2\/posts\/4104\/revisions"}],"predecessor-version":[{"id":4106,"href":"https:\/\/efip.ctu.edu.vn\/web\/wp-json\/wp\/v2\/posts\/4104\/revisions\/4106"}],"wp:attachment":[{"href":"https:\/\/efip.ctu.edu.vn\/web\/wp-json\/wp\/v2\/media?parent=4104"}],"wp:term":[{"taxonomy":"category","embeddable":true,"href":"https:\/\/efip.ctu.edu.vn\/web\/wp-json\/wp\/v2\/categories?post=4104"},{"taxonomy":"post_tag","embeddable":true,"href":"https:\/\/efip.ctu.edu.vn\/web\/wp-json\/wp\/v2\/tags?post=4104"}],"curies":[{"name":"wp","href":"https:\/\/api.w.org\/{rel}","templated":true}]}}