{"id":4100,"date":"2024-08-05T07:00:00","date_gmt":"2024-08-05T00:00:00","guid":{"rendered":"https:\/\/efip.ctu.edu.vn\/web\/?p=4100"},"modified":"2024-09-18T09:22:41","modified_gmt":"2024-09-18T02:22:41","slug":"concours-jeunes-reporters-despoir-2024","status":"publish","type":"post","link":"https:\/\/efip.ctu.edu.vn\/web\/concours-jeunes-reporters-despoir-2024\/","title":{"rendered":"Concours Jeunes Reporters d&#8217;Espoir 2024"},"content":{"rendered":"<div class=\"wp-block-image\">\n<figure class=\"aligncenter size-full\"><a href=\"https:\/\/efip.ctu.edu.vn\/web\/wp-content\/uploads\/2024\/08\/PrixReportersEspoir-700x394-1.png\"><img decoding=\"async\" src=\"https:\/\/efip.ctu.edu.vn\/web\/wp-content\/uploads\/2024\/08\/PrixReportersEspoir-700x394-1.png\" alt=\"Concours Prix europ\u00e9en Jeunes Reporters d'Espoir\" class=\"wp-image-4102\"\/><\/a><\/figure><\/div>\n\n\n<p>Le Prix europ\u00e9en &#8220;Jeunes Reporters d&#8217;Espoir&#8221; 2024 est ouvert. Organis\u00e9 avec le soutien de l&#8217;AUF, <strong>ce concours vise \u00e0 mettre en valeur un reportage portant sur des initiatives europ\u00e9ennes face \u00e0 un probl\u00e8me \u00e9conomique, social ou \u00e9cologique.<\/strong><\/p>\n\n\n\n<h2 class=\"wp-block-heading has-vivid-red-color has-text-color has-link-color wp-elements-4874cbae54eb48d57411f665bf32f54c\">Public<\/h2>\n\n\n\n<ul class=\"wp-block-list\">\n<li>Vous avez moins de 30 ans,<\/li>\n\n\n\n<li>Vous \u00eates \u00e9tudiant, journaliste, ou avez tout simplement une belle plume.<\/li>\n<\/ul>\n\n\n\n<h2 class=\"wp-block-heading has-vivid-cyan-blue-color has-text-color has-link-color wp-elements-fb53391e90722b7aecabcb8ed4c13681\">Que faut-il faire ?<\/h2>\n\n\n\n<ul class=\"wp-block-list\">\n<li><strong>R\u00e9alisez un reportage \u00e9crit en fran\u00e7ais<\/strong>\n<ul class=\"wp-block-list\">\n<li>qui parle d\u2019un\u00a0<strong>probl\u00e8me<\/strong>\u00a0\u00e9conomique, social ou \u00e9cologique,<\/li>\n\n\n\n<li>et d\u2019<strong>initiatives<\/strong>\u00a0porteuses de r\u00e9ponses (important !) suivant\u00a0<a href=\"https:\/\/reportersdespoirs.org\/sojo\/\">la m\u00e9thodologie du journalisme de solutions<\/a><\/li>\n\n\n\n<li>et bien s\u00fbr d\u2019<strong>Europe\u00a0<\/strong>(important aussi !)<\/li>\n\n\n\n<li>le tout en 10 feuillets maximum (15 000 signes espaces compris)<\/li>\n\n\n\n<li>il peut \u00eatre in\u00e9dit ou avoir \u00e9t\u00e9 publi\u00e9 apr\u00e8s le 1er septembre 2023 (dans ce cas vous devez l\u2019actualiser avec des donn\u00e9es \u00e0 jour)<\/li>\n<\/ul>\n<\/li>\n<\/ul>\n\n\n\n<h2 class=\"wp-block-heading has-vivid-red-color has-text-color has-link-color wp-elements-30b8ec512172b4ffb5c8dde995651278\">Les prix<\/h2>\n\n\n\n<h4 class=\"wp-block-heading has-vivid-green-cyan-color has-text-color has-link-color wp-elements-b8bf4d3ef1d4067819b7192a9c141166\"><strong>De l\u2019argent !<\/strong> <strong>10 000 euros de Prix partag\u00e9s entre 6 laur\u00e9ats<\/strong><\/h4>\n\n\n\n<p>FRANCE<\/p>\n\n\n\n<ul class=\"wp-block-list\">\n<li>un premier prix de 2000\u20ac,\u00a0<\/li>\n\n\n\n<li>un second prix de 1000\u20ac,<\/li>\n\n\n\n<li>et un troisi\u00e8me prix de 500\u20ac<\/li>\n<\/ul>\n\n\n\n<p>ETRANGER<\/p>\n\n\n\n<ul class=\"wp-block-list\">\n<li>un premier prix de 2000\u20ac,\u00a0<\/li>\n\n\n\n<li>un second prix de 1000\u20ac,<\/li>\n\n\n\n<li>et un troisi\u00e8me prix de 500\u20ac<\/li>\n<\/ul>\n\n\n\n<h4 class=\"wp-block-heading\">Mais aussi !<\/h4>\n\n\n\n<h4 class=\"wp-block-heading has-vivid-green-cyan-color has-text-color has-link-color wp-elements-c95f6683aa334aea3cfc6f782c10b6dd\"><strong>Du r\u00e9seau<\/strong><\/h4>\n\n\n\n<ul class=\"wp-block-list\">\n<li>Vous int\u00e9grez la communaut\u00e9 Reporters d\u2019Espoirs<\/li>\n\n\n\n<li>Vous rejoignez une plateforme d\u2019\u00e9change avec de jeunes professionnels de l\u2019information<\/li>\n\n\n\n<li>Vous d\u00e9veloppez votre r\u00e9seau de contacts professionnels dans l\u2019\u00e9cosyst\u00e8me et les m\u00e9dias<\/li>\n\n\n\n<li>Vous participez \u00e0 un voyage apprenant de 48h \u00e0 Paris, opportunit\u00e9 de rencontres avec des experts des m\u00e9dias et de l\u2019Europe<\/li>\n<\/ul>\n\n\n\n<h4 class=\"wp-block-heading has-vivid-green-cyan-color has-text-color has-link-color wp-elements-847d896214ee0226206e0e1e75d6047e\"><strong>Un accompagnement<\/strong><\/h4>\n\n\n\n<ul class=\"wp-block-list\">\n<li>Apprentissage du journalisme de solutions : Reporters d\u2019Espoirs met \u00e0 votre disposition son MOOC sur le journalisme de solutions vous permettant de vous autoformer en 2 \u00e0 3h : choisir, angler son sujet, avec des retours d\u2019exp\u00e9rience de journalistes europ\u00e9ens.<\/li>\n\n\n\n<li>Conseil aux candidats qui le souhaitent : nous sommes \u00e0 votre disposition pour vous aider \u00e0 bien s\u00e9rier votre reportage \u2013 choix de l\u2019angle, pertinence des initiatives, niveau de langue<\/li>\n\n\n\n<li>Accompagnement \u00e0 la prise de parole en public : nous coachons les laur\u00e9ats pour apprendre \u00e0 pr\u00e9senter leur reportage en 3mn top chrono.<\/li>\n<\/ul>\n\n\n\n<h2 class=\"wp-block-heading has-vivid-cyan-blue-color has-text-color has-link-color wp-elements-cd8efdb52f72e3524c0af335083fc83e\">Calendrier<\/h2>\n\n\n\n<ul class=\"wp-block-list\">\n<li><strong>D\u00e8s aujourd&#8217;hui<\/strong>, manifester votre intention de postuler<a href=\"https:\/\/docs.google.com\/forms\/d\/e\/1FAIpQLSeXk4JJYTT5Ki7Efm8fEIiwJcJ62ucizoTV2daL4nDLoHlHtQ\/viewform\" target=\"_blank\" rel=\"noreferrer noopener\"> ici<\/a><\/li>\n\n\n\n<li><strong>Avant le 23 novembre 2024<\/strong>, participer gratuitement au MOOC sur le journalisme de solutions sur FUN-MOOC (<a href=\"https:\/\/www.fun-mooc.fr\/fr\/cours\/le-mooc-du-journalisme-de-solutions-europeen\/\">https:\/\/www.fun-mooc.fr\/fr\/cours\/le-mooc-du-journalisme-de-<\/a><a href=\"https:\/\/www.fun-mooc.fr\/fr\/cours\/le-mooc-du-journalisme-de-solutions-europeen\/\" target=\"_blank\" rel=\"noreferrer noopener\">solutions<\/a><a href=\"https:\/\/www.fun-mooc.fr\/fr\/cours\/le-mooc-du-journalisme-de-solutions-europeen\/\">-europeen\/<\/a>) ou demander des conseils par courriel \u00e0 <a href=\"mailto:redaction@reportersdespoirs.org\">redaction@reportersdespoirs.org<\/a> .<\/li>\n\n\n\n<li><strong>Le 30 novembre au plus tard<\/strong>, envoyer votre article par courriel \u00e0 <a href=\"mailto:redaction@reportersdespoirs.org\">redaction@reportersdespoirs.org<\/a>.<\/li>\n\n\n\n<li><strong>En janvier 2025<\/strong>, le jury d\u00e9lib\u00e8rera.<\/li>\n\n\n\n<li><strong>Au printemps 2025<\/strong>, un \u00e9v\u00e8nement sera organis\u00e9 \u00e0 Paris pour les laur\u00e9ats.<\/li>\n<\/ul>\n\n\n\n<p><\/p>\n\n\n\n<h2 class=\"wp-block-heading has-vivid-red-color has-text-color has-link-color wp-elements-cb70cf2e9552ba8ecb6d3aaeeb56348b\">Pour plus d&#8217;informations : <\/h2>\n\n\n\n<p class=\"has-vivid-cyan-blue-color has-text-color has-link-color wp-elements-3546dacd6048fbebfc9607d8999ec078\"><a href=\"https:\/\/reportersdespoirs.org\/prix\/prixeuropeen\" target=\"_blank\" rel=\"noreferrer noopener\">https:\/\/reportersdespoirs.org\/prix\/prixeuropeen<\/a><\/p>\n\n\n\n<p><\/p>\n","protected":false},"excerpt":{"rendered":"<p>Le Prix europ\u00e9en &#8220;Jeunes Reporters d&#8217;Espoir&#8221; 2024 est ouvert. Organis\u00e9 avec le soutien de l&#8217;AUF, ce concours vise \u00e0 mettre &hellip; <br \/><a href=\"https:\/\/efip.ctu.edu.vn\/web\/concours-jeunes-reporters-despoir-2024\/\" class=\"more-link\">Continue reading <span class=\"screen-reader-text\">Concours Jeunes Reporters d&#8217;Espoir 2024<\/span><\/a><\/p>\n","protected":false},"author":3,"featured_media":0,"comment_status":"open","ping_status":"open","sticky":false,"template":"","format":"standard","meta":{"footnotes":""},"categories":[11],"tags":[3,606,481],"class_list":["post-4100","post","type-post","status-publish","format-standard","hentry","category-projets-et-concours","tag-auf","tag-journalisme","tag-reporter"],"yoast_head":"<!-- This site is optimized with the Yoast SEO plugin v25.0 - https:\/\/yoast.com\/wordpress\/plugins\/seo\/ -->\n<title>Concours Jeunes Reporters d&#039;Espoir 2024 - EFIP<\/title>\n<meta name=\"description\" content=\"Organis\u00e9 avec le soutien de l&#039;AUF, ce concours vise \u00e0 mettre en valeur un reportage portant sur des initiatives europ\u00e9ennes face \u00e0 un probl\u00e8me \u00e9conomique, social ou \u00e9cologique.\" \/>\n<meta name=\"robots\" content=\"index, follow, max-snippet:-1, max-image-preview:large, max-video-preview:-1\" \/>\n<link rel=\"canonical\" href=\"https:\/\/efip.ctu.edu.vn\/web\/concours-jeunes-reporters-despoir-2024\/\" \/>\n<meta property=\"og:locale\" content=\"en_US\" \/>\n<meta property=\"og:type\" content=\"article\" \/>\n<meta property=\"og:title\" content=\"Concours Jeunes Reporters d&#039;Espoir 2024 - EFIP\" \/>\n<meta property=\"og:description\" content=\"Organis\u00e9 avec le soutien de l&#039;AUF, ce concours vise \u00e0 mettre en valeur un reportage portant sur des initiatives europ\u00e9ennes face \u00e0 un probl\u00e8me \u00e9conomique, social ou \u00e9cologique.\" \/>\n<meta property=\"og:url\" content=\"https:\/\/efip.ctu.edu.vn\/web\/concours-jeunes-reporters-despoir-2024\/\" \/>\n<meta property=\"og:site_name\" content=\"EFIP\" \/>\n<meta property=\"article:publisher\" content=\"https:\/\/www.facebook.com\/efipCanTho\" \/>\n<meta property=\"article:published_time\" content=\"2024-08-05T00:00:00+00:00\" \/>\n<meta property=\"article:modified_time\" content=\"2024-09-18T02:22:41+00:00\" \/>\n<meta property=\"og:image\" content=\"https:\/\/efip.ctu.edu.vn\/web\/wp-content\/uploads\/2024\/08\/PrixReportersEspoir-700x394-1.png\" \/>\n\t<meta property=\"og:image:width\" content=\"700\" \/>\n\t<meta property=\"og:image:height\" content=\"394\" \/>\n\t<meta property=\"og:image:type\" content=\"image\/png\" \/>\n<meta name=\"author\" content=\"Emilie\" \/>\n<meta name=\"twitter:card\" content=\"summary_large_image\" \/>\n<meta name=\"twitter:label1\" content=\"Written by\" \/>\n\t<meta name=\"twitter:data1\" content=\"Emilie\" \/>\n\t<meta name=\"twitter:label2\" content=\"Est. reading time\" \/>\n\t<meta name=\"twitter:data2\" content=\"3 minutes\" \/>\n<script type=\"application\/ld+json\" class=\"yoast-schema-graph\">{\"@context\":\"https:\/\/schema.org\",\"@graph\":[{\"@type\":\"Article\",\"@id\":\"https:\/\/efip.ctu.edu.vn\/web\/concours-jeunes-reporters-despoir-2024\/#article\",\"isPartOf\":{\"@id\":\"https:\/\/efip.ctu.edu.vn\/web\/concours-jeunes-reporters-despoir-2024\/\"},\"author\":{\"name\":\"Emilie\",\"@id\":\"https:\/\/efip.ctu.edu.vn\/web\/#\/schema\/person\/53dc596cb2d0db2aa914c8a122a41e62\"},\"headline\":\"Concours Jeunes Reporters d&#8217;Espoir 2024\",\"datePublished\":\"2024-08-05T00:00:00+00:00\",\"dateModified\":\"2024-09-18T02:22:41+00:00\",\"mainEntityOfPage\":{\"@id\":\"https:\/\/efip.ctu.edu.vn\/web\/concours-jeunes-reporters-despoir-2024\/\"},\"wordCount\":417,\"commentCount\":0,\"publisher\":{\"@id\":\"https:\/\/efip.ctu.edu.vn\/web\/#organization\"},\"image\":{\"@id\":\"https:\/\/efip.ctu.edu.vn\/web\/concours-jeunes-reporters-despoir-2024\/#primaryimage\"},\"thumbnailUrl\":\"https:\/\/efip.ctu.edu.vn\/web\/wp-content\/uploads\/2024\/08\/PrixReportersEspoir-700x394-1.png\",\"keywords\":[\"AUF\",\"journalisme\",\"reporter\"],\"articleSection\":[\"Projets et concours\"],\"inLanguage\":\"en-US\",\"potentialAction\":[{\"@type\":\"CommentAction\",\"name\":\"Comment\",\"target\":[\"https:\/\/efip.ctu.edu.vn\/web\/concours-jeunes-reporters-despoir-2024\/#respond\"]}]},{\"@type\":\"WebPage\",\"@id\":\"https:\/\/efip.ctu.edu.vn\/web\/concours-jeunes-reporters-despoir-2024\/\",\"url\":\"https:\/\/efip.ctu.edu.vn\/web\/concours-jeunes-reporters-despoir-2024\/\",\"name\":\"Concours Jeunes Reporters d'Espoir 2024 - EFIP\",\"isPartOf\":{\"@id\":\"https:\/\/efip.ctu.edu.vn\/web\/#website\"},\"primaryImageOfPage\":{\"@id\":\"https:\/\/efip.ctu.edu.vn\/web\/concours-jeunes-reporters-despoir-2024\/#primaryimage\"},\"image\":{\"@id\":\"https:\/\/efip.ctu.edu.vn\/web\/concours-jeunes-reporters-despoir-2024\/#primaryimage\"},\"thumbnailUrl\":\"https:\/\/efip.ctu.edu.vn\/web\/wp-content\/uploads\/2024\/08\/PrixReportersEspoir-700x394-1.png\",\"datePublished\":\"2024-08-05T00:00:00+00:00\",\"dateModified\":\"2024-09-18T02:22:41+00:00\",\"description\":\"Organis\u00e9 avec le soutien de l'AUF, ce concours vise \u00e0 mettre en valeur un reportage portant sur des initiatives europ\u00e9ennes face \u00e0 un probl\u00e8me \u00e9conomique, social ou \u00e9cologique.\",\"breadcrumb\":{\"@id\":\"https:\/\/efip.ctu.edu.vn\/web\/concours-jeunes-reporters-despoir-2024\/#breadcrumb\"},\"inLanguage\":\"en-US\",\"potentialAction\":[{\"@type\":\"ReadAction\",\"target\":[\"https:\/\/efip.ctu.edu.vn\/web\/concours-jeunes-reporters-despoir-2024\/\"]}]},{\"@type\":\"ImageObject\",\"inLanguage\":\"en-US\",\"@id\":\"https:\/\/efip.ctu.edu.vn\/web\/concours-jeunes-reporters-despoir-2024\/#primaryimage\",\"url\":\"https:\/\/efip.ctu.edu.vn\/web\/wp-content\/uploads\/2024\/08\/PrixReportersEspoir-700x394-1.png\",\"contentUrl\":\"https:\/\/efip.ctu.edu.vn\/web\/wp-content\/uploads\/2024\/08\/PrixReportersEspoir-700x394-1.png\"},{\"@type\":\"BreadcrumbList\",\"@id\":\"https:\/\/efip.ctu.edu.vn\/web\/concours-jeunes-reporters-despoir-2024\/#breadcrumb\",\"itemListElement\":[{\"@type\":\"ListItem\",\"position\":1,\"name\":\"Accueil\",\"item\":\"https:\/\/efip.ctu.edu.vn\/web\/\"},{\"@type\":\"ListItem\",\"position\":2,\"name\":\"Concours Jeunes Reporters d&#8217;Espoir 2024\"}]},{\"@type\":\"WebSite\",\"@id\":\"https:\/\/efip.ctu.edu.vn\/web\/#website\",\"url\":\"https:\/\/efip.ctu.edu.vn\/web\/\",\"name\":\"EFIP de Can Tho\",\"description\":\"Espace Francophone d&#039;Innovation et de Partenariat\",\"publisher\":{\"@id\":\"https:\/\/efip.ctu.edu.vn\/web\/#organization\"},\"potentialAction\":[{\"@type\":\"SearchAction\",\"target\":{\"@type\":\"EntryPoint\",\"urlTemplate\":\"https:\/\/efip.ctu.edu.vn\/web\/?s={search_term_string}\"},\"query-input\":{\"@type\":\"PropertyValueSpecification\",\"valueRequired\":true,\"valueName\":\"search_term_string\"}}],\"inLanguage\":\"en-US\"},{\"@type\":\"Organization\",\"@id\":\"https:\/\/efip.ctu.edu.vn\/web\/#organization\",\"name\":\"EFIP\",\"url\":\"https:\/\/efip.ctu.edu.vn\/web\/\",\"logo\":{\"@type\":\"ImageObject\",\"inLanguage\":\"en-US\",\"@id\":\"https:\/\/efip.ctu.edu.vn\/web\/#\/schema\/logo\/image\/\",\"url\":\"https:\/\/efip.ctu.edu.vn\/web\/wp-content\/uploads\/2025\/05\/efip2-150x89-1.jpg\",\"contentUrl\":\"https:\/\/efip.ctu.edu.vn\/web\/wp-content\/uploads\/2025\/05\/efip2-150x89-1.jpg\",\"width\":150,\"height\":89,\"caption\":\"EFIP\"},\"image\":{\"@id\":\"https:\/\/efip.ctu.edu.vn\/web\/#\/schema\/logo\/image\/\"},\"sameAs\":[\"https:\/\/www.facebook.com\/efipCanTho\"]},{\"@type\":\"Person\",\"@id\":\"https:\/\/efip.ctu.edu.vn\/web\/#\/schema\/person\/53dc596cb2d0db2aa914c8a122a41e62\",\"name\":\"Emilie\",\"image\":{\"@type\":\"ImageObject\",\"inLanguage\":\"en-US\",\"@id\":\"https:\/\/efip.ctu.edu.vn\/web\/#\/schema\/person\/image\/\",\"url\":\"https:\/\/secure.gravatar.com\/avatar\/6a0fb05561be2eb61d5a590bc8bec4352d8fc07271158e66cac145fdb0f3d5ad?s=96&d=mm&r=g\",\"contentUrl\":\"https:\/\/secure.gravatar.com\/avatar\/6a0fb05561be2eb61d5a590bc8bec4352d8fc07271158e66cac145fdb0f3d5ad?s=96&d=mm&r=g\",\"caption\":\"Emilie\"},\"url\":\"https:\/\/efip.ctu.edu.vn\/web\/author\/emilie\/\"}]}<\/script>\n<!-- \/ Yoast SEO plugin. -->","yoast_head_json":{"title":"Concours Jeunes Reporters d'Espoir 2024 - EFIP","description":"Organis\u00e9 avec le soutien de l'AUF, ce concours vise \u00e0 mettre en valeur un reportage portant sur des initiatives europ\u00e9ennes face \u00e0 un probl\u00e8me \u00e9conomique, social ou \u00e9cologique.","robots":{"index":"index","follow":"follow","max-snippet":"max-snippet:-1","max-image-preview":"max-image-preview:large","max-video-preview":"max-video-preview:-1"},"canonical":"https:\/\/efip.ctu.edu.vn\/web\/concours-jeunes-reporters-despoir-2024\/","og_locale":"en_US","og_type":"article","og_title":"Concours Jeunes Reporters d'Espoir 2024 - EFIP","og_description":"Organis\u00e9 avec le soutien de l'AUF, ce concours vise \u00e0 mettre en valeur un reportage portant sur des initiatives europ\u00e9ennes face \u00e0 un probl\u00e8me \u00e9conomique, social ou \u00e9cologique.","og_url":"https:\/\/efip.ctu.edu.vn\/web\/concours-jeunes-reporters-despoir-2024\/","og_site_name":"EFIP","article_publisher":"https:\/\/www.facebook.com\/efipCanTho","article_published_time":"2024-08-05T00:00:00+00:00","article_modified_time":"2024-09-18T02:22:41+00:00","og_image":[{"width":700,"height":394,"url":"https:\/\/efip.ctu.edu.vn\/web\/wp-content\/uploads\/2024\/08\/PrixReportersEspoir-700x394-1.png","type":"image\/png"}],"author":"Emilie","twitter_card":"summary_large_image","twitter_misc":{"Written by":"Emilie","Est. reading time":"3 minutes"},"schema":{"@context":"https:\/\/schema.org","@graph":[{"@type":"Article","@id":"https:\/\/efip.ctu.edu.vn\/web\/concours-jeunes-reporters-despoir-2024\/#article","isPartOf":{"@id":"https:\/\/efip.ctu.edu.vn\/web\/concours-jeunes-reporters-despoir-2024\/"},"author":{"name":"Emilie","@id":"https:\/\/efip.ctu.edu.vn\/web\/#\/schema\/person\/53dc596cb2d0db2aa914c8a122a41e62"},"headline":"Concours Jeunes Reporters d&#8217;Espoir 2024","datePublished":"2024-08-05T00:00:00+00:00","dateModified":"2024-09-18T02:22:41+00:00","mainEntityOfPage":{"@id":"https:\/\/efip.ctu.edu.vn\/web\/concours-jeunes-reporters-despoir-2024\/"},"wordCount":417,"commentCount":0,"publisher":{"@id":"https:\/\/efip.ctu.edu.vn\/web\/#organization"},"image":{"@id":"https:\/\/efip.ctu.edu.vn\/web\/concours-jeunes-reporters-despoir-2024\/#primaryimage"},"thumbnailUrl":"https:\/\/efip.ctu.edu.vn\/web\/wp-content\/uploads\/2024\/08\/PrixReportersEspoir-700x394-1.png","keywords":["AUF","journalisme","reporter"],"articleSection":["Projets et concours"],"inLanguage":"en-US","potentialAction":[{"@type":"CommentAction","name":"Comment","target":["https:\/\/efip.ctu.edu.vn\/web\/concours-jeunes-reporters-despoir-2024\/#respond"]}]},{"@type":"WebPage","@id":"https:\/\/efip.ctu.edu.vn\/web\/concours-jeunes-reporters-despoir-2024\/","url":"https:\/\/efip.ctu.edu.vn\/web\/concours-jeunes-reporters-despoir-2024\/","name":"Concours Jeunes Reporters d'Espoir 2024 - EFIP","isPartOf":{"@id":"https:\/\/efip.ctu.edu.vn\/web\/#website"},"primaryImageOfPage":{"@id":"https:\/\/efip.ctu.edu.vn\/web\/concours-jeunes-reporters-despoir-2024\/#primaryimage"},"image":{"@id":"https:\/\/efip.ctu.edu.vn\/web\/concours-jeunes-reporters-despoir-2024\/#primaryimage"},"thumbnailUrl":"https:\/\/efip.ctu.edu.vn\/web\/wp-content\/uploads\/2024\/08\/PrixReportersEspoir-700x394-1.png","datePublished":"2024-08-05T00:00:00+00:00","dateModified":"2024-09-18T02:22:41+00:00","description":"Organis\u00e9 avec le soutien de l'AUF, ce concours vise \u00e0 mettre en valeur un reportage portant sur des initiatives europ\u00e9ennes face \u00e0 un probl\u00e8me \u00e9conomique, social ou \u00e9cologique.","breadcrumb":{"@id":"https:\/\/efip.ctu.edu.vn\/web\/concours-jeunes-reporters-despoir-2024\/#breadcrumb"},"inLanguage":"en-US","potentialAction":[{"@type":"ReadAction","target":["https:\/\/efip.ctu.edu.vn\/web\/concours-jeunes-reporters-despoir-2024\/"]}]},{"@type":"ImageObject","inLanguage":"en-US","@id":"https:\/\/efip.ctu.edu.vn\/web\/concours-jeunes-reporters-despoir-2024\/#primaryimage","url":"https:\/\/efip.ctu.edu.vn\/web\/wp-content\/uploads\/2024\/08\/PrixReportersEspoir-700x394-1.png","contentUrl":"https:\/\/efip.ctu.edu.vn\/web\/wp-content\/uploads\/2024\/08\/PrixReportersEspoir-700x394-1.png"},{"@type":"BreadcrumbList","@id":"https:\/\/efip.ctu.edu.vn\/web\/concours-jeunes-reporters-despoir-2024\/#breadcrumb","itemListElement":[{"@type":"ListItem","position":1,"name":"Accueil","item":"https:\/\/efip.ctu.edu.vn\/web\/"},{"@type":"ListItem","position":2,"name":"Concours Jeunes Reporters d&#8217;Espoir 2024"}]},{"@type":"WebSite","@id":"https:\/\/efip.ctu.edu.vn\/web\/#website","url":"https:\/\/efip.ctu.edu.vn\/web\/","name":"EFIP de Can Tho","description":"Espace Francophone d&#039;Innovation et de Partenariat","publisher":{"@id":"https:\/\/efip.ctu.edu.vn\/web\/#organization"},"potentialAction":[{"@type":"SearchAction","target":{"@type":"EntryPoint","urlTemplate":"https:\/\/efip.ctu.edu.vn\/web\/?s={search_term_string}"},"query-input":{"@type":"PropertyValueSpecification","valueRequired":true,"valueName":"search_term_string"}}],"inLanguage":"en-US"},{"@type":"Organization","@id":"https:\/\/efip.ctu.edu.vn\/web\/#organization","name":"EFIP","url":"https:\/\/efip.ctu.edu.vn\/web\/","logo":{"@type":"ImageObject","inLanguage":"en-US","@id":"https:\/\/efip.ctu.edu.vn\/web\/#\/schema\/logo\/image\/","url":"https:\/\/efip.ctu.edu.vn\/web\/wp-content\/uploads\/2025\/05\/efip2-150x89-1.jpg","contentUrl":"https:\/\/efip.ctu.edu.vn\/web\/wp-content\/uploads\/2025\/05\/efip2-150x89-1.jpg","width":150,"height":89,"caption":"EFIP"},"image":{"@id":"https:\/\/efip.ctu.edu.vn\/web\/#\/schema\/logo\/image\/"},"sameAs":["https:\/\/www.facebook.com\/efipCanTho"]},{"@type":"Person","@id":"https:\/\/efip.ctu.edu.vn\/web\/#\/schema\/person\/53dc596cb2d0db2aa914c8a122a41e62","name":"Emilie","image":{"@type":"ImageObject","inLanguage":"en-US","@id":"https:\/\/efip.ctu.edu.vn\/web\/#\/schema\/person\/image\/","url":"https:\/\/secure.gravatar.com\/avatar\/6a0fb05561be2eb61d5a590bc8bec4352d8fc07271158e66cac145fdb0f3d5ad?s=96&d=mm&r=g","contentUrl":"https:\/\/secure.gravatar.com\/avatar\/6a0fb05561be2eb61d5a590bc8bec4352d8fc07271158e66cac145fdb0f3d5ad?s=96&d=mm&r=g","caption":"Emilie"},"url":"https:\/\/efip.ctu.edu.vn\/web\/author\/emilie\/"}]}},"_links":{"self":[{"href":"https:\/\/efip.ctu.edu.vn\/web\/wp-json\/wp\/v2\/posts\/4100","targetHints":{"allow":["GET"]}}],"collection":[{"href":"https:\/\/efip.ctu.edu.vn\/web\/wp-json\/wp\/v2\/posts"}],"about":[{"href":"https:\/\/efip.ctu.edu.vn\/web\/wp-json\/wp\/v2\/types\/post"}],"author":[{"embeddable":true,"href":"https:\/\/efip.ctu.edu.vn\/web\/wp-json\/wp\/v2\/users\/3"}],"replies":[{"embeddable":true,"href":"https:\/\/efip.ctu.edu.vn\/web\/wp-json\/wp\/v2\/comments?post=4100"}],"version-history":[{"count":2,"href":"https:\/\/efip.ctu.edu.vn\/web\/wp-json\/wp\/v2\/posts\/4100\/revisions"}],"predecessor-version":[{"id":4103,"href":"https:\/\/efip.ctu.edu.vn\/web\/wp-json\/wp\/v2\/posts\/4100\/revisions\/4103"}],"wp:attachment":[{"href":"https:\/\/efip.ctu.edu.vn\/web\/wp-json\/wp\/v2\/media?parent=4100"}],"wp:term":[{"taxonomy":"category","embeddable":true,"href":"https:\/\/efip.ctu.edu.vn\/web\/wp-json\/wp\/v2\/categories?post=4100"},{"taxonomy":"post_tag","embeddable":true,"href":"https:\/\/efip.ctu.edu.vn\/web\/wp-json\/wp\/v2\/tags?post=4100"}],"curies":[{"name":"wp","href":"https:\/\/api.w.org\/{rel}","templated":true}]}}