{"id":401,"date":"2014-05-26T09:37:17","date_gmt":"2014-05-26T02:37:17","guid":{"rendered":"http:\/\/cnfp.hcmv.vn.refer.org\/web\/?p=401"},"modified":"2014-05-26T09:37:17","modified_gmt":"2014-05-26T02:37:17","slug":"deux-etudiantes-de-can-tho-primees-au-concours-de-nouvelles-prix-de-la-jeunesse-prix-alexandre-yersin","status":"publish","type":"post","link":"https:\/\/efip.ctu.edu.vn\/web\/deux-etudiantes-de-can-tho-primees-au-concours-de-nouvelles-prix-de-la-jeunesse-prix-alexandre-yersin\/","title":{"rendered":"Deux \u00e9tudiantes de Can Tho prim\u00e9es au concours de nouvelles &#8220;Prix de la Jeunesse &#8211; Prix Alexandre Yersin&#8221;"},"content":{"rendered":"<p>F\u00e9licitations \u00e0 :<\/p>\n<p>Nguy\u1ec5n Song H\u00e2n, \u00e9tudiante en 1\u00e8re ann\u00e9e \u00e0 la facult\u00e9 de p\u00e9dagogie, d\u00e9partement de fran\u00e7ais, de l&#8217;Universit\u00e9 de Can Tho, avec la nouvelle &#8220;Chemins de vie&#8221; (2\u00e8me prix, 600\u20ac).<\/p>\n<p>L\u00fd Gia H\u00e2n, \u00e9l\u00e8ve en Terminale au lyc\u00e9e \u00e0 options L\u00fd T\u1ef1 Tr\u1ecdng \u00e0 Can Tho avec la nouvelle &#8220;Je t\u2019aime \u00e0 jamais&#8221; (4\u00e8me prix &#8211; 200\u20ac).<\/p>\n<p>Ce concours, organis\u00e9 par l&#8217;association Le Liseron de France pour la deuxi\u00e8me fois, r\u00e9compense 4 \u00e9tudiants francophones vietnamiens sur la base d&#8217;un texte r\u00e9pondant aux conditions du r\u00e8glement du concours. Cette ann\u00e9e, 87 participants ont concouru pour tenter de remporter l&#8217;un des quatre prix mis en jeu. Encore f\u00e9licitations aux heureuses laur\u00e9ates !!<\/p>\n","protected":false},"excerpt":{"rendered":"<p>F\u00e9licitations \u00e0 : Nguy\u1ec5n Song H\u00e2n, \u00e9tudiante en 1\u00e8re ann\u00e9e \u00e0 la facult\u00e9 de p\u00e9dagogie, d\u00e9partement de fran\u00e7ais, de l&#8217;Universit\u00e9 &hellip; <br \/><a href=\"https:\/\/efip.ctu.edu.vn\/web\/deux-etudiantes-de-can-tho-primees-au-concours-de-nouvelles-prix-de-la-jeunesse-prix-alexandre-yersin\/\" class=\"more-link\">Continue reading <span class=\"screen-reader-text\">Deux \u00e9tudiantes de Can Tho prim\u00e9es au concours de nouvelles &#8220;Prix de la Jeunesse &#8211; Prix Alexandre Yersin&#8221;<\/span><\/a><\/p>\n","protected":false},"author":1,"featured_media":402,"comment_status":"open","ping_status":"open","sticky":false,"template":"","format":"standard","meta":{"footnotes":""},"categories":[11],"tags":[],"class_list":["post-401","post","type-post","status-publish","format-standard","has-post-thumbnail","hentry","category-projets-et-concours"],"yoast_head":"<!-- This site is optimized with the Yoast SEO plugin v25.0 - https:\/\/yoast.com\/wordpress\/plugins\/seo\/ -->\n<title>Deux \u00e9tudiantes de Can Tho prim\u00e9es au concours de nouvelles &quot;Prix de la Jeunesse - Prix Alexandre Yersin&quot; - EFIP<\/title>\n<meta name=\"robots\" content=\"index, follow, max-snippet:-1, max-image-preview:large, max-video-preview:-1\" \/>\n<link rel=\"canonical\" href=\"https:\/\/efip.ctu.edu.vn\/web\/deux-etudiantes-de-can-tho-primees-au-concours-de-nouvelles-prix-de-la-jeunesse-prix-alexandre-yersin\/\" \/>\n<meta property=\"og:locale\" content=\"en_US\" \/>\n<meta property=\"og:type\" content=\"article\" \/>\n<meta property=\"og:title\" content=\"Deux \u00e9tudiantes de Can Tho prim\u00e9es au concours de nouvelles &quot;Prix de la Jeunesse - Prix Alexandre Yersin&quot; - EFIP\" \/>\n<meta property=\"og:description\" content=\"F\u00e9licitations \u00e0 : Nguy\u1ec5n Song H\u00e2n, \u00e9tudiante en 1\u00e8re ann\u00e9e \u00e0 la facult\u00e9 de p\u00e9dagogie, d\u00e9partement de fran\u00e7ais, de l&#8217;Universit\u00e9 &hellip; Continue reading Deux \u00e9tudiantes de Can Tho prim\u00e9es au concours de nouvelles &#8220;Prix de la Jeunesse &#8211; Prix Alexandre Yersin&#8221;\" \/>\n<meta property=\"og:url\" content=\"https:\/\/efip.ctu.edu.vn\/web\/deux-etudiantes-de-can-tho-primees-au-concours-de-nouvelles-prix-de-la-jeunesse-prix-alexandre-yersin\/\" \/>\n<meta property=\"og:site_name\" content=\"EFIP\" \/>\n<meta property=\"article:publisher\" content=\"https:\/\/www.facebook.com\/efipCanTho\" \/>\n<meta property=\"article:published_time\" content=\"2014-05-26T02:37:17+00:00\" \/>\n<meta property=\"og:image\" content=\"https:\/\/efip.ctu.edu.vn\/web\/wp-content\/uploads\/2014\/05\/images956308_giaiYerrsin.jpg\" \/>\n\t<meta property=\"og:image:width\" content=\"400\" \/>\n\t<meta property=\"og:image:height\" content=\"300\" \/>\n\t<meta property=\"og:image:type\" content=\"image\/jpeg\" \/>\n<meta name=\"author\" content=\"admin\" \/>\n<meta name=\"twitter:card\" content=\"summary_large_image\" \/>\n<meta name=\"twitter:label1\" content=\"Written by\" \/>\n\t<meta name=\"twitter:data1\" content=\"admin\" \/>\n\t<meta name=\"twitter:label2\" content=\"Est. reading time\" \/>\n\t<meta name=\"twitter:data2\" content=\"1 minute\" \/>\n<script type=\"application\/ld+json\" class=\"yoast-schema-graph\">{\"@context\":\"https:\/\/schema.org\",\"@graph\":[{\"@type\":\"Article\",\"@id\":\"https:\/\/efip.ctu.edu.vn\/web\/deux-etudiantes-de-can-tho-primees-au-concours-de-nouvelles-prix-de-la-jeunesse-prix-alexandre-yersin\/#article\",\"isPartOf\":{\"@id\":\"https:\/\/efip.ctu.edu.vn\/web\/deux-etudiantes-de-can-tho-primees-au-concours-de-nouvelles-prix-de-la-jeunesse-prix-alexandre-yersin\/\"},\"author\":{\"name\":\"admin\",\"@id\":\"https:\/\/efip.ctu.edu.vn\/web\/#\/schema\/person\/35bc81d3e308c29df375a0cc2358e442\"},\"headline\":\"Deux \u00e9tudiantes de Can Tho prim\u00e9es au concours de nouvelles &#8220;Prix de la Jeunesse &#8211; Prix Alexandre Yersin&#8221;\",\"datePublished\":\"2014-05-26T02:37:17+00:00\",\"mainEntityOfPage\":{\"@id\":\"https:\/\/efip.ctu.edu.vn\/web\/deux-etudiantes-de-can-tho-primees-au-concours-de-nouvelles-prix-de-la-jeunesse-prix-alexandre-yersin\/\"},\"wordCount\":139,\"commentCount\":0,\"publisher\":{\"@id\":\"https:\/\/efip.ctu.edu.vn\/web\/#organization\"},\"image\":{\"@id\":\"https:\/\/efip.ctu.edu.vn\/web\/deux-etudiantes-de-can-tho-primees-au-concours-de-nouvelles-prix-de-la-jeunesse-prix-alexandre-yersin\/#primaryimage\"},\"thumbnailUrl\":\"https:\/\/efip.ctu.edu.vn\/web\/wp-content\/uploads\/2014\/05\/images956308_giaiYerrsin.jpg\",\"articleSection\":[\"Projets et concours\"],\"inLanguage\":\"en-US\",\"potentialAction\":[{\"@type\":\"CommentAction\",\"name\":\"Comment\",\"target\":[\"https:\/\/efip.ctu.edu.vn\/web\/deux-etudiantes-de-can-tho-primees-au-concours-de-nouvelles-prix-de-la-jeunesse-prix-alexandre-yersin\/#respond\"]}]},{\"@type\":\"WebPage\",\"@id\":\"https:\/\/efip.ctu.edu.vn\/web\/deux-etudiantes-de-can-tho-primees-au-concours-de-nouvelles-prix-de-la-jeunesse-prix-alexandre-yersin\/\",\"url\":\"https:\/\/efip.ctu.edu.vn\/web\/deux-etudiantes-de-can-tho-primees-au-concours-de-nouvelles-prix-de-la-jeunesse-prix-alexandre-yersin\/\",\"name\":\"Deux \u00e9tudiantes de Can Tho prim\u00e9es au concours de nouvelles \\\"Prix de la Jeunesse - Prix Alexandre Yersin\\\" - EFIP\",\"isPartOf\":{\"@id\":\"https:\/\/efip.ctu.edu.vn\/web\/#website\"},\"primaryImageOfPage\":{\"@id\":\"https:\/\/efip.ctu.edu.vn\/web\/deux-etudiantes-de-can-tho-primees-au-concours-de-nouvelles-prix-de-la-jeunesse-prix-alexandre-yersin\/#primaryimage\"},\"image\":{\"@id\":\"https:\/\/efip.ctu.edu.vn\/web\/deux-etudiantes-de-can-tho-primees-au-concours-de-nouvelles-prix-de-la-jeunesse-prix-alexandre-yersin\/#primaryimage\"},\"thumbnailUrl\":\"https:\/\/efip.ctu.edu.vn\/web\/wp-content\/uploads\/2014\/05\/images956308_giaiYerrsin.jpg\",\"datePublished\":\"2014-05-26T02:37:17+00:00\",\"breadcrumb\":{\"@id\":\"https:\/\/efip.ctu.edu.vn\/web\/deux-etudiantes-de-can-tho-primees-au-concours-de-nouvelles-prix-de-la-jeunesse-prix-alexandre-yersin\/#breadcrumb\"},\"inLanguage\":\"en-US\",\"potentialAction\":[{\"@type\":\"ReadAction\",\"target\":[\"https:\/\/efip.ctu.edu.vn\/web\/deux-etudiantes-de-can-tho-primees-au-concours-de-nouvelles-prix-de-la-jeunesse-prix-alexandre-yersin\/\"]}]},{\"@type\":\"ImageObject\",\"inLanguage\":\"en-US\",\"@id\":\"https:\/\/efip.ctu.edu.vn\/web\/deux-etudiantes-de-can-tho-primees-au-concours-de-nouvelles-prix-de-la-jeunesse-prix-alexandre-yersin\/#primaryimage\",\"url\":\"https:\/\/efip.ctu.edu.vn\/web\/wp-content\/uploads\/2014\/05\/images956308_giaiYerrsin.jpg\",\"contentUrl\":\"https:\/\/efip.ctu.edu.vn\/web\/wp-content\/uploads\/2014\/05\/images956308_giaiYerrsin.jpg\",\"width\":400,\"height\":300},{\"@type\":\"BreadcrumbList\",\"@id\":\"https:\/\/efip.ctu.edu.vn\/web\/deux-etudiantes-de-can-tho-primees-au-concours-de-nouvelles-prix-de-la-jeunesse-prix-alexandre-yersin\/#breadcrumb\",\"itemListElement\":[{\"@type\":\"ListItem\",\"position\":1,\"name\":\"Accueil\",\"item\":\"https:\/\/efip.ctu.edu.vn\/web\/\"},{\"@type\":\"ListItem\",\"position\":2,\"name\":\"Deux \u00e9tudiantes de Can Tho prim\u00e9es au concours de nouvelles &#8220;Prix de la Jeunesse &#8211; Prix Alexandre Yersin&#8221;\"}]},{\"@type\":\"WebSite\",\"@id\":\"https:\/\/efip.ctu.edu.vn\/web\/#website\",\"url\":\"https:\/\/efip.ctu.edu.vn\/web\/\",\"name\":\"EFIP de Can Tho\",\"description\":\"Espace Francophone d&#039;Innovation et de Partenariat\",\"publisher\":{\"@id\":\"https:\/\/efip.ctu.edu.vn\/web\/#organization\"},\"potentialAction\":[{\"@type\":\"SearchAction\",\"target\":{\"@type\":\"EntryPoint\",\"urlTemplate\":\"https:\/\/efip.ctu.edu.vn\/web\/?s={search_term_string}\"},\"query-input\":{\"@type\":\"PropertyValueSpecification\",\"valueRequired\":true,\"valueName\":\"search_term_string\"}}],\"inLanguage\":\"en-US\"},{\"@type\":\"Organization\",\"@id\":\"https:\/\/efip.ctu.edu.vn\/web\/#organization\",\"name\":\"EFIP\",\"url\":\"https:\/\/efip.ctu.edu.vn\/web\/\",\"logo\":{\"@type\":\"ImageObject\",\"inLanguage\":\"en-US\",\"@id\":\"https:\/\/efip.ctu.edu.vn\/web\/#\/schema\/logo\/image\/\",\"url\":\"https:\/\/efip.ctu.edu.vn\/web\/wp-content\/uploads\/2025\/05\/efip2-150x89-1.jpg\",\"contentUrl\":\"https:\/\/efip.ctu.edu.vn\/web\/wp-content\/uploads\/2025\/05\/efip2-150x89-1.jpg\",\"width\":150,\"height\":89,\"caption\":\"EFIP\"},\"image\":{\"@id\":\"https:\/\/efip.ctu.edu.vn\/web\/#\/schema\/logo\/image\/\"},\"sameAs\":[\"https:\/\/www.facebook.com\/efipCanTho\"]},{\"@type\":\"Person\",\"@id\":\"https:\/\/efip.ctu.edu.vn\/web\/#\/schema\/person\/35bc81d3e308c29df375a0cc2358e442\",\"name\":\"admin\",\"image\":{\"@type\":\"ImageObject\",\"inLanguage\":\"en-US\",\"@id\":\"https:\/\/efip.ctu.edu.vn\/web\/#\/schema\/person\/image\/\",\"url\":\"https:\/\/secure.gravatar.com\/avatar\/144c36c5502d0d1a7b02b09340de56ca801ac10a6ddb81d97fb402dacf6a4ef1?s=96&d=mm&r=g\",\"contentUrl\":\"https:\/\/secure.gravatar.com\/avatar\/144c36c5502d0d1a7b02b09340de56ca801ac10a6ddb81d97fb402dacf6a4ef1?s=96&d=mm&r=g\",\"caption\":\"admin\"},\"url\":\"https:\/\/efip.ctu.edu.vn\/web\/author\/admin\/\"}]}<\/script>\n<!-- \/ Yoast SEO plugin. -->","yoast_head_json":{"title":"Deux \u00e9tudiantes de Can Tho prim\u00e9es au concours de nouvelles \"Prix de la Jeunesse - Prix Alexandre Yersin\" - EFIP","robots":{"index":"index","follow":"follow","max-snippet":"max-snippet:-1","max-image-preview":"max-image-preview:large","max-video-preview":"max-video-preview:-1"},"canonical":"https:\/\/efip.ctu.edu.vn\/web\/deux-etudiantes-de-can-tho-primees-au-concours-de-nouvelles-prix-de-la-jeunesse-prix-alexandre-yersin\/","og_locale":"en_US","og_type":"article","og_title":"Deux \u00e9tudiantes de Can Tho prim\u00e9es au concours de nouvelles \"Prix de la Jeunesse - Prix Alexandre Yersin\" - EFIP","og_description":"F\u00e9licitations \u00e0 : Nguy\u1ec5n Song H\u00e2n, \u00e9tudiante en 1\u00e8re ann\u00e9e \u00e0 la facult\u00e9 de p\u00e9dagogie, d\u00e9partement de fran\u00e7ais, de l&#8217;Universit\u00e9 &hellip; Continue reading Deux \u00e9tudiantes de Can Tho prim\u00e9es au concours de nouvelles &#8220;Prix de la Jeunesse &#8211; Prix Alexandre Yersin&#8221;","og_url":"https:\/\/efip.ctu.edu.vn\/web\/deux-etudiantes-de-can-tho-primees-au-concours-de-nouvelles-prix-de-la-jeunesse-prix-alexandre-yersin\/","og_site_name":"EFIP","article_publisher":"https:\/\/www.facebook.com\/efipCanTho","article_published_time":"2014-05-26T02:37:17+00:00","og_image":[{"width":400,"height":300,"url":"https:\/\/efip.ctu.edu.vn\/web\/wp-content\/uploads\/2014\/05\/images956308_giaiYerrsin.jpg","type":"image\/jpeg"}],"author":"admin","twitter_card":"summary_large_image","twitter_misc":{"Written by":"admin","Est. reading time":"1 minute"},"schema":{"@context":"https:\/\/schema.org","@graph":[{"@type":"Article","@id":"https:\/\/efip.ctu.edu.vn\/web\/deux-etudiantes-de-can-tho-primees-au-concours-de-nouvelles-prix-de-la-jeunesse-prix-alexandre-yersin\/#article","isPartOf":{"@id":"https:\/\/efip.ctu.edu.vn\/web\/deux-etudiantes-de-can-tho-primees-au-concours-de-nouvelles-prix-de-la-jeunesse-prix-alexandre-yersin\/"},"author":{"name":"admin","@id":"https:\/\/efip.ctu.edu.vn\/web\/#\/schema\/person\/35bc81d3e308c29df375a0cc2358e442"},"headline":"Deux \u00e9tudiantes de Can Tho prim\u00e9es au concours de nouvelles &#8220;Prix de la Jeunesse &#8211; Prix Alexandre Yersin&#8221;","datePublished":"2014-05-26T02:37:17+00:00","mainEntityOfPage":{"@id":"https:\/\/efip.ctu.edu.vn\/web\/deux-etudiantes-de-can-tho-primees-au-concours-de-nouvelles-prix-de-la-jeunesse-prix-alexandre-yersin\/"},"wordCount":139,"commentCount":0,"publisher":{"@id":"https:\/\/efip.ctu.edu.vn\/web\/#organization"},"image":{"@id":"https:\/\/efip.ctu.edu.vn\/web\/deux-etudiantes-de-can-tho-primees-au-concours-de-nouvelles-prix-de-la-jeunesse-prix-alexandre-yersin\/#primaryimage"},"thumbnailUrl":"https:\/\/efip.ctu.edu.vn\/web\/wp-content\/uploads\/2014\/05\/images956308_giaiYerrsin.jpg","articleSection":["Projets et concours"],"inLanguage":"en-US","potentialAction":[{"@type":"CommentAction","name":"Comment","target":["https:\/\/efip.ctu.edu.vn\/web\/deux-etudiantes-de-can-tho-primees-au-concours-de-nouvelles-prix-de-la-jeunesse-prix-alexandre-yersin\/#respond"]}]},{"@type":"WebPage","@id":"https:\/\/efip.ctu.edu.vn\/web\/deux-etudiantes-de-can-tho-primees-au-concours-de-nouvelles-prix-de-la-jeunesse-prix-alexandre-yersin\/","url":"https:\/\/efip.ctu.edu.vn\/web\/deux-etudiantes-de-can-tho-primees-au-concours-de-nouvelles-prix-de-la-jeunesse-prix-alexandre-yersin\/","name":"Deux \u00e9tudiantes de Can Tho prim\u00e9es au concours de nouvelles \"Prix de la Jeunesse - Prix Alexandre Yersin\" - EFIP","isPartOf":{"@id":"https:\/\/efip.ctu.edu.vn\/web\/#website"},"primaryImageOfPage":{"@id":"https:\/\/efip.ctu.edu.vn\/web\/deux-etudiantes-de-can-tho-primees-au-concours-de-nouvelles-prix-de-la-jeunesse-prix-alexandre-yersin\/#primaryimage"},"image":{"@id":"https:\/\/efip.ctu.edu.vn\/web\/deux-etudiantes-de-can-tho-primees-au-concours-de-nouvelles-prix-de-la-jeunesse-prix-alexandre-yersin\/#primaryimage"},"thumbnailUrl":"https:\/\/efip.ctu.edu.vn\/web\/wp-content\/uploads\/2014\/05\/images956308_giaiYerrsin.jpg","datePublished":"2014-05-26T02:37:17+00:00","breadcrumb":{"@id":"https:\/\/efip.ctu.edu.vn\/web\/deux-etudiantes-de-can-tho-primees-au-concours-de-nouvelles-prix-de-la-jeunesse-prix-alexandre-yersin\/#breadcrumb"},"inLanguage":"en-US","potentialAction":[{"@type":"ReadAction","target":["https:\/\/efip.ctu.edu.vn\/web\/deux-etudiantes-de-can-tho-primees-au-concours-de-nouvelles-prix-de-la-jeunesse-prix-alexandre-yersin\/"]}]},{"@type":"ImageObject","inLanguage":"en-US","@id":"https:\/\/efip.ctu.edu.vn\/web\/deux-etudiantes-de-can-tho-primees-au-concours-de-nouvelles-prix-de-la-jeunesse-prix-alexandre-yersin\/#primaryimage","url":"https:\/\/efip.ctu.edu.vn\/web\/wp-content\/uploads\/2014\/05\/images956308_giaiYerrsin.jpg","contentUrl":"https:\/\/efip.ctu.edu.vn\/web\/wp-content\/uploads\/2014\/05\/images956308_giaiYerrsin.jpg","width":400,"height":300},{"@type":"BreadcrumbList","@id":"https:\/\/efip.ctu.edu.vn\/web\/deux-etudiantes-de-can-tho-primees-au-concours-de-nouvelles-prix-de-la-jeunesse-prix-alexandre-yersin\/#breadcrumb","itemListElement":[{"@type":"ListItem","position":1,"name":"Accueil","item":"https:\/\/efip.ctu.edu.vn\/web\/"},{"@type":"ListItem","position":2,"name":"Deux \u00e9tudiantes de Can Tho prim\u00e9es au concours de nouvelles &#8220;Prix de la Jeunesse &#8211; Prix Alexandre Yersin&#8221;"}]},{"@type":"WebSite","@id":"https:\/\/efip.ctu.edu.vn\/web\/#website","url":"https:\/\/efip.ctu.edu.vn\/web\/","name":"EFIP de Can Tho","description":"Espace Francophone d&#039;Innovation et de Partenariat","publisher":{"@id":"https:\/\/efip.ctu.edu.vn\/web\/#organization"},"potentialAction":[{"@type":"SearchAction","target":{"@type":"EntryPoint","urlTemplate":"https:\/\/efip.ctu.edu.vn\/web\/?s={search_term_string}"},"query-input":{"@type":"PropertyValueSpecification","valueRequired":true,"valueName":"search_term_string"}}],"inLanguage":"en-US"},{"@type":"Organization","@id":"https:\/\/efip.ctu.edu.vn\/web\/#organization","name":"EFIP","url":"https:\/\/efip.ctu.edu.vn\/web\/","logo":{"@type":"ImageObject","inLanguage":"en-US","@id":"https:\/\/efip.ctu.edu.vn\/web\/#\/schema\/logo\/image\/","url":"https:\/\/efip.ctu.edu.vn\/web\/wp-content\/uploads\/2025\/05\/efip2-150x89-1.jpg","contentUrl":"https:\/\/efip.ctu.edu.vn\/web\/wp-content\/uploads\/2025\/05\/efip2-150x89-1.jpg","width":150,"height":89,"caption":"EFIP"},"image":{"@id":"https:\/\/efip.ctu.edu.vn\/web\/#\/schema\/logo\/image\/"},"sameAs":["https:\/\/www.facebook.com\/efipCanTho"]},{"@type":"Person","@id":"https:\/\/efip.ctu.edu.vn\/web\/#\/schema\/person\/35bc81d3e308c29df375a0cc2358e442","name":"admin","image":{"@type":"ImageObject","inLanguage":"en-US","@id":"https:\/\/efip.ctu.edu.vn\/web\/#\/schema\/person\/image\/","url":"https:\/\/secure.gravatar.com\/avatar\/144c36c5502d0d1a7b02b09340de56ca801ac10a6ddb81d97fb402dacf6a4ef1?s=96&d=mm&r=g","contentUrl":"https:\/\/secure.gravatar.com\/avatar\/144c36c5502d0d1a7b02b09340de56ca801ac10a6ddb81d97fb402dacf6a4ef1?s=96&d=mm&r=g","caption":"admin"},"url":"https:\/\/efip.ctu.edu.vn\/web\/author\/admin\/"}]}},"_links":{"self":[{"href":"https:\/\/efip.ctu.edu.vn\/web\/wp-json\/wp\/v2\/posts\/401","targetHints":{"allow":["GET"]}}],"collection":[{"href":"https:\/\/efip.ctu.edu.vn\/web\/wp-json\/wp\/v2\/posts"}],"about":[{"href":"https:\/\/efip.ctu.edu.vn\/web\/wp-json\/wp\/v2\/types\/post"}],"author":[{"embeddable":true,"href":"https:\/\/efip.ctu.edu.vn\/web\/wp-json\/wp\/v2\/users\/1"}],"replies":[{"embeddable":true,"href":"https:\/\/efip.ctu.edu.vn\/web\/wp-json\/wp\/v2\/comments?post=401"}],"version-history":[{"count":1,"href":"https:\/\/efip.ctu.edu.vn\/web\/wp-json\/wp\/v2\/posts\/401\/revisions"}],"predecessor-version":[{"id":403,"href":"https:\/\/efip.ctu.edu.vn\/web\/wp-json\/wp\/v2\/posts\/401\/revisions\/403"}],"wp:featuredmedia":[{"embeddable":true,"href":"https:\/\/efip.ctu.edu.vn\/web\/wp-json\/wp\/v2\/media\/402"}],"wp:attachment":[{"href":"https:\/\/efip.ctu.edu.vn\/web\/wp-json\/wp\/v2\/media?parent=401"}],"wp:term":[{"taxonomy":"category","embeddable":true,"href":"https:\/\/efip.ctu.edu.vn\/web\/wp-json\/wp\/v2\/categories?post=401"},{"taxonomy":"post_tag","embeddable":true,"href":"https:\/\/efip.ctu.edu.vn\/web\/wp-json\/wp\/v2\/tags?post=401"}],"curies":[{"name":"wp","href":"https:\/\/api.w.org\/{rel}","templated":true}]}}