{"id":3740,"date":"2022-11-20T07:00:00","date_gmt":"2022-11-20T00:00:00","guid":{"rendered":"https:\/\/efip.ctu.edu.vn\/web\/?p=3740"},"modified":"2022-11-21T08:50:20","modified_gmt":"2022-11-21T01:50:20","slug":"bonne-fete-des-professeurs-vietnamiens","status":"publish","type":"post","link":"https:\/\/efip.ctu.edu.vn\/web\/bonne-fete-des-professeurs-vietnamiens\/","title":{"rendered":"Bonne f\u00eate des professeurs vietnamiens"},"content":{"rendered":"\n<div class=\"wp-block-image\"><figure class=\"aligncenter size-large\"><a href=\"https:\/\/efip.ctu.edu.vn\/web\/wp-content\/uploads\/2020\/11\/FeteProfs2020.png\"><img fetchpriority=\"high\" decoding=\"async\" width=\"1024\" height=\"727\" src=\"https:\/\/efip.ctu.edu.vn\/web\/wp-content\/uploads\/2020\/11\/FeteProfs2020-1024x727.png\" alt=\"Bonne f\u00eate des enseignants 2020\" class=\"wp-image-2403\" srcset=\"https:\/\/efip.ctu.edu.vn\/web\/wp-content\/uploads\/2020\/11\/FeteProfs2020-1024x727.png 1024w, https:\/\/efip.ctu.edu.vn\/web\/wp-content\/uploads\/2020\/11\/FeteProfs2020-300x213.png 300w, https:\/\/efip.ctu.edu.vn\/web\/wp-content\/uploads\/2020\/11\/FeteProfs2020-768x545.png 768w, https:\/\/efip.ctu.edu.vn\/web\/wp-content\/uploads\/2020\/11\/FeteProfs2020-1536x1090.png 1536w, https:\/\/efip.ctu.edu.vn\/web\/wp-content\/uploads\/2020\/11\/FeteProfs2020-110x78.png 110w, https:\/\/efip.ctu.edu.vn\/web\/wp-content\/uploads\/2020\/11\/FeteProfs2020-420x298.png 420w, https:\/\/efip.ctu.edu.vn\/web\/wp-content\/uploads\/2020\/11\/FeteProfs2020-606x430.png 606w, https:\/\/efip.ctu.edu.vn\/web\/wp-content\/uploads\/2020\/11\/FeteProfs2020.png 1747w\" sizes=\"(max-width: 1024px) 100vw, 1024px\" \/><\/a><\/figure><\/div>\n\n\n\n<p>Aujourd&#8217;hui 20 novembre, c&#8217;est la f\u00eate des enseignants au Vietnam. Nous en profitons donc pour souhaiter une bonne f\u00eate \u00e0 tous les professeurs ! <\/p>\n","protected":false},"excerpt":{"rendered":"<p>Aujourd&#8217;hui 20 novembre, c&#8217;est la f\u00eate des enseignants au Vietnam. Nous en profitons donc pour souhaiter une bonne f\u00eate \u00e0 &hellip; <br \/><a href=\"https:\/\/efip.ctu.edu.vn\/web\/bonne-fete-des-professeurs-vietnamiens\/\" class=\"more-link\">Continue reading <span class=\"screen-reader-text\">Bonne f\u00eate des professeurs vietnamiens<\/span><\/a><\/p>\n","protected":false},"author":3,"featured_media":2403,"comment_status":"open","ping_status":"open","sticky":false,"template":"","format":"standard","meta":{"footnotes":""},"categories":[57],"tags":[],"class_list":["post-3740","post","type-post","status-publish","format-standard","has-post-thumbnail","hentry","category-divers"],"yoast_head":"<!-- This site is optimized with the Yoast SEO plugin v25.0 - https:\/\/yoast.com\/wordpress\/plugins\/seo\/ -->\n<title>Bonne f\u00eate des professeurs vietnamiens - EFIP de Can Tho<\/title>\n<meta name=\"description\" content=\"Aujourd&#039;hui 20 novembre, c&#039;est la f\u00eate des enseignants au Vietnam. Nous en profitons donc pour souhaiter une bonne f\u00eate \u00e0 tous les professeurs !\" \/>\n<meta name=\"robots\" content=\"index, follow, max-snippet:-1, max-image-preview:large, max-video-preview:-1\" \/>\n<link rel=\"canonical\" href=\"https:\/\/efip.ctu.edu.vn\/web\/bonne-fete-des-professeurs-vietnamiens\/\" \/>\n<meta property=\"og:locale\" content=\"en_US\" \/>\n<meta property=\"og:type\" content=\"article\" \/>\n<meta property=\"og:title\" content=\"Bonne f\u00eate des professeurs vietnamiens - EFIP de Can Tho\" \/>\n<meta property=\"og:description\" content=\"Aujourd&#039;hui 20 novembre, c&#039;est la f\u00eate des enseignants au Vietnam. Nous en profitons donc pour souhaiter une bonne f\u00eate \u00e0 tous les professeurs !\" \/>\n<meta property=\"og:url\" content=\"https:\/\/efip.ctu.edu.vn\/web\/bonne-fete-des-professeurs-vietnamiens\/\" \/>\n<meta property=\"og:site_name\" content=\"EFIP\" \/>\n<meta property=\"article:publisher\" content=\"https:\/\/www.facebook.com\/efipCanTho\" \/>\n<meta property=\"article:published_time\" content=\"2022-11-20T00:00:00+00:00\" \/>\n<meta property=\"article:modified_time\" content=\"2022-11-21T01:50:20+00:00\" \/>\n<meta property=\"og:image\" content=\"https:\/\/efip.ctu.edu.vn\/web\/wp-content\/uploads\/2020\/11\/FeteProfs2020.png\" \/>\n\t<meta property=\"og:image:width\" content=\"1747\" \/>\n\t<meta property=\"og:image:height\" content=\"1240\" \/>\n\t<meta property=\"og:image:type\" content=\"image\/png\" \/>\n<meta name=\"author\" content=\"Emilie\" \/>\n<meta name=\"twitter:card\" content=\"summary_large_image\" \/>\n<meta name=\"twitter:label1\" content=\"Written by\" \/>\n\t<meta name=\"twitter:data1\" content=\"Emilie\" \/>\n\t<meta name=\"twitter:label2\" content=\"Est. reading time\" \/>\n\t<meta name=\"twitter:data2\" content=\"1 minute\" \/>\n<script type=\"application\/ld+json\" class=\"yoast-schema-graph\">{\"@context\":\"https:\/\/schema.org\",\"@graph\":[{\"@type\":\"Article\",\"@id\":\"https:\/\/efip.ctu.edu.vn\/web\/bonne-fete-des-professeurs-vietnamiens\/#article\",\"isPartOf\":{\"@id\":\"https:\/\/efip.ctu.edu.vn\/web\/bonne-fete-des-professeurs-vietnamiens\/\"},\"author\":{\"name\":\"Emilie\",\"@id\":\"https:\/\/efip.ctu.edu.vn\/web\/#\/schema\/person\/53dc596cb2d0db2aa914c8a122a41e62\"},\"headline\":\"Bonne f\u00eate des professeurs vietnamiens\",\"datePublished\":\"2022-11-20T00:00:00+00:00\",\"dateModified\":\"2022-11-21T01:50:20+00:00\",\"mainEntityOfPage\":{\"@id\":\"https:\/\/efip.ctu.edu.vn\/web\/bonne-fete-des-professeurs-vietnamiens\/\"},\"wordCount\":29,\"commentCount\":0,\"publisher\":{\"@id\":\"https:\/\/efip.ctu.edu.vn\/web\/#organization\"},\"image\":{\"@id\":\"https:\/\/efip.ctu.edu.vn\/web\/bonne-fete-des-professeurs-vietnamiens\/#primaryimage\"},\"thumbnailUrl\":\"https:\/\/efip.ctu.edu.vn\/web\/wp-content\/uploads\/2020\/11\/FeteProfs2020.png\",\"articleSection\":[\"Divers\"],\"inLanguage\":\"en-US\",\"potentialAction\":[{\"@type\":\"CommentAction\",\"name\":\"Comment\",\"target\":[\"https:\/\/efip.ctu.edu.vn\/web\/bonne-fete-des-professeurs-vietnamiens\/#respond\"]}]},{\"@type\":\"WebPage\",\"@id\":\"https:\/\/efip.ctu.edu.vn\/web\/bonne-fete-des-professeurs-vietnamiens\/\",\"url\":\"https:\/\/efip.ctu.edu.vn\/web\/bonne-fete-des-professeurs-vietnamiens\/\",\"name\":\"Bonne f\u00eate des professeurs vietnamiens - EFIP de Can Tho\",\"isPartOf\":{\"@id\":\"https:\/\/efip.ctu.edu.vn\/web\/#website\"},\"primaryImageOfPage\":{\"@id\":\"https:\/\/efip.ctu.edu.vn\/web\/bonne-fete-des-professeurs-vietnamiens\/#primaryimage\"},\"image\":{\"@id\":\"https:\/\/efip.ctu.edu.vn\/web\/bonne-fete-des-professeurs-vietnamiens\/#primaryimage\"},\"thumbnailUrl\":\"https:\/\/efip.ctu.edu.vn\/web\/wp-content\/uploads\/2020\/11\/FeteProfs2020.png\",\"datePublished\":\"2022-11-20T00:00:00+00:00\",\"dateModified\":\"2022-11-21T01:50:20+00:00\",\"description\":\"Aujourd'hui 20 novembre, c'est la f\u00eate des enseignants au Vietnam. Nous en profitons donc pour souhaiter une bonne f\u00eate \u00e0 tous les professeurs !\",\"breadcrumb\":{\"@id\":\"https:\/\/efip.ctu.edu.vn\/web\/bonne-fete-des-professeurs-vietnamiens\/#breadcrumb\"},\"inLanguage\":\"en-US\",\"potentialAction\":[{\"@type\":\"ReadAction\",\"target\":[\"https:\/\/efip.ctu.edu.vn\/web\/bonne-fete-des-professeurs-vietnamiens\/\"]}]},{\"@type\":\"ImageObject\",\"inLanguage\":\"en-US\",\"@id\":\"https:\/\/efip.ctu.edu.vn\/web\/bonne-fete-des-professeurs-vietnamiens\/#primaryimage\",\"url\":\"https:\/\/efip.ctu.edu.vn\/web\/wp-content\/uploads\/2020\/11\/FeteProfs2020.png\",\"contentUrl\":\"https:\/\/efip.ctu.edu.vn\/web\/wp-content\/uploads\/2020\/11\/FeteProfs2020.png\",\"width\":1747,\"height\":1240,\"caption\":\"Bonne f\u00eate des enseignants 2020\"},{\"@type\":\"BreadcrumbList\",\"@id\":\"https:\/\/efip.ctu.edu.vn\/web\/bonne-fete-des-professeurs-vietnamiens\/#breadcrumb\",\"itemListElement\":[{\"@type\":\"ListItem\",\"position\":1,\"name\":\"Accueil\",\"item\":\"https:\/\/efip.ctu.edu.vn\/web\/\"},{\"@type\":\"ListItem\",\"position\":2,\"name\":\"Bonne f\u00eate des professeurs vietnamiens\"}]},{\"@type\":\"WebSite\",\"@id\":\"https:\/\/efip.ctu.edu.vn\/web\/#website\",\"url\":\"https:\/\/efip.ctu.edu.vn\/web\/\",\"name\":\"EFIP de Can Tho\",\"description\":\"Espace Francophone d&#039;Innovation et de Partenariat\",\"publisher\":{\"@id\":\"https:\/\/efip.ctu.edu.vn\/web\/#organization\"},\"potentialAction\":[{\"@type\":\"SearchAction\",\"target\":{\"@type\":\"EntryPoint\",\"urlTemplate\":\"https:\/\/efip.ctu.edu.vn\/web\/?s={search_term_string}\"},\"query-input\":{\"@type\":\"PropertyValueSpecification\",\"valueRequired\":true,\"valueName\":\"search_term_string\"}}],\"inLanguage\":\"en-US\"},{\"@type\":\"Organization\",\"@id\":\"https:\/\/efip.ctu.edu.vn\/web\/#organization\",\"name\":\"EFIP\",\"url\":\"https:\/\/efip.ctu.edu.vn\/web\/\",\"logo\":{\"@type\":\"ImageObject\",\"inLanguage\":\"en-US\",\"@id\":\"https:\/\/efip.ctu.edu.vn\/web\/#\/schema\/logo\/image\/\",\"url\":\"https:\/\/efip.ctu.edu.vn\/web\/wp-content\/uploads\/2025\/05\/efip2-150x89-1.jpg\",\"contentUrl\":\"https:\/\/efip.ctu.edu.vn\/web\/wp-content\/uploads\/2025\/05\/efip2-150x89-1.jpg\",\"width\":150,\"height\":89,\"caption\":\"EFIP\"},\"image\":{\"@id\":\"https:\/\/efip.ctu.edu.vn\/web\/#\/schema\/logo\/image\/\"},\"sameAs\":[\"https:\/\/www.facebook.com\/efipCanTho\"]},{\"@type\":\"Person\",\"@id\":\"https:\/\/efip.ctu.edu.vn\/web\/#\/schema\/person\/53dc596cb2d0db2aa914c8a122a41e62\",\"name\":\"Emilie\",\"image\":{\"@type\":\"ImageObject\",\"inLanguage\":\"en-US\",\"@id\":\"https:\/\/efip.ctu.edu.vn\/web\/#\/schema\/person\/image\/\",\"url\":\"https:\/\/secure.gravatar.com\/avatar\/6a0fb05561be2eb61d5a590bc8bec4352d8fc07271158e66cac145fdb0f3d5ad?s=96&d=mm&r=g\",\"contentUrl\":\"https:\/\/secure.gravatar.com\/avatar\/6a0fb05561be2eb61d5a590bc8bec4352d8fc07271158e66cac145fdb0f3d5ad?s=96&d=mm&r=g\",\"caption\":\"Emilie\"},\"url\":\"https:\/\/efip.ctu.edu.vn\/web\/author\/emilie\/\"}]}<\/script>\n<!-- \/ Yoast SEO plugin. -->","yoast_head_json":{"title":"Bonne f\u00eate des professeurs vietnamiens - EFIP de Can Tho","description":"Aujourd'hui 20 novembre, c'est la f\u00eate des enseignants au Vietnam. Nous en profitons donc pour souhaiter une bonne f\u00eate \u00e0 tous les professeurs !","robots":{"index":"index","follow":"follow","max-snippet":"max-snippet:-1","max-image-preview":"max-image-preview:large","max-video-preview":"max-video-preview:-1"},"canonical":"https:\/\/efip.ctu.edu.vn\/web\/bonne-fete-des-professeurs-vietnamiens\/","og_locale":"en_US","og_type":"article","og_title":"Bonne f\u00eate des professeurs vietnamiens - EFIP de Can Tho","og_description":"Aujourd'hui 20 novembre, c'est la f\u00eate des enseignants au Vietnam. Nous en profitons donc pour souhaiter une bonne f\u00eate \u00e0 tous les professeurs !","og_url":"https:\/\/efip.ctu.edu.vn\/web\/bonne-fete-des-professeurs-vietnamiens\/","og_site_name":"EFIP","article_publisher":"https:\/\/www.facebook.com\/efipCanTho","article_published_time":"2022-11-20T00:00:00+00:00","article_modified_time":"2022-11-21T01:50:20+00:00","og_image":[{"width":1747,"height":1240,"url":"https:\/\/efip.ctu.edu.vn\/web\/wp-content\/uploads\/2020\/11\/FeteProfs2020.png","type":"image\/png"}],"author":"Emilie","twitter_card":"summary_large_image","twitter_misc":{"Written by":"Emilie","Est. reading time":"1 minute"},"schema":{"@context":"https:\/\/schema.org","@graph":[{"@type":"Article","@id":"https:\/\/efip.ctu.edu.vn\/web\/bonne-fete-des-professeurs-vietnamiens\/#article","isPartOf":{"@id":"https:\/\/efip.ctu.edu.vn\/web\/bonne-fete-des-professeurs-vietnamiens\/"},"author":{"name":"Emilie","@id":"https:\/\/efip.ctu.edu.vn\/web\/#\/schema\/person\/53dc596cb2d0db2aa914c8a122a41e62"},"headline":"Bonne f\u00eate des professeurs vietnamiens","datePublished":"2022-11-20T00:00:00+00:00","dateModified":"2022-11-21T01:50:20+00:00","mainEntityOfPage":{"@id":"https:\/\/efip.ctu.edu.vn\/web\/bonne-fete-des-professeurs-vietnamiens\/"},"wordCount":29,"commentCount":0,"publisher":{"@id":"https:\/\/efip.ctu.edu.vn\/web\/#organization"},"image":{"@id":"https:\/\/efip.ctu.edu.vn\/web\/bonne-fete-des-professeurs-vietnamiens\/#primaryimage"},"thumbnailUrl":"https:\/\/efip.ctu.edu.vn\/web\/wp-content\/uploads\/2020\/11\/FeteProfs2020.png","articleSection":["Divers"],"inLanguage":"en-US","potentialAction":[{"@type":"CommentAction","name":"Comment","target":["https:\/\/efip.ctu.edu.vn\/web\/bonne-fete-des-professeurs-vietnamiens\/#respond"]}]},{"@type":"WebPage","@id":"https:\/\/efip.ctu.edu.vn\/web\/bonne-fete-des-professeurs-vietnamiens\/","url":"https:\/\/efip.ctu.edu.vn\/web\/bonne-fete-des-professeurs-vietnamiens\/","name":"Bonne f\u00eate des professeurs vietnamiens - EFIP de Can Tho","isPartOf":{"@id":"https:\/\/efip.ctu.edu.vn\/web\/#website"},"primaryImageOfPage":{"@id":"https:\/\/efip.ctu.edu.vn\/web\/bonne-fete-des-professeurs-vietnamiens\/#primaryimage"},"image":{"@id":"https:\/\/efip.ctu.edu.vn\/web\/bonne-fete-des-professeurs-vietnamiens\/#primaryimage"},"thumbnailUrl":"https:\/\/efip.ctu.edu.vn\/web\/wp-content\/uploads\/2020\/11\/FeteProfs2020.png","datePublished":"2022-11-20T00:00:00+00:00","dateModified":"2022-11-21T01:50:20+00:00","description":"Aujourd'hui 20 novembre, c'est la f\u00eate des enseignants au Vietnam. Nous en profitons donc pour souhaiter une bonne f\u00eate \u00e0 tous les professeurs !","breadcrumb":{"@id":"https:\/\/efip.ctu.edu.vn\/web\/bonne-fete-des-professeurs-vietnamiens\/#breadcrumb"},"inLanguage":"en-US","potentialAction":[{"@type":"ReadAction","target":["https:\/\/efip.ctu.edu.vn\/web\/bonne-fete-des-professeurs-vietnamiens\/"]}]},{"@type":"ImageObject","inLanguage":"en-US","@id":"https:\/\/efip.ctu.edu.vn\/web\/bonne-fete-des-professeurs-vietnamiens\/#primaryimage","url":"https:\/\/efip.ctu.edu.vn\/web\/wp-content\/uploads\/2020\/11\/FeteProfs2020.png","contentUrl":"https:\/\/efip.ctu.edu.vn\/web\/wp-content\/uploads\/2020\/11\/FeteProfs2020.png","width":1747,"height":1240,"caption":"Bonne f\u00eate des enseignants 2020"},{"@type":"BreadcrumbList","@id":"https:\/\/efip.ctu.edu.vn\/web\/bonne-fete-des-professeurs-vietnamiens\/#breadcrumb","itemListElement":[{"@type":"ListItem","position":1,"name":"Accueil","item":"https:\/\/efip.ctu.edu.vn\/web\/"},{"@type":"ListItem","position":2,"name":"Bonne f\u00eate des professeurs vietnamiens"}]},{"@type":"WebSite","@id":"https:\/\/efip.ctu.edu.vn\/web\/#website","url":"https:\/\/efip.ctu.edu.vn\/web\/","name":"EFIP de Can Tho","description":"Espace Francophone d&#039;Innovation et de Partenariat","publisher":{"@id":"https:\/\/efip.ctu.edu.vn\/web\/#organization"},"potentialAction":[{"@type":"SearchAction","target":{"@type":"EntryPoint","urlTemplate":"https:\/\/efip.ctu.edu.vn\/web\/?s={search_term_string}"},"query-input":{"@type":"PropertyValueSpecification","valueRequired":true,"valueName":"search_term_string"}}],"inLanguage":"en-US"},{"@type":"Organization","@id":"https:\/\/efip.ctu.edu.vn\/web\/#organization","name":"EFIP","url":"https:\/\/efip.ctu.edu.vn\/web\/","logo":{"@type":"ImageObject","inLanguage":"en-US","@id":"https:\/\/efip.ctu.edu.vn\/web\/#\/schema\/logo\/image\/","url":"https:\/\/efip.ctu.edu.vn\/web\/wp-content\/uploads\/2025\/05\/efip2-150x89-1.jpg","contentUrl":"https:\/\/efip.ctu.edu.vn\/web\/wp-content\/uploads\/2025\/05\/efip2-150x89-1.jpg","width":150,"height":89,"caption":"EFIP"},"image":{"@id":"https:\/\/efip.ctu.edu.vn\/web\/#\/schema\/logo\/image\/"},"sameAs":["https:\/\/www.facebook.com\/efipCanTho"]},{"@type":"Person","@id":"https:\/\/efip.ctu.edu.vn\/web\/#\/schema\/person\/53dc596cb2d0db2aa914c8a122a41e62","name":"Emilie","image":{"@type":"ImageObject","inLanguage":"en-US","@id":"https:\/\/efip.ctu.edu.vn\/web\/#\/schema\/person\/image\/","url":"https:\/\/secure.gravatar.com\/avatar\/6a0fb05561be2eb61d5a590bc8bec4352d8fc07271158e66cac145fdb0f3d5ad?s=96&d=mm&r=g","contentUrl":"https:\/\/secure.gravatar.com\/avatar\/6a0fb05561be2eb61d5a590bc8bec4352d8fc07271158e66cac145fdb0f3d5ad?s=96&d=mm&r=g","caption":"Emilie"},"url":"https:\/\/efip.ctu.edu.vn\/web\/author\/emilie\/"}]}},"_links":{"self":[{"href":"https:\/\/efip.ctu.edu.vn\/web\/wp-json\/wp\/v2\/posts\/3740","targetHints":{"allow":["GET"]}}],"collection":[{"href":"https:\/\/efip.ctu.edu.vn\/web\/wp-json\/wp\/v2\/posts"}],"about":[{"href":"https:\/\/efip.ctu.edu.vn\/web\/wp-json\/wp\/v2\/types\/post"}],"author":[{"embeddable":true,"href":"https:\/\/efip.ctu.edu.vn\/web\/wp-json\/wp\/v2\/users\/3"}],"replies":[{"embeddable":true,"href":"https:\/\/efip.ctu.edu.vn\/web\/wp-json\/wp\/v2\/comments?post=3740"}],"version-history":[{"count":1,"href":"https:\/\/efip.ctu.edu.vn\/web\/wp-json\/wp\/v2\/posts\/3740\/revisions"}],"predecessor-version":[{"id":3741,"href":"https:\/\/efip.ctu.edu.vn\/web\/wp-json\/wp\/v2\/posts\/3740\/revisions\/3741"}],"wp:featuredmedia":[{"embeddable":true,"href":"https:\/\/efip.ctu.edu.vn\/web\/wp-json\/wp\/v2\/media\/2403"}],"wp:attachment":[{"href":"https:\/\/efip.ctu.edu.vn\/web\/wp-json\/wp\/v2\/media?parent=3740"}],"wp:term":[{"taxonomy":"category","embeddable":true,"href":"https:\/\/efip.ctu.edu.vn\/web\/wp-json\/wp\/v2\/categories?post=3740"},{"taxonomy":"post_tag","embeddable":true,"href":"https:\/\/efip.ctu.edu.vn\/web\/wp-json\/wp\/v2\/tags?post=3740"}],"curies":[{"name":"wp","href":"https:\/\/api.w.org\/{rel}","templated":true}]}}