{"id":3411,"date":"2021-11-20T07:00:00","date_gmt":"2021-11-20T00:00:00","guid":{"rendered":"https:\/\/efip.ctu.edu.vn\/web\/?p=3411"},"modified":"2021-11-19T16:55:27","modified_gmt":"2021-11-19T09:55:27","slug":"bonne-fete-des-enseignants-2","status":"publish","type":"post","link":"https:\/\/efip.ctu.edu.vn\/web\/bonne-fete-des-enseignants-2\/","title":{"rendered":"Bonne f\u00eate des enseignants !"},"content":{"rendered":"\n<figure class=\"wp-block-image size-large\"><a href=\"https:\/\/efip.ctu.edu.vn\/web\/wp-content\/uploads\/2021\/11\/FeteEnseignants2021.png\"><img fetchpriority=\"high\" decoding=\"async\" width=\"1024\" height=\"726\" src=\"https:\/\/efip.ctu.edu.vn\/web\/wp-content\/uploads\/2021\/11\/FeteEnseignants2021-1024x726.png\" alt=\"Bonne f\u00eate des enseignants\" class=\"wp-image-3412\" srcset=\"https:\/\/efip.ctu.edu.vn\/web\/wp-content\/uploads\/2021\/11\/FeteEnseignants2021-1024x726.png 1024w, https:\/\/efip.ctu.edu.vn\/web\/wp-content\/uploads\/2021\/11\/FeteEnseignants2021-300x213.png 300w, https:\/\/efip.ctu.edu.vn\/web\/wp-content\/uploads\/2021\/11\/FeteEnseignants2021-768x545.png 768w, https:\/\/efip.ctu.edu.vn\/web\/wp-content\/uploads\/2021\/11\/FeteEnseignants2021-1536x1090.png 1536w, https:\/\/efip.ctu.edu.vn\/web\/wp-content\/uploads\/2021\/11\/FeteEnseignants2021-110x78.png 110w, https:\/\/efip.ctu.edu.vn\/web\/wp-content\/uploads\/2021\/11\/FeteEnseignants2021-420x298.png 420w, https:\/\/efip.ctu.edu.vn\/web\/wp-content\/uploads\/2021\/11\/FeteEnseignants2021-606x430.png 606w, https:\/\/efip.ctu.edu.vn\/web\/wp-content\/uploads\/2021\/11\/FeteEnseignants2021.png 1748w\" sizes=\"(max-width: 1024px) 100vw, 1024px\" \/><\/a><figcaption>Bonne f\u00eate des enseignants !<\/figcaption><\/figure>\n\n\n\n<p>En cette p\u00e9riode difficile de pand\u00e9mie, l&#8217;EFIP de Can Tho remercie chaleureusement les enseignants de tous niveaux et de toutes mati\u00e8res pour leur d\u00e9vouement envers leurs \u00e9l\u00e8ves, leur motivation et leur volont\u00e9 de d\u00e9passer les d\u00e9fis que pose l&#8217;enseignement en ligne ! En quelques mois, des milliers de contenus interactifs, audio et vid\u00e9o ont \u00e9t\u00e9 cr\u00e9\u00e9s afin de permettre aux enfants et aux \u00e9tudiants de continuer leurs \u00e9tudes \u00e0 la maison, bravo !<\/p>\n\n\n\n<p>Nous vous souhaitons une excellente journ\u00e9e lors de la f\u00eate des enseignants !<\/p>\n","protected":false},"excerpt":{"rendered":"<p>En cette p\u00e9riode difficile de pand\u00e9mie, l&#8217;EFIP de Can Tho remercie chaleureusement les enseignants de tous niveaux et de toutes &hellip; <br \/><a href=\"https:\/\/efip.ctu.edu.vn\/web\/bonne-fete-des-enseignants-2\/\" class=\"more-link\">Continue reading <span class=\"screen-reader-text\">Bonne f\u00eate des enseignants !<\/span><\/a><\/p>\n","protected":false},"author":3,"featured_media":3412,"comment_status":"open","ping_status":"open","sticky":false,"template":"","format":"standard","meta":{"footnotes":""},"categories":[9],"tags":[377],"class_list":["post-3411","post","type-post","status-publish","format-standard","has-post-thumbnail","hentry","category-actualites-de-l-efip","tag-bonne-fete-des-enseignants"],"yoast_head":"<!-- This site is optimized with the Yoast SEO plugin v25.0 - https:\/\/yoast.com\/wordpress\/plugins\/seo\/ -->\n<title>Bonne f\u00eate des enseignants ! - 20 novembre 2021 - EFIP de Can Tho<\/title>\n<meta name=\"description\" content=\"En cette p\u00e9riode difficile de pand\u00e9mie, l&#039;EFIP de Can Tho remercie chaleureusement les enseignants de tous niveaux et de toutes mati\u00e8res...\" \/>\n<meta name=\"robots\" content=\"index, follow, max-snippet:-1, max-image-preview:large, max-video-preview:-1\" \/>\n<link rel=\"canonical\" href=\"https:\/\/efip.ctu.edu.vn\/web\/bonne-fete-des-enseignants-2\/\" \/>\n<meta property=\"og:locale\" content=\"en_US\" \/>\n<meta property=\"og:type\" content=\"article\" \/>\n<meta property=\"og:title\" content=\"Bonne f\u00eate des enseignants ! - 20 novembre 2021 - EFIP de Can Tho\" \/>\n<meta property=\"og:description\" content=\"En cette p\u00e9riode difficile de pand\u00e9mie, l&#039;EFIP de Can Tho remercie chaleureusement les enseignants de tous niveaux et de toutes mati\u00e8res...\" \/>\n<meta property=\"og:url\" content=\"https:\/\/efip.ctu.edu.vn\/web\/bonne-fete-des-enseignants-2\/\" \/>\n<meta property=\"og:site_name\" content=\"EFIP\" \/>\n<meta property=\"article:publisher\" content=\"https:\/\/www.facebook.com\/efipCanTho\" \/>\n<meta property=\"article:published_time\" content=\"2021-11-20T00:00:00+00:00\" \/>\n<meta property=\"og:image\" content=\"https:\/\/efip.ctu.edu.vn\/web\/wp-content\/uploads\/2021\/11\/FeteEnseignants2021-1024x726.png\" \/>\n\t<meta property=\"og:image:width\" content=\"1024\" \/>\n\t<meta property=\"og:image:height\" content=\"726\" \/>\n\t<meta property=\"og:image:type\" content=\"image\/png\" \/>\n<meta name=\"author\" content=\"Emilie\" \/>\n<meta name=\"twitter:card\" content=\"summary_large_image\" \/>\n<meta name=\"twitter:label1\" content=\"Written by\" \/>\n\t<meta name=\"twitter:data1\" content=\"Emilie\" \/>\n\t<meta name=\"twitter:label2\" content=\"Est. reading time\" \/>\n\t<meta name=\"twitter:data2\" content=\"1 minute\" \/>\n<script type=\"application\/ld+json\" class=\"yoast-schema-graph\">{\"@context\":\"https:\/\/schema.org\",\"@graph\":[{\"@type\":\"Article\",\"@id\":\"https:\/\/efip.ctu.edu.vn\/web\/bonne-fete-des-enseignants-2\/#article\",\"isPartOf\":{\"@id\":\"https:\/\/efip.ctu.edu.vn\/web\/bonne-fete-des-enseignants-2\/\"},\"author\":{\"name\":\"Emilie\",\"@id\":\"https:\/\/efip.ctu.edu.vn\/web\/#\/schema\/person\/53dc596cb2d0db2aa914c8a122a41e62\"},\"headline\":\"Bonne f\u00eate des enseignants !\",\"datePublished\":\"2021-11-20T00:00:00+00:00\",\"mainEntityOfPage\":{\"@id\":\"https:\/\/efip.ctu.edu.vn\/web\/bonne-fete-des-enseignants-2\/\"},\"wordCount\":103,\"commentCount\":0,\"publisher\":{\"@id\":\"https:\/\/efip.ctu.edu.vn\/web\/#organization\"},\"image\":{\"@id\":\"https:\/\/efip.ctu.edu.vn\/web\/bonne-fete-des-enseignants-2\/#primaryimage\"},\"thumbnailUrl\":\"https:\/\/efip.ctu.edu.vn\/web\/wp-content\/uploads\/2021\/11\/FeteEnseignants2021.png\",\"keywords\":[\"Bonne f\u00eate des enseignants\"],\"articleSection\":[\"Actualit\u00e9s de l'EFIP\"],\"inLanguage\":\"en-US\",\"potentialAction\":[{\"@type\":\"CommentAction\",\"name\":\"Comment\",\"target\":[\"https:\/\/efip.ctu.edu.vn\/web\/bonne-fete-des-enseignants-2\/#respond\"]}]},{\"@type\":\"WebPage\",\"@id\":\"https:\/\/efip.ctu.edu.vn\/web\/bonne-fete-des-enseignants-2\/\",\"url\":\"https:\/\/efip.ctu.edu.vn\/web\/bonne-fete-des-enseignants-2\/\",\"name\":\"Bonne f\u00eate des enseignants ! - 20 novembre 2021 - EFIP de Can Tho\",\"isPartOf\":{\"@id\":\"https:\/\/efip.ctu.edu.vn\/web\/#website\"},\"primaryImageOfPage\":{\"@id\":\"https:\/\/efip.ctu.edu.vn\/web\/bonne-fete-des-enseignants-2\/#primaryimage\"},\"image\":{\"@id\":\"https:\/\/efip.ctu.edu.vn\/web\/bonne-fete-des-enseignants-2\/#primaryimage\"},\"thumbnailUrl\":\"https:\/\/efip.ctu.edu.vn\/web\/wp-content\/uploads\/2021\/11\/FeteEnseignants2021.png\",\"datePublished\":\"2021-11-20T00:00:00+00:00\",\"description\":\"En cette p\u00e9riode difficile de pand\u00e9mie, l'EFIP de Can Tho remercie chaleureusement les enseignants de tous niveaux et de toutes mati\u00e8res...\",\"breadcrumb\":{\"@id\":\"https:\/\/efip.ctu.edu.vn\/web\/bonne-fete-des-enseignants-2\/#breadcrumb\"},\"inLanguage\":\"en-US\",\"potentialAction\":[{\"@type\":\"ReadAction\",\"target\":[\"https:\/\/efip.ctu.edu.vn\/web\/bonne-fete-des-enseignants-2\/\"]}]},{\"@type\":\"ImageObject\",\"inLanguage\":\"en-US\",\"@id\":\"https:\/\/efip.ctu.edu.vn\/web\/bonne-fete-des-enseignants-2\/#primaryimage\",\"url\":\"https:\/\/efip.ctu.edu.vn\/web\/wp-content\/uploads\/2021\/11\/FeteEnseignants2021.png\",\"contentUrl\":\"https:\/\/efip.ctu.edu.vn\/web\/wp-content\/uploads\/2021\/11\/FeteEnseignants2021.png\",\"width\":1748,\"height\":1240,\"caption\":\"Bonne f\u00eate des enseignants !\"},{\"@type\":\"BreadcrumbList\",\"@id\":\"https:\/\/efip.ctu.edu.vn\/web\/bonne-fete-des-enseignants-2\/#breadcrumb\",\"itemListElement\":[{\"@type\":\"ListItem\",\"position\":1,\"name\":\"Accueil\",\"item\":\"https:\/\/efip.ctu.edu.vn\/web\/\"},{\"@type\":\"ListItem\",\"position\":2,\"name\":\"Bonne f\u00eate des enseignants !\"}]},{\"@type\":\"WebSite\",\"@id\":\"https:\/\/efip.ctu.edu.vn\/web\/#website\",\"url\":\"https:\/\/efip.ctu.edu.vn\/web\/\",\"name\":\"EFIP de Can Tho\",\"description\":\"Espace Francophone d&#039;Innovation et de Partenariat\",\"publisher\":{\"@id\":\"https:\/\/efip.ctu.edu.vn\/web\/#organization\"},\"potentialAction\":[{\"@type\":\"SearchAction\",\"target\":{\"@type\":\"EntryPoint\",\"urlTemplate\":\"https:\/\/efip.ctu.edu.vn\/web\/?s={search_term_string}\"},\"query-input\":{\"@type\":\"PropertyValueSpecification\",\"valueRequired\":true,\"valueName\":\"search_term_string\"}}],\"inLanguage\":\"en-US\"},{\"@type\":\"Organization\",\"@id\":\"https:\/\/efip.ctu.edu.vn\/web\/#organization\",\"name\":\"EFIP\",\"url\":\"https:\/\/efip.ctu.edu.vn\/web\/\",\"logo\":{\"@type\":\"ImageObject\",\"inLanguage\":\"en-US\",\"@id\":\"https:\/\/efip.ctu.edu.vn\/web\/#\/schema\/logo\/image\/\",\"url\":\"https:\/\/efip.ctu.edu.vn\/web\/wp-content\/uploads\/2025\/05\/efip2-150x89-1.jpg\",\"contentUrl\":\"https:\/\/efip.ctu.edu.vn\/web\/wp-content\/uploads\/2025\/05\/efip2-150x89-1.jpg\",\"width\":150,\"height\":89,\"caption\":\"EFIP\"},\"image\":{\"@id\":\"https:\/\/efip.ctu.edu.vn\/web\/#\/schema\/logo\/image\/\"},\"sameAs\":[\"https:\/\/www.facebook.com\/efipCanTho\"]},{\"@type\":\"Person\",\"@id\":\"https:\/\/efip.ctu.edu.vn\/web\/#\/schema\/person\/53dc596cb2d0db2aa914c8a122a41e62\",\"name\":\"Emilie\",\"image\":{\"@type\":\"ImageObject\",\"inLanguage\":\"en-US\",\"@id\":\"https:\/\/efip.ctu.edu.vn\/web\/#\/schema\/person\/image\/\",\"url\":\"https:\/\/secure.gravatar.com\/avatar\/6a0fb05561be2eb61d5a590bc8bec4352d8fc07271158e66cac145fdb0f3d5ad?s=96&d=mm&r=g\",\"contentUrl\":\"https:\/\/secure.gravatar.com\/avatar\/6a0fb05561be2eb61d5a590bc8bec4352d8fc07271158e66cac145fdb0f3d5ad?s=96&d=mm&r=g\",\"caption\":\"Emilie\"},\"url\":\"https:\/\/efip.ctu.edu.vn\/web\/author\/emilie\/\"}]}<\/script>\n<!-- \/ Yoast SEO plugin. -->","yoast_head_json":{"title":"Bonne f\u00eate des enseignants ! - 20 novembre 2021 - EFIP de Can Tho","description":"En cette p\u00e9riode difficile de pand\u00e9mie, l'EFIP de Can Tho remercie chaleureusement les enseignants de tous niveaux et de toutes mati\u00e8res...","robots":{"index":"index","follow":"follow","max-snippet":"max-snippet:-1","max-image-preview":"max-image-preview:large","max-video-preview":"max-video-preview:-1"},"canonical":"https:\/\/efip.ctu.edu.vn\/web\/bonne-fete-des-enseignants-2\/","og_locale":"en_US","og_type":"article","og_title":"Bonne f\u00eate des enseignants ! - 20 novembre 2021 - EFIP de Can Tho","og_description":"En cette p\u00e9riode difficile de pand\u00e9mie, l'EFIP de Can Tho remercie chaleureusement les enseignants de tous niveaux et de toutes mati\u00e8res...","og_url":"https:\/\/efip.ctu.edu.vn\/web\/bonne-fete-des-enseignants-2\/","og_site_name":"EFIP","article_publisher":"https:\/\/www.facebook.com\/efipCanTho","article_published_time":"2021-11-20T00:00:00+00:00","og_image":[{"width":1024,"height":726,"url":"https:\/\/efip.ctu.edu.vn\/web\/wp-content\/uploads\/2021\/11\/FeteEnseignants2021-1024x726.png","type":"image\/png"}],"author":"Emilie","twitter_card":"summary_large_image","twitter_misc":{"Written by":"Emilie","Est. reading time":"1 minute"},"schema":{"@context":"https:\/\/schema.org","@graph":[{"@type":"Article","@id":"https:\/\/efip.ctu.edu.vn\/web\/bonne-fete-des-enseignants-2\/#article","isPartOf":{"@id":"https:\/\/efip.ctu.edu.vn\/web\/bonne-fete-des-enseignants-2\/"},"author":{"name":"Emilie","@id":"https:\/\/efip.ctu.edu.vn\/web\/#\/schema\/person\/53dc596cb2d0db2aa914c8a122a41e62"},"headline":"Bonne f\u00eate des enseignants !","datePublished":"2021-11-20T00:00:00+00:00","mainEntityOfPage":{"@id":"https:\/\/efip.ctu.edu.vn\/web\/bonne-fete-des-enseignants-2\/"},"wordCount":103,"commentCount":0,"publisher":{"@id":"https:\/\/efip.ctu.edu.vn\/web\/#organization"},"image":{"@id":"https:\/\/efip.ctu.edu.vn\/web\/bonne-fete-des-enseignants-2\/#primaryimage"},"thumbnailUrl":"https:\/\/efip.ctu.edu.vn\/web\/wp-content\/uploads\/2021\/11\/FeteEnseignants2021.png","keywords":["Bonne f\u00eate des enseignants"],"articleSection":["Actualit\u00e9s de l'EFIP"],"inLanguage":"en-US","potentialAction":[{"@type":"CommentAction","name":"Comment","target":["https:\/\/efip.ctu.edu.vn\/web\/bonne-fete-des-enseignants-2\/#respond"]}]},{"@type":"WebPage","@id":"https:\/\/efip.ctu.edu.vn\/web\/bonne-fete-des-enseignants-2\/","url":"https:\/\/efip.ctu.edu.vn\/web\/bonne-fete-des-enseignants-2\/","name":"Bonne f\u00eate des enseignants ! - 20 novembre 2021 - EFIP de Can Tho","isPartOf":{"@id":"https:\/\/efip.ctu.edu.vn\/web\/#website"},"primaryImageOfPage":{"@id":"https:\/\/efip.ctu.edu.vn\/web\/bonne-fete-des-enseignants-2\/#primaryimage"},"image":{"@id":"https:\/\/efip.ctu.edu.vn\/web\/bonne-fete-des-enseignants-2\/#primaryimage"},"thumbnailUrl":"https:\/\/efip.ctu.edu.vn\/web\/wp-content\/uploads\/2021\/11\/FeteEnseignants2021.png","datePublished":"2021-11-20T00:00:00+00:00","description":"En cette p\u00e9riode difficile de pand\u00e9mie, l'EFIP de Can Tho remercie chaleureusement les enseignants de tous niveaux et de toutes mati\u00e8res...","breadcrumb":{"@id":"https:\/\/efip.ctu.edu.vn\/web\/bonne-fete-des-enseignants-2\/#breadcrumb"},"inLanguage":"en-US","potentialAction":[{"@type":"ReadAction","target":["https:\/\/efip.ctu.edu.vn\/web\/bonne-fete-des-enseignants-2\/"]}]},{"@type":"ImageObject","inLanguage":"en-US","@id":"https:\/\/efip.ctu.edu.vn\/web\/bonne-fete-des-enseignants-2\/#primaryimage","url":"https:\/\/efip.ctu.edu.vn\/web\/wp-content\/uploads\/2021\/11\/FeteEnseignants2021.png","contentUrl":"https:\/\/efip.ctu.edu.vn\/web\/wp-content\/uploads\/2021\/11\/FeteEnseignants2021.png","width":1748,"height":1240,"caption":"Bonne f\u00eate des enseignants !"},{"@type":"BreadcrumbList","@id":"https:\/\/efip.ctu.edu.vn\/web\/bonne-fete-des-enseignants-2\/#breadcrumb","itemListElement":[{"@type":"ListItem","position":1,"name":"Accueil","item":"https:\/\/efip.ctu.edu.vn\/web\/"},{"@type":"ListItem","position":2,"name":"Bonne f\u00eate des enseignants !"}]},{"@type":"WebSite","@id":"https:\/\/efip.ctu.edu.vn\/web\/#website","url":"https:\/\/efip.ctu.edu.vn\/web\/","name":"EFIP de Can Tho","description":"Espace Francophone d&#039;Innovation et de Partenariat","publisher":{"@id":"https:\/\/efip.ctu.edu.vn\/web\/#organization"},"potentialAction":[{"@type":"SearchAction","target":{"@type":"EntryPoint","urlTemplate":"https:\/\/efip.ctu.edu.vn\/web\/?s={search_term_string}"},"query-input":{"@type":"PropertyValueSpecification","valueRequired":true,"valueName":"search_term_string"}}],"inLanguage":"en-US"},{"@type":"Organization","@id":"https:\/\/efip.ctu.edu.vn\/web\/#organization","name":"EFIP","url":"https:\/\/efip.ctu.edu.vn\/web\/","logo":{"@type":"ImageObject","inLanguage":"en-US","@id":"https:\/\/efip.ctu.edu.vn\/web\/#\/schema\/logo\/image\/","url":"https:\/\/efip.ctu.edu.vn\/web\/wp-content\/uploads\/2025\/05\/efip2-150x89-1.jpg","contentUrl":"https:\/\/efip.ctu.edu.vn\/web\/wp-content\/uploads\/2025\/05\/efip2-150x89-1.jpg","width":150,"height":89,"caption":"EFIP"},"image":{"@id":"https:\/\/efip.ctu.edu.vn\/web\/#\/schema\/logo\/image\/"},"sameAs":["https:\/\/www.facebook.com\/efipCanTho"]},{"@type":"Person","@id":"https:\/\/efip.ctu.edu.vn\/web\/#\/schema\/person\/53dc596cb2d0db2aa914c8a122a41e62","name":"Emilie","image":{"@type":"ImageObject","inLanguage":"en-US","@id":"https:\/\/efip.ctu.edu.vn\/web\/#\/schema\/person\/image\/","url":"https:\/\/secure.gravatar.com\/avatar\/6a0fb05561be2eb61d5a590bc8bec4352d8fc07271158e66cac145fdb0f3d5ad?s=96&d=mm&r=g","contentUrl":"https:\/\/secure.gravatar.com\/avatar\/6a0fb05561be2eb61d5a590bc8bec4352d8fc07271158e66cac145fdb0f3d5ad?s=96&d=mm&r=g","caption":"Emilie"},"url":"https:\/\/efip.ctu.edu.vn\/web\/author\/emilie\/"}]}},"_links":{"self":[{"href":"https:\/\/efip.ctu.edu.vn\/web\/wp-json\/wp\/v2\/posts\/3411","targetHints":{"allow":["GET"]}}],"collection":[{"href":"https:\/\/efip.ctu.edu.vn\/web\/wp-json\/wp\/v2\/posts"}],"about":[{"href":"https:\/\/efip.ctu.edu.vn\/web\/wp-json\/wp\/v2\/types\/post"}],"author":[{"embeddable":true,"href":"https:\/\/efip.ctu.edu.vn\/web\/wp-json\/wp\/v2\/users\/3"}],"replies":[{"embeddable":true,"href":"https:\/\/efip.ctu.edu.vn\/web\/wp-json\/wp\/v2\/comments?post=3411"}],"version-history":[{"count":1,"href":"https:\/\/efip.ctu.edu.vn\/web\/wp-json\/wp\/v2\/posts\/3411\/revisions"}],"predecessor-version":[{"id":3413,"href":"https:\/\/efip.ctu.edu.vn\/web\/wp-json\/wp\/v2\/posts\/3411\/revisions\/3413"}],"wp:featuredmedia":[{"embeddable":true,"href":"https:\/\/efip.ctu.edu.vn\/web\/wp-json\/wp\/v2\/media\/3412"}],"wp:attachment":[{"href":"https:\/\/efip.ctu.edu.vn\/web\/wp-json\/wp\/v2\/media?parent=3411"}],"wp:term":[{"taxonomy":"category","embeddable":true,"href":"https:\/\/efip.ctu.edu.vn\/web\/wp-json\/wp\/v2\/categories?post=3411"},{"taxonomy":"post_tag","embeddable":true,"href":"https:\/\/efip.ctu.edu.vn\/web\/wp-json\/wp\/v2\/tags?post=3411"}],"curies":[{"name":"wp","href":"https:\/\/api.w.org\/{rel}","templated":true}]}}