{"id":260,"date":"2013-12-25T11:11:38","date_gmt":"2013-12-25T10:11:38","guid":{"rendered":"http:\/\/123.30.143.210\/web\/?p=260"},"modified":"2013-12-25T11:19:59","modified_gmt":"2013-12-25T10:19:59","slug":"concours-2eme-edition-prix-alexandre-yersin","status":"publish","type":"post","link":"https:\/\/efip.ctu.edu.vn\/web\/concours-2eme-edition-prix-alexandre-yersin\/","title":{"rendered":"CONCOURS : Prix de la Jeunesse Alexandre Yersin 2014"},"content":{"rendered":"<p><a href=\"http:\/\/123.30.143.210\/web\/wp-content\/uploads\/2013\/12\/Alexandre_Yersin2014.png\"><img fetchpriority=\"high\" decoding=\"async\" class=\"aligncenter size-medium wp-image-264\" alt=\"Concours Alexandre Yersin 2014\" src=\"http:\/\/123.30.143.210\/web\/wp-content\/uploads\/2013\/12\/Alexandre_Yersin2014-300x235.png\" width=\"300\" height=\"235\" srcset=\"https:\/\/efip.ctu.edu.vn\/web\/wp-content\/uploads\/2013\/12\/Alexandre_Yersin2014-300x235.png 300w, https:\/\/efip.ctu.edu.vn\/web\/wp-content\/uploads\/2013\/12\/Alexandre_Yersin2014-600x470.png 600w, https:\/\/efip.ctu.edu.vn\/web\/wp-content\/uploads\/2013\/12\/Alexandre_Yersin2014-624x489.png 624w, https:\/\/efip.ctu.edu.vn\/web\/wp-content\/uploads\/2013\/12\/Alexandre_Yersin2014.png 806w\" sizes=\"(max-width: 300px) 100vw, 300px\" \/><\/a><\/p>\n<p style=\"text-align: justify;\"><em>L\u2019association\u00a0Le Liseron de France,\u00a0association caritative,\u00a0organise, pour\u00a0les \u00e9tudiants vietnamiens,\u00a0un concours de nouvelles,\u00a0<\/em><em>intitul\u00e9 Prix de la Jeunesse Alexandre Yersin.<\/em><\/p>\n<p style=\"text-align: justify;\"><span style=\"color: #ff0000;\"><strong>Date limite : 28 f\u00e9vrier 2014<\/strong><\/span><\/p>\n<p style=\"text-align: justify;\">Le concours est ouvert \u00e0 tout \u00e9tudiant\u00a0vietnamien<strong> \u00e2g\u00e9 de moins de 23 ans au 1er\u00a0septembre 2014<\/strong>.<\/p>\n<p style=\"text-align: justify;\">Le concours porte sur\u00a0la pr\u00e9sentation d\u2019une nouvelle qui devra\u00a0\u00eatre in\u00e9dite, ne pas avoir \u00e9t\u00e9 publi\u00e9e auparavant,\u00a0ni pr\u00e9sent\u00e9e \u00e0 un jury litt\u00e9raire\u00a0ou \u00e0 un m\u00e9dia.<\/p>\n<p style=\"text-align: justify;\"><span style=\"text-decoration: underline;\">Rappel :<\/span> <em>La nouvelle est un \u00e9crit court\u00a0et intense qui pr\u00e9sente des personnages\u00a0peu nombreux, comporte une dramatisation\u00a0et offre une fin originale et\u00a0d\u00e9routante respectant toutefois la\u00a0coh\u00e9rence du r\u00e9cit.<\/em><\/p>\n<p style=\"text-align: justify;\">Le sujet de la nouvelle est libre, mais\u00a0celle-ci devra <strong>imp\u00e9rativement comporter\u00a0dans le texte<\/strong>, \u00e0 une place ind\u00e9termin\u00e9e, le\u00a0passage suivant :<\/p>\n<blockquote>\n<p style=\"text-align: justify;\">\u00ab Faites que le r\u00eave d\u00e9vore votre vie afin\u00a0que la vie ne d\u00e9vore pas votre r\u00eave \u00bb\u00a0d\u2019Antoine de Saint-Exup\u00e9ry.<br \/>\n\u00ab B\u1ea1n h\u00e3y l\u00e0m sao cho cu\u1ed9c s\u1ed1ng c\u1ee7a\u00a0b\u1ea1n tr\u00e0n ng\u1eadp \u01b0\u1edbc m\u01a1 \u0111\u1ec3 n\u00f3 kh\u00f4ng\u00a0nu\u1ed1t ch\u1eedng \u01b0\u1edbc m\u01a1 c\u1ee7a b\u1ea1n\u00bb<\/p>\n<\/blockquote>\n<p style=\"text-align: justify;\">La nouvelle sera in\u00e9dite et l\u2019auteur s\u2019engage\u00a0\u00e0 en \u00eatre le cr\u00e9ateur exclusif. (En\u00a0cas de plagiat, l\u2019auteur devra en assumer\u00a0seul toute responsabilit\u00e9).<\/p>\n<p style=\"text-align: justify;\">Les textes doivent imp\u00e9rativement \u00eatre envoy\u00e9s,\u00a0<span style=\"color: #ff0000;\"><strong>avant le 28 f\u00e9vrier 2014<\/strong> <\/span>(date\u00a0imp\u00e9rative), sous format \u00e9lectronique \u00e0\u00a0l\u2019adresse suivante :\u00a0le-liseron@hotmail.fr<\/p>\n<p style=\"text-align: justify;\">Le fichier informatique doit \u00eatre <strong>non verrouill\u00e9,\u00a0en format .doc<\/strong> (pas de .docx, pas\u00a0de PDF)<\/p>\n<p style=\"text-align: justify;\">Les textes propos\u00e9s devront se pr\u00e9senter\u00a0ainsi :<\/p>\n<ul>\n<li>format de la page A4,<\/li>\n<li>police de caract\u00e8re: Times New Roman<\/li>\n<li>grandeur de caract\u00e8re: corps 12<\/li>\n<li>interligne: simple<\/li>\n<\/ul>\n<p style=\"text-align: justify;\">Pour faciliter le travail du jury (marge de\u00a0gauche 4 cm, marge droite 2 cm)<\/p>\n<p style=\"text-align: justify;\">La nouvelle comprendra un<strong> minimum\u00a0de 3 pages<\/strong> et ne pourra pas exc\u00e9der\u00a06 pages, le titre figurera en t\u00eate de la premi\u00e8re\u00a0page<\/p>\n<ul>\n<li>Chaque concurrent ne peut envoyer\u00a0qu\u2019une seule nouvelle.<\/li>\n<li>Les pages seront \u00e9crites en recto et\u00a0num\u00e9rot\u00e9es.<\/li>\n<li>Les nouvelles seront conserv\u00e9es au\u00a0si\u00e8ge du Liseron de France.<\/li>\n<li>La nouvelle ne comportera aucun signe\u00a0d\u2019identification, ne portera ni nom, ni\u00a0signature pour respecter l\u2019anonymat.<\/li>\n<li style=\"text-align: justify;\">Elle sera accompagn\u00e9e d\u2019une page ind\u00e9pendante\u00a0pr\u00e9cisant le nom, le pr\u00e9nom,\u00a0date et lieu de naissance, coordonn\u00e9es, le\u00a0cursus suivi et l\u2019\u00e9tablissement fr\u00e9quent\u00e9\u00a0ainsi qu\u2019un engagement sur l\u2019honneur indiquant\u00a0que l\u2019\u00e9tudiant est l\u2019unique auteur\u00a0de cette nouvelle. La signature est obligatoire. Ce fichier \u00e9lectronique pourra \u00eatre\u00a0au format jpg.<\/li>\n<li style=\"text-align: justify;\">Les anciens laur\u00e9ats ne pourront \u00eatre \u00e0\u00a0nouveau candidats.<\/li>\n<\/ul>\n<blockquote>\n<p style=\"text-align: justify;\"><span style=\"color: #ff0000;\"><strong>Devront donc \u00eatre communiqu\u00e9s, par\u00a0courriel, avant le 28 f\u00e9vrier 2014, les\u00a03 fichiers \u00e9lectroniques suivants :<\/strong><\/span><br \/>\n<span style=\"color: #ff0000;\"><strong>1. la page d\u2019accompagnement, d\u00e9clinant\u00a0l\u2019identit\u00e9 du candidat (format .doc ou jpg)<\/strong><\/span><br \/>\n<span style=\"color: #ff0000;\"><strong>2. le texte de la nouvelle (format .doc)<\/strong><\/span><br \/>\n<span style=\"color: #ff0000;\"><strong>3. une copie (scan) de pi\u00e8ce d\u2019identit\u00e9\u00a0(format jpg)<\/strong><\/span><\/p>\n<\/blockquote>\n<p style=\"text-align: justify;\">Les organisateurs se r\u00e9servent le droit de\u00a0ne pas d\u00e9cerner de prix et d\u00e9clinent toute\u00a0responsabilit\u00e9 quant \u00e0 une \u00e9ventuelle\u00a0annulation du prix.<\/p>\n<p style=\"text-align: justify;\">Toute demande d\u2019information peut-\u00eatre\u00a0sollicit\u00e9e aupr\u00e8s de l\u2019association par\u00a0\u00e9crit, par t\u00e9l\u00e9phone, par internet.<\/p>\n<p style=\"text-align: justify;\">Les laur\u00e9ats de ce concours recevront un\u00a0prix de :<\/p>\n<ul>\n<li>800 \u20ac pour le 1er prix,<\/li>\n<li>600 \u20ac pour le 2\u00e8me prix,<\/li>\n<li>400 \u20ac pour le 3\u00e8me prix<\/li>\n<li>200 \u20ac pour le 4\u00e8me prix<\/li>\n<\/ul>\n<p style=\"text-align: justify;\">Leurs nouvelles pourront \u00eatre publi\u00e9es.\u00a0Les laur\u00e9ats pourront lire une partie de\u00a0leur texte.<\/p>\n<p style=\"text-align: justify;\">Les d\u00e9cisions du jury seront sans appel,\u00a0ses d\u00e9cisions ne pourront faire l\u2019objet\u00a0d\u2019aucune contestation. Il ne sera pas\u00a0tenu de motiver ses choix.<\/p>\n<p style=\"text-align: justify;\">Dans le cas o\u00f9 un litige surviendrait, le\u00a0Liseron de France serait seul habilit\u00e9\u00a0\u00e0 proc\u00e9der \u00e0 l\u2019arbitrage n\u00e9cessaire. Sa\u00a0d\u00e9cision ne sera susceptible d\u2019aucune\u00a0r\u00e9clamation ni d\u2019aucun recours.<\/p>\n<p style=\"text-align: justify;\">Les laur\u00e9ats s\u2019engagent par ailleurs \u00e0\u00a0permettre l\u2019\u00e9dition de leur oeuvre par le\u00a0Liseron de France qui se r\u00e9serve le droit\u00a0de publier les nouvelles, mais s\u2019engage\u00a0\u00e0 leur faire parvenir des exemplaires du\u00a0recueil \u00e9dit\u00e9.<\/p>\n<p style=\"text-align: justify;\">La signature obligatoire du candidat au\u00a0bas de la page d\u2019accompagnement implique\u00a0l\u2019acceptation du pr\u00e9sent r\u00e8glement.<\/p>\n<p style=\"text-align: right;\"><strong>T\u00e9l\u00e9charger le r\u00e8glement du concours 2014 en PDF :\u00a0<\/strong><a href=\"http:\/\/123.30.143.210\/web\/wp-content\/uploads\/2013\/12\/buz7p-CONCOURS_A_YERSIN_LE_LISERON_19_12_13_BD.pdf\">Concours Alexandre Yersin 2\u00e8me \u00e9dition r\u00e8glement<\/a><\/p>\n<p style=\"text-align: right;\"><strong>En savoir plus :\u00a0<\/strong><a href=\"http:\/\/www.le-liseron.sitew.com\/#Nos_actions_.B\">Le Liseron<\/a><\/p>\n","protected":false},"excerpt":{"rendered":"<p>L\u2019association\u00a0Le Liseron de France,\u00a0association caritative,\u00a0organise, pour\u00a0les \u00e9tudiants vietnamiens,\u00a0un concours de nouvelles,\u00a0intitul\u00e9 Prix de la Jeunesse Alexandre Yersin. Date limite : &hellip; <br \/><a href=\"https:\/\/efip.ctu.edu.vn\/web\/concours-2eme-edition-prix-alexandre-yersin\/\" class=\"more-link\">Continue reading <span class=\"screen-reader-text\">CONCOURS : Prix de la Jeunesse Alexandre Yersin 2014<\/span><\/a><\/p>\n","protected":false},"author":1,"featured_media":0,"comment_status":"open","ping_status":"open","sticky":false,"template":"","format":"standard","meta":{"footnotes":""},"categories":[11],"tags":[14,29],"class_list":["post-260","post","type-post","status-publish","format-standard","hentry","category-projets-et-concours","tag-concours","tag-nouvelles"],"yoast_head":"<!-- This site is optimized with the Yoast SEO plugin v25.0 - https:\/\/yoast.com\/wordpress\/plugins\/seo\/ -->\n<title>CONCOURS : Prix de la Jeunesse Alexandre Yersin 2014 - EFIP<\/title>\n<meta name=\"robots\" content=\"index, follow, max-snippet:-1, max-image-preview:large, max-video-preview:-1\" \/>\n<link rel=\"canonical\" href=\"https:\/\/efip.ctu.edu.vn\/web\/concours-2eme-edition-prix-alexandre-yersin\/\" \/>\n<meta property=\"og:locale\" content=\"en_US\" \/>\n<meta property=\"og:type\" content=\"article\" \/>\n<meta property=\"og:title\" content=\"CONCOURS : Prix de la Jeunesse Alexandre Yersin 2014 - EFIP\" \/>\n<meta property=\"og:description\" content=\"L\u2019association\u00a0Le Liseron de France,\u00a0association caritative,\u00a0organise, pour\u00a0les \u00e9tudiants vietnamiens,\u00a0un concours de nouvelles,\u00a0intitul\u00e9 Prix de la Jeunesse Alexandre Yersin. Date limite : &hellip; Continue reading CONCOURS : Prix de la Jeunesse Alexandre Yersin 2014\" \/>\n<meta property=\"og:url\" content=\"https:\/\/efip.ctu.edu.vn\/web\/concours-2eme-edition-prix-alexandre-yersin\/\" \/>\n<meta property=\"og:site_name\" content=\"EFIP\" \/>\n<meta property=\"article:publisher\" content=\"https:\/\/www.facebook.com\/efipCanTho\" \/>\n<meta property=\"article:published_time\" content=\"2013-12-25T10:11:38+00:00\" \/>\n<meta property=\"article:modified_time\" content=\"2013-12-25T10:19:59+00:00\" \/>\n<meta property=\"og:image\" content=\"http:\/\/123.30.143.210\/web\/wp-content\/uploads\/2013\/12\/Alexandre_Yersin2014-300x235.png\" \/>\n<meta name=\"author\" content=\"admin\" \/>\n<meta name=\"twitter:card\" content=\"summary_large_image\" \/>\n<meta name=\"twitter:label1\" content=\"Written by\" \/>\n\t<meta name=\"twitter:data1\" content=\"admin\" \/>\n\t<meta name=\"twitter:label2\" content=\"Est. reading time\" \/>\n\t<meta name=\"twitter:data2\" content=\"4 minutes\" \/>\n<script type=\"application\/ld+json\" class=\"yoast-schema-graph\">{\"@context\":\"https:\/\/schema.org\",\"@graph\":[{\"@type\":\"Article\",\"@id\":\"https:\/\/efip.ctu.edu.vn\/web\/concours-2eme-edition-prix-alexandre-yersin\/#article\",\"isPartOf\":{\"@id\":\"https:\/\/efip.ctu.edu.vn\/web\/concours-2eme-edition-prix-alexandre-yersin\/\"},\"author\":{\"name\":\"admin\",\"@id\":\"https:\/\/efip.ctu.edu.vn\/web\/#\/schema\/person\/35bc81d3e308c29df375a0cc2358e442\"},\"headline\":\"CONCOURS : Prix de la Jeunesse Alexandre Yersin 2014\",\"datePublished\":\"2013-12-25T10:11:38+00:00\",\"dateModified\":\"2013-12-25T10:19:59+00:00\",\"mainEntityOfPage\":{\"@id\":\"https:\/\/efip.ctu.edu.vn\/web\/concours-2eme-edition-prix-alexandre-yersin\/\"},\"wordCount\":733,\"commentCount\":0,\"publisher\":{\"@id\":\"https:\/\/efip.ctu.edu.vn\/web\/#organization\"},\"image\":{\"@id\":\"https:\/\/efip.ctu.edu.vn\/web\/concours-2eme-edition-prix-alexandre-yersin\/#primaryimage\"},\"thumbnailUrl\":\"http:\/\/123.30.143.210\/web\/wp-content\/uploads\/2013\/12\/Alexandre_Yersin2014-300x235.png\",\"keywords\":[\"concours\",\"nouvelles\"],\"articleSection\":[\"Projets et concours\"],\"inLanguage\":\"en-US\",\"potentialAction\":[{\"@type\":\"CommentAction\",\"name\":\"Comment\",\"target\":[\"https:\/\/efip.ctu.edu.vn\/web\/concours-2eme-edition-prix-alexandre-yersin\/#respond\"]}]},{\"@type\":\"WebPage\",\"@id\":\"https:\/\/efip.ctu.edu.vn\/web\/concours-2eme-edition-prix-alexandre-yersin\/\",\"url\":\"https:\/\/efip.ctu.edu.vn\/web\/concours-2eme-edition-prix-alexandre-yersin\/\",\"name\":\"CONCOURS : Prix de la Jeunesse Alexandre Yersin 2014 - EFIP\",\"isPartOf\":{\"@id\":\"https:\/\/efip.ctu.edu.vn\/web\/#website\"},\"primaryImageOfPage\":{\"@id\":\"https:\/\/efip.ctu.edu.vn\/web\/concours-2eme-edition-prix-alexandre-yersin\/#primaryimage\"},\"image\":{\"@id\":\"https:\/\/efip.ctu.edu.vn\/web\/concours-2eme-edition-prix-alexandre-yersin\/#primaryimage\"},\"thumbnailUrl\":\"http:\/\/123.30.143.210\/web\/wp-content\/uploads\/2013\/12\/Alexandre_Yersin2014-300x235.png\",\"datePublished\":\"2013-12-25T10:11:38+00:00\",\"dateModified\":\"2013-12-25T10:19:59+00:00\",\"breadcrumb\":{\"@id\":\"https:\/\/efip.ctu.edu.vn\/web\/concours-2eme-edition-prix-alexandre-yersin\/#breadcrumb\"},\"inLanguage\":\"en-US\",\"potentialAction\":[{\"@type\":\"ReadAction\",\"target\":[\"https:\/\/efip.ctu.edu.vn\/web\/concours-2eme-edition-prix-alexandre-yersin\/\"]}]},{\"@type\":\"ImageObject\",\"inLanguage\":\"en-US\",\"@id\":\"https:\/\/efip.ctu.edu.vn\/web\/concours-2eme-edition-prix-alexandre-yersin\/#primaryimage\",\"url\":\"http:\/\/123.30.143.210\/web\/wp-content\/uploads\/2013\/12\/Alexandre_Yersin2014-300x235.png\",\"contentUrl\":\"http:\/\/123.30.143.210\/web\/wp-content\/uploads\/2013\/12\/Alexandre_Yersin2014-300x235.png\"},{\"@type\":\"BreadcrumbList\",\"@id\":\"https:\/\/efip.ctu.edu.vn\/web\/concours-2eme-edition-prix-alexandre-yersin\/#breadcrumb\",\"itemListElement\":[{\"@type\":\"ListItem\",\"position\":1,\"name\":\"Accueil\",\"item\":\"https:\/\/efip.ctu.edu.vn\/web\/\"},{\"@type\":\"ListItem\",\"position\":2,\"name\":\"CONCOURS : Prix de la Jeunesse Alexandre Yersin 2014\"}]},{\"@type\":\"WebSite\",\"@id\":\"https:\/\/efip.ctu.edu.vn\/web\/#website\",\"url\":\"https:\/\/efip.ctu.edu.vn\/web\/\",\"name\":\"EFIP de Can Tho\",\"description\":\"Espace Francophone d&#039;Innovation et de Partenariat\",\"publisher\":{\"@id\":\"https:\/\/efip.ctu.edu.vn\/web\/#organization\"},\"potentialAction\":[{\"@type\":\"SearchAction\",\"target\":{\"@type\":\"EntryPoint\",\"urlTemplate\":\"https:\/\/efip.ctu.edu.vn\/web\/?s={search_term_string}\"},\"query-input\":{\"@type\":\"PropertyValueSpecification\",\"valueRequired\":true,\"valueName\":\"search_term_string\"}}],\"inLanguage\":\"en-US\"},{\"@type\":\"Organization\",\"@id\":\"https:\/\/efip.ctu.edu.vn\/web\/#organization\",\"name\":\"EFIP\",\"url\":\"https:\/\/efip.ctu.edu.vn\/web\/\",\"logo\":{\"@type\":\"ImageObject\",\"inLanguage\":\"en-US\",\"@id\":\"https:\/\/efip.ctu.edu.vn\/web\/#\/schema\/logo\/image\/\",\"url\":\"https:\/\/efip.ctu.edu.vn\/web\/wp-content\/uploads\/2025\/05\/efip2-150x89-1.jpg\",\"contentUrl\":\"https:\/\/efip.ctu.edu.vn\/web\/wp-content\/uploads\/2025\/05\/efip2-150x89-1.jpg\",\"width\":150,\"height\":89,\"caption\":\"EFIP\"},\"image\":{\"@id\":\"https:\/\/efip.ctu.edu.vn\/web\/#\/schema\/logo\/image\/\"},\"sameAs\":[\"https:\/\/www.facebook.com\/efipCanTho\"]},{\"@type\":\"Person\",\"@id\":\"https:\/\/efip.ctu.edu.vn\/web\/#\/schema\/person\/35bc81d3e308c29df375a0cc2358e442\",\"name\":\"admin\",\"image\":{\"@type\":\"ImageObject\",\"inLanguage\":\"en-US\",\"@id\":\"https:\/\/efip.ctu.edu.vn\/web\/#\/schema\/person\/image\/\",\"url\":\"https:\/\/secure.gravatar.com\/avatar\/144c36c5502d0d1a7b02b09340de56ca801ac10a6ddb81d97fb402dacf6a4ef1?s=96&d=mm&r=g\",\"contentUrl\":\"https:\/\/secure.gravatar.com\/avatar\/144c36c5502d0d1a7b02b09340de56ca801ac10a6ddb81d97fb402dacf6a4ef1?s=96&d=mm&r=g\",\"caption\":\"admin\"},\"url\":\"https:\/\/efip.ctu.edu.vn\/web\/author\/admin\/\"}]}<\/script>\n<!-- \/ Yoast SEO plugin. -->","yoast_head_json":{"title":"CONCOURS : Prix de la Jeunesse Alexandre Yersin 2014 - EFIP","robots":{"index":"index","follow":"follow","max-snippet":"max-snippet:-1","max-image-preview":"max-image-preview:large","max-video-preview":"max-video-preview:-1"},"canonical":"https:\/\/efip.ctu.edu.vn\/web\/concours-2eme-edition-prix-alexandre-yersin\/","og_locale":"en_US","og_type":"article","og_title":"CONCOURS : Prix de la Jeunesse Alexandre Yersin 2014 - EFIP","og_description":"L\u2019association\u00a0Le Liseron de France,\u00a0association caritative,\u00a0organise, pour\u00a0les \u00e9tudiants vietnamiens,\u00a0un concours de nouvelles,\u00a0intitul\u00e9 Prix de la Jeunesse Alexandre Yersin. Date limite : &hellip; Continue reading CONCOURS : Prix de la Jeunesse Alexandre Yersin 2014","og_url":"https:\/\/efip.ctu.edu.vn\/web\/concours-2eme-edition-prix-alexandre-yersin\/","og_site_name":"EFIP","article_publisher":"https:\/\/www.facebook.com\/efipCanTho","article_published_time":"2013-12-25T10:11:38+00:00","article_modified_time":"2013-12-25T10:19:59+00:00","og_image":[{"url":"http:\/\/123.30.143.210\/web\/wp-content\/uploads\/2013\/12\/Alexandre_Yersin2014-300x235.png","type":"","width":"","height":""}],"author":"admin","twitter_card":"summary_large_image","twitter_misc":{"Written by":"admin","Est. reading time":"4 minutes"},"schema":{"@context":"https:\/\/schema.org","@graph":[{"@type":"Article","@id":"https:\/\/efip.ctu.edu.vn\/web\/concours-2eme-edition-prix-alexandre-yersin\/#article","isPartOf":{"@id":"https:\/\/efip.ctu.edu.vn\/web\/concours-2eme-edition-prix-alexandre-yersin\/"},"author":{"name":"admin","@id":"https:\/\/efip.ctu.edu.vn\/web\/#\/schema\/person\/35bc81d3e308c29df375a0cc2358e442"},"headline":"CONCOURS : Prix de la Jeunesse Alexandre Yersin 2014","datePublished":"2013-12-25T10:11:38+00:00","dateModified":"2013-12-25T10:19:59+00:00","mainEntityOfPage":{"@id":"https:\/\/efip.ctu.edu.vn\/web\/concours-2eme-edition-prix-alexandre-yersin\/"},"wordCount":733,"commentCount":0,"publisher":{"@id":"https:\/\/efip.ctu.edu.vn\/web\/#organization"},"image":{"@id":"https:\/\/efip.ctu.edu.vn\/web\/concours-2eme-edition-prix-alexandre-yersin\/#primaryimage"},"thumbnailUrl":"http:\/\/123.30.143.210\/web\/wp-content\/uploads\/2013\/12\/Alexandre_Yersin2014-300x235.png","keywords":["concours","nouvelles"],"articleSection":["Projets et concours"],"inLanguage":"en-US","potentialAction":[{"@type":"CommentAction","name":"Comment","target":["https:\/\/efip.ctu.edu.vn\/web\/concours-2eme-edition-prix-alexandre-yersin\/#respond"]}]},{"@type":"WebPage","@id":"https:\/\/efip.ctu.edu.vn\/web\/concours-2eme-edition-prix-alexandre-yersin\/","url":"https:\/\/efip.ctu.edu.vn\/web\/concours-2eme-edition-prix-alexandre-yersin\/","name":"CONCOURS : Prix de la Jeunesse Alexandre Yersin 2014 - EFIP","isPartOf":{"@id":"https:\/\/efip.ctu.edu.vn\/web\/#website"},"primaryImageOfPage":{"@id":"https:\/\/efip.ctu.edu.vn\/web\/concours-2eme-edition-prix-alexandre-yersin\/#primaryimage"},"image":{"@id":"https:\/\/efip.ctu.edu.vn\/web\/concours-2eme-edition-prix-alexandre-yersin\/#primaryimage"},"thumbnailUrl":"http:\/\/123.30.143.210\/web\/wp-content\/uploads\/2013\/12\/Alexandre_Yersin2014-300x235.png","datePublished":"2013-12-25T10:11:38+00:00","dateModified":"2013-12-25T10:19:59+00:00","breadcrumb":{"@id":"https:\/\/efip.ctu.edu.vn\/web\/concours-2eme-edition-prix-alexandre-yersin\/#breadcrumb"},"inLanguage":"en-US","potentialAction":[{"@type":"ReadAction","target":["https:\/\/efip.ctu.edu.vn\/web\/concours-2eme-edition-prix-alexandre-yersin\/"]}]},{"@type":"ImageObject","inLanguage":"en-US","@id":"https:\/\/efip.ctu.edu.vn\/web\/concours-2eme-edition-prix-alexandre-yersin\/#primaryimage","url":"http:\/\/123.30.143.210\/web\/wp-content\/uploads\/2013\/12\/Alexandre_Yersin2014-300x235.png","contentUrl":"http:\/\/123.30.143.210\/web\/wp-content\/uploads\/2013\/12\/Alexandre_Yersin2014-300x235.png"},{"@type":"BreadcrumbList","@id":"https:\/\/efip.ctu.edu.vn\/web\/concours-2eme-edition-prix-alexandre-yersin\/#breadcrumb","itemListElement":[{"@type":"ListItem","position":1,"name":"Accueil","item":"https:\/\/efip.ctu.edu.vn\/web\/"},{"@type":"ListItem","position":2,"name":"CONCOURS : Prix de la Jeunesse Alexandre Yersin 2014"}]},{"@type":"WebSite","@id":"https:\/\/efip.ctu.edu.vn\/web\/#website","url":"https:\/\/efip.ctu.edu.vn\/web\/","name":"EFIP de Can Tho","description":"Espace Francophone d&#039;Innovation et de Partenariat","publisher":{"@id":"https:\/\/efip.ctu.edu.vn\/web\/#organization"},"potentialAction":[{"@type":"SearchAction","target":{"@type":"EntryPoint","urlTemplate":"https:\/\/efip.ctu.edu.vn\/web\/?s={search_term_string}"},"query-input":{"@type":"PropertyValueSpecification","valueRequired":true,"valueName":"search_term_string"}}],"inLanguage":"en-US"},{"@type":"Organization","@id":"https:\/\/efip.ctu.edu.vn\/web\/#organization","name":"EFIP","url":"https:\/\/efip.ctu.edu.vn\/web\/","logo":{"@type":"ImageObject","inLanguage":"en-US","@id":"https:\/\/efip.ctu.edu.vn\/web\/#\/schema\/logo\/image\/","url":"https:\/\/efip.ctu.edu.vn\/web\/wp-content\/uploads\/2025\/05\/efip2-150x89-1.jpg","contentUrl":"https:\/\/efip.ctu.edu.vn\/web\/wp-content\/uploads\/2025\/05\/efip2-150x89-1.jpg","width":150,"height":89,"caption":"EFIP"},"image":{"@id":"https:\/\/efip.ctu.edu.vn\/web\/#\/schema\/logo\/image\/"},"sameAs":["https:\/\/www.facebook.com\/efipCanTho"]},{"@type":"Person","@id":"https:\/\/efip.ctu.edu.vn\/web\/#\/schema\/person\/35bc81d3e308c29df375a0cc2358e442","name":"admin","image":{"@type":"ImageObject","inLanguage":"en-US","@id":"https:\/\/efip.ctu.edu.vn\/web\/#\/schema\/person\/image\/","url":"https:\/\/secure.gravatar.com\/avatar\/144c36c5502d0d1a7b02b09340de56ca801ac10a6ddb81d97fb402dacf6a4ef1?s=96&d=mm&r=g","contentUrl":"https:\/\/secure.gravatar.com\/avatar\/144c36c5502d0d1a7b02b09340de56ca801ac10a6ddb81d97fb402dacf6a4ef1?s=96&d=mm&r=g","caption":"admin"},"url":"https:\/\/efip.ctu.edu.vn\/web\/author\/admin\/"}]}},"_links":{"self":[{"href":"https:\/\/efip.ctu.edu.vn\/web\/wp-json\/wp\/v2\/posts\/260","targetHints":{"allow":["GET"]}}],"collection":[{"href":"https:\/\/efip.ctu.edu.vn\/web\/wp-json\/wp\/v2\/posts"}],"about":[{"href":"https:\/\/efip.ctu.edu.vn\/web\/wp-json\/wp\/v2\/types\/post"}],"author":[{"embeddable":true,"href":"https:\/\/efip.ctu.edu.vn\/web\/wp-json\/wp\/v2\/users\/1"}],"replies":[{"embeddable":true,"href":"https:\/\/efip.ctu.edu.vn\/web\/wp-json\/wp\/v2\/comments?post=260"}],"version-history":[{"count":4,"href":"https:\/\/efip.ctu.edu.vn\/web\/wp-json\/wp\/v2\/posts\/260\/revisions"}],"predecessor-version":[{"id":266,"href":"https:\/\/efip.ctu.edu.vn\/web\/wp-json\/wp\/v2\/posts\/260\/revisions\/266"}],"wp:attachment":[{"href":"https:\/\/efip.ctu.edu.vn\/web\/wp-json\/wp\/v2\/media?parent=260"}],"wp:term":[{"taxonomy":"category","embeddable":true,"href":"https:\/\/efip.ctu.edu.vn\/web\/wp-json\/wp\/v2\/categories?post=260"},{"taxonomy":"post_tag","embeddable":true,"href":"https:\/\/efip.ctu.edu.vn\/web\/wp-json\/wp\/v2\/tags?post=260"}],"curies":[{"name":"wp","href":"https:\/\/api.w.org\/{rel}","templated":true}]}}