{"id":2494,"date":"2020-12-07T09:12:31","date_gmt":"2020-12-07T02:12:31","guid":{"rendered":"https:\/\/efip.ctu.edu.vn\/web\/?p=2494"},"modified":"2020-12-07T09:12:54","modified_gmt":"2020-12-07T02:12:54","slug":"choisir-la-france","status":"publish","type":"post","link":"https:\/\/efip.ctu.edu.vn\/web\/choisir-la-france\/","title":{"rendered":"Choisir la France"},"content":{"rendered":"\n<figure class=\"wp-block-image size-large\"><img fetchpriority=\"high\" decoding=\"async\" width=\"665\" height=\"507\" src=\"https:\/\/efip.ctu.edu.vn\/web\/wp-content\/uploads\/2020\/12\/ChoisirLaFrance.png\" alt=\"Choisir la France\" class=\"wp-image-2495\" srcset=\"https:\/\/efip.ctu.edu.vn\/web\/wp-content\/uploads\/2020\/12\/ChoisirLaFrance.png 665w, https:\/\/efip.ctu.edu.vn\/web\/wp-content\/uploads\/2020\/12\/ChoisirLaFrance-300x229.png 300w, https:\/\/efip.ctu.edu.vn\/web\/wp-content\/uploads\/2020\/12\/ChoisirLaFrance-110x84.png 110w, https:\/\/efip.ctu.edu.vn\/web\/wp-content\/uploads\/2020\/12\/ChoisirLaFrance-420x320.png 420w, https:\/\/efip.ctu.edu.vn\/web\/wp-content\/uploads\/2020\/12\/ChoisirLaFrance-564x430.png 564w\" sizes=\"(max-width: 665px) 100vw, 665px\" \/><\/figure>\n\n\n\n<p>\u00c0 l&#8217;occasion des\u00a0<strong>semaines\u00a0<\/strong><em><strong>Choisir la France<\/strong><\/em>, l&#8217;Ambassade de France et Campus France Vietnam vous invitent \u00e0 d\u00e9couvrir\u00a0<strong>47 \u00e9coles et universit\u00e9s fran\u00e7aises<\/strong> <em>du 7 au 18 d\u00e9cembre 2020<\/em>.<\/p>\n\n\n\n<p>Les conf\u00e9rences auront lieu en ligne sur la plateforme\u00a0<strong>ZOOM<\/strong>. Vous pourrez\u00a0<strong>poser vos questions<\/strong>\u00a0aux intervenants, en fran\u00e7ais, en anglais, ou m\u00eame en vietnamien.<\/p>\n\n\n\n<p>Pour acc\u00e9der aux conf\u00e9rences en ligne, il suffit de cliquer sur le bouton <strong>&#8220;Join Meeting&#8221;<\/strong> depuis la page d&#8217;informations de chaque \u00e9tablissement. Si vous acc\u00e9dez aux conf\u00e9rences depuis votre smartphone, vous aurez besoin d&#8217;installer l&#8217;application <strong>Zoom <\/strong>(gratuit) <strong>\u00e0 partir de cette page : <a href=\"https:\/\/www.bienvenueenfrance-vietnam.com\/programme\" target=\"_blank\" rel=\"noreferrer noopener\">https:\/\/www.bienvenueenfrance-vietnam.com\/programme<\/a><\/strong><\/p>\n\n\n\n<h4 class=\"has-vivid-red-color has-text-color wp-block-heading\">PROGRAMME DE CHOISIR LA FRANCE<\/h4>\n\n\n\n<h5 class=\"has-vivid-cyan-blue-color has-text-color wp-block-heading\">Lundi 7 d\u00e9cembre<\/h5>\n\n\n\n<div class=\"wp-block-image\"><figure class=\"aligncenter size-large\"><img decoding=\"async\" width=\"713\" height=\"678\" src=\"https:\/\/efip.ctu.edu.vn\/web\/wp-content\/uploads\/2020\/12\/Lundi07-12.png\" alt=\"Programme du lundi 7 d\u00e9cembre 2020 &quot;Choisir la France&quot;.\" class=\"wp-image-2496\" srcset=\"https:\/\/efip.ctu.edu.vn\/web\/wp-content\/uploads\/2020\/12\/Lundi07-12.png 713w, https:\/\/efip.ctu.edu.vn\/web\/wp-content\/uploads\/2020\/12\/Lundi07-12-300x285.png 300w, https:\/\/efip.ctu.edu.vn\/web\/wp-content\/uploads\/2020\/12\/Lundi07-12-110x105.png 110w, https:\/\/efip.ctu.edu.vn\/web\/wp-content\/uploads\/2020\/12\/Lundi07-12-420x399.png 420w, https:\/\/efip.ctu.edu.vn\/web\/wp-content\/uploads\/2020\/12\/Lundi07-12-452x430.png 452w\" sizes=\"(max-width: 713px) 100vw, 713px\" \/><figcaption>Programme du lundi 7 d\u00e9cembre 2020<\/figcaption><\/figure><\/div>\n\n\n\n<h5 class=\"has-vivid-green-cyan-color has-text-color wp-block-heading\">Mardi 8 d\u00e9cembre <\/h5>\n\n\n\n<div class=\"wp-block-image\"><figure class=\"aligncenter size-large\"><img decoding=\"async\" width=\"643\" height=\"679\" src=\"https:\/\/efip.ctu.edu.vn\/web\/wp-content\/uploads\/2020\/12\/Mardi08-12.png\" alt=\"Programme du mardi 8 d\u00e9cembre 2020 &quot;Choisir la France&quot;.\" class=\"wp-image-2497\" srcset=\"https:\/\/efip.ctu.edu.vn\/web\/wp-content\/uploads\/2020\/12\/Mardi08-12.png 643w, https:\/\/efip.ctu.edu.vn\/web\/wp-content\/uploads\/2020\/12\/Mardi08-12-284x300.png 284w, https:\/\/efip.ctu.edu.vn\/web\/wp-content\/uploads\/2020\/12\/Mardi08-12-104x110.png 104w, https:\/\/efip.ctu.edu.vn\/web\/wp-content\/uploads\/2020\/12\/Mardi08-12-398x420.png 398w, https:\/\/efip.ctu.edu.vn\/web\/wp-content\/uploads\/2020\/12\/Mardi08-12-407x430.png 407w\" sizes=\"(max-width: 643px) 100vw, 643px\" \/><figcaption>Programme du mardi 8 d\u00e9cembre 2020<\/figcaption><\/figure><\/div>\n\n\n\n<h5 class=\"has-luminous-vivid-amber-color has-text-color wp-block-heading\">Mercredi 9 d\u00e9cembre<\/h5>\n\n\n\n<div class=\"wp-block-image\"><figure class=\"aligncenter size-large\"><img loading=\"lazy\" decoding=\"async\" width=\"627\" height=\"557\" src=\"https:\/\/efip.ctu.edu.vn\/web\/wp-content\/uploads\/2020\/12\/Mercredi09-12.png\" alt=\"Programme du mercredi 9 d\u00e9cembre 2020 &quot;Choisir la France&quot;.\" class=\"wp-image-2498\" srcset=\"https:\/\/efip.ctu.edu.vn\/web\/wp-content\/uploads\/2020\/12\/Mercredi09-12.png 627w, https:\/\/efip.ctu.edu.vn\/web\/wp-content\/uploads\/2020\/12\/Mercredi09-12-300x267.png 300w, https:\/\/efip.ctu.edu.vn\/web\/wp-content\/uploads\/2020\/12\/Mercredi09-12-110x98.png 110w, https:\/\/efip.ctu.edu.vn\/web\/wp-content\/uploads\/2020\/12\/Mercredi09-12-420x373.png 420w, https:\/\/efip.ctu.edu.vn\/web\/wp-content\/uploads\/2020\/12\/Mercredi09-12-484x430.png 484w\" sizes=\"(max-width: 627px) 100vw, 627px\" \/><figcaption>Programme du mercredi 9 d\u00e9cembre 2020<\/figcaption><\/figure><\/div>\n\n\n\n<h5 class=\"has-vivid-purple-color has-text-color wp-block-heading\">Jeudi 10 d\u00e9cembre<\/h5>\n\n\n\n<div class=\"wp-block-image\"><figure class=\"aligncenter size-large\"><img loading=\"lazy\" decoding=\"async\" width=\"658\" height=\"679\" src=\"https:\/\/efip.ctu.edu.vn\/web\/wp-content\/uploads\/2020\/12\/Jeudi10-12.png\" alt=\"Programme du jeudi 10 d\u00e9cembre 2020 &quot;Choisir la France&quot;.\" class=\"wp-image-2499\" srcset=\"https:\/\/efip.ctu.edu.vn\/web\/wp-content\/uploads\/2020\/12\/Jeudi10-12.png 658w, https:\/\/efip.ctu.edu.vn\/web\/wp-content\/uploads\/2020\/12\/Jeudi10-12-291x300.png 291w, https:\/\/efip.ctu.edu.vn\/web\/wp-content\/uploads\/2020\/12\/Jeudi10-12-107x110.png 107w, https:\/\/efip.ctu.edu.vn\/web\/wp-content\/uploads\/2020\/12\/Jeudi10-12-407x420.png 407w, https:\/\/efip.ctu.edu.vn\/web\/wp-content\/uploads\/2020\/12\/Jeudi10-12-417x430.png 417w\" sizes=\"(max-width: 658px) 100vw, 658px\" \/><figcaption>Programme du jeudi 10 d\u00e9cembre 2020<\/figcaption><\/figure><\/div>\n\n\n\n<h5 class=\"has-luminous-vivid-orange-color has-text-color wp-block-heading\">Vendredi 11 d\u00e9cembre<\/h5>\n\n\n\n<div class=\"wp-block-image\"><figure class=\"aligncenter size-large\"><img loading=\"lazy\" decoding=\"async\" width=\"645\" height=\"807\" src=\"https:\/\/efip.ctu.edu.vn\/web\/wp-content\/uploads\/2020\/12\/Vendredi11-12.png\" alt=\"Programme du vendredi 11 d\u00e9cembre 2020 &quot;Choisir la France&quot;.\" class=\"wp-image-2500\" srcset=\"https:\/\/efip.ctu.edu.vn\/web\/wp-content\/uploads\/2020\/12\/Vendredi11-12.png 645w, https:\/\/efip.ctu.edu.vn\/web\/wp-content\/uploads\/2020\/12\/Vendredi11-12-240x300.png 240w, https:\/\/efip.ctu.edu.vn\/web\/wp-content\/uploads\/2020\/12\/Vendredi11-12-88x110.png 88w, https:\/\/efip.ctu.edu.vn\/web\/wp-content\/uploads\/2020\/12\/Vendredi11-12-336x420.png 336w, https:\/\/efip.ctu.edu.vn\/web\/wp-content\/uploads\/2020\/12\/Vendredi11-12-344x430.png 344w\" sizes=\"(max-width: 645px) 100vw, 645px\" \/><figcaption>Programme du vendredi 11 d\u00e9cembre 2020<\/figcaption><\/figure><\/div>\n\n\n\n<h5 class=\"has-cyan-bluish-gray-color has-text-color wp-block-heading\">Lundi 14 d\u00e9cembre<\/h5>\n\n\n\n<div class=\"wp-block-image\"><figure class=\"aligncenter size-large\"><img loading=\"lazy\" decoding=\"async\" width=\"639\" height=\"804\" src=\"https:\/\/efip.ctu.edu.vn\/web\/wp-content\/uploads\/2020\/12\/Lundi14-12.png\" alt=\"Programme du lundi 14 d\u00e9cembre 2020 &quot;Choisir la France&quot;.\" class=\"wp-image-2501\" srcset=\"https:\/\/efip.ctu.edu.vn\/web\/wp-content\/uploads\/2020\/12\/Lundi14-12.png 639w, https:\/\/efip.ctu.edu.vn\/web\/wp-content\/uploads\/2020\/12\/Lundi14-12-238x300.png 238w, https:\/\/efip.ctu.edu.vn\/web\/wp-content\/uploads\/2020\/12\/Lundi14-12-87x110.png 87w, https:\/\/efip.ctu.edu.vn\/web\/wp-content\/uploads\/2020\/12\/Lundi14-12-334x420.png 334w, https:\/\/efip.ctu.edu.vn\/web\/wp-content\/uploads\/2020\/12\/Lundi14-12-342x430.png 342w\" sizes=\"(max-width: 639px) 100vw, 639px\" \/><figcaption>Programme du lundi 14 d\u00e9cembre 2020<\/figcaption><\/figure><\/div>\n\n\n\n<h5 class=\"has-pale-cyan-blue-color has-text-color wp-block-heading\">Mardi 15 d\u00e9cembre<\/h5>\n\n\n\n<div class=\"wp-block-image\"><figure class=\"aligncenter size-large\"><img loading=\"lazy\" decoding=\"async\" width=\"640\" height=\"554\" src=\"https:\/\/efip.ctu.edu.vn\/web\/wp-content\/uploads\/2020\/12\/Mardi15-12.png\" alt=\"Programme du mardi 15 d\u00e9cembre 2020 &quot;Choisir la France&quot;.\" class=\"wp-image-2502\" srcset=\"https:\/\/efip.ctu.edu.vn\/web\/wp-content\/uploads\/2020\/12\/Mardi15-12.png 640w, https:\/\/efip.ctu.edu.vn\/web\/wp-content\/uploads\/2020\/12\/Mardi15-12-300x260.png 300w, https:\/\/efip.ctu.edu.vn\/web\/wp-content\/uploads\/2020\/12\/Mardi15-12-110x95.png 110w, https:\/\/efip.ctu.edu.vn\/web\/wp-content\/uploads\/2020\/12\/Mardi15-12-420x364.png 420w, https:\/\/efip.ctu.edu.vn\/web\/wp-content\/uploads\/2020\/12\/Mardi15-12-497x430.png 497w\" sizes=\"(max-width: 640px) 100vw, 640px\" \/><figcaption>Programme du mardi 15 d\u00e9cembre 2020<\/figcaption><\/figure><\/div>\n\n\n\n<h5 class=\"has-pale-pink-color has-text-color wp-block-heading\">Mercredi 16 d\u00e9cembre<\/h5>\n\n\n\n<div class=\"wp-block-image\"><figure class=\"aligncenter size-large\"><img loading=\"lazy\" decoding=\"async\" width=\"642\" height=\"672\" src=\"https:\/\/efip.ctu.edu.vn\/web\/wp-content\/uploads\/2020\/12\/Mercredi16-12.png\" alt=\"Programme du mercredi 16 d\u00e9cembre 2020 &quot;Choisir la France&quot;.\" class=\"wp-image-2503\" srcset=\"https:\/\/efip.ctu.edu.vn\/web\/wp-content\/uploads\/2020\/12\/Mercredi16-12.png 642w, https:\/\/efip.ctu.edu.vn\/web\/wp-content\/uploads\/2020\/12\/Mercredi16-12-287x300.png 287w, https:\/\/efip.ctu.edu.vn\/web\/wp-content\/uploads\/2020\/12\/Mercredi16-12-105x110.png 105w, https:\/\/efip.ctu.edu.vn\/web\/wp-content\/uploads\/2020\/12\/Mercredi16-12-401x420.png 401w, https:\/\/efip.ctu.edu.vn\/web\/wp-content\/uploads\/2020\/12\/Mercredi16-12-411x430.png 411w\" sizes=\"(max-width: 642px) 100vw, 642px\" \/><figcaption>Programme du mercredi 16 d\u00e9cembre 2020<\/figcaption><\/figure><\/div>\n\n\n\n<h5 class=\"has-vivid-red-color has-text-color wp-block-heading\">Jeudi 17 d\u00e9cembre<\/h5>\n\n\n\n<figure class=\"wp-block-image size-large\"><img loading=\"lazy\" decoding=\"async\" width=\"632\" height=\"684\" src=\"https:\/\/efip.ctu.edu.vn\/web\/wp-content\/uploads\/2020\/12\/Jeudi17-12.png\" alt=\"Programme du jeudi 17 d\u00e9cembre 2020 &quot;Choisir la France&quot;.\" class=\"wp-image-2504\" srcset=\"https:\/\/efip.ctu.edu.vn\/web\/wp-content\/uploads\/2020\/12\/Jeudi17-12.png 632w, https:\/\/efip.ctu.edu.vn\/web\/wp-content\/uploads\/2020\/12\/Jeudi17-12-277x300.png 277w, https:\/\/efip.ctu.edu.vn\/web\/wp-content\/uploads\/2020\/12\/Jeudi17-12-102x110.png 102w, https:\/\/efip.ctu.edu.vn\/web\/wp-content\/uploads\/2020\/12\/Jeudi17-12-388x420.png 388w, https:\/\/efip.ctu.edu.vn\/web\/wp-content\/uploads\/2020\/12\/Jeudi17-12-397x430.png 397w\" sizes=\"(max-width: 632px) 100vw, 632px\" \/><figcaption>Programme du jeudi 17 d\u00e9cembre 2020<\/figcaption><\/figure>\n\n\n\n<h5 class=\"has-vivid-cyan-blue-color has-text-color wp-block-heading\">Vendredi 18 d\u00e9cembre<\/h5>\n\n\n\n<div class=\"wp-block-image\"><figure class=\"aligncenter size-large\"><img loading=\"lazy\" decoding=\"async\" width=\"636\" height=\"688\" src=\"https:\/\/efip.ctu.edu.vn\/web\/wp-content\/uploads\/2020\/12\/Vendredi18-12.png\" alt=\"Programme du vendredi 18 d\u00e9cembre 2020 &quot;Choisir la France&quot;.\" class=\"wp-image-2505\" srcset=\"https:\/\/efip.ctu.edu.vn\/web\/wp-content\/uploads\/2020\/12\/Vendredi18-12.png 636w, https:\/\/efip.ctu.edu.vn\/web\/wp-content\/uploads\/2020\/12\/Vendredi18-12-277x300.png 277w, https:\/\/efip.ctu.edu.vn\/web\/wp-content\/uploads\/2020\/12\/Vendredi18-12-102x110.png 102w, https:\/\/efip.ctu.edu.vn\/web\/wp-content\/uploads\/2020\/12\/Vendredi18-12-388x420.png 388w, https:\/\/efip.ctu.edu.vn\/web\/wp-content\/uploads\/2020\/12\/Vendredi18-12-398x430.png 398w\" sizes=\"(max-width: 636px) 100vw, 636px\" \/><figcaption>Programme du vendredi 18 d\u00e9cembre 2020<\/figcaption><\/figure><\/div>\n\n\n\n<h4 class=\"has-vivid-red-color has-text-color wp-block-heading\">POUR PARTICIPER AUX RENCONTRES<\/h4>\n\n\n\n<p>Cliquez sur le lien puis sur l&#8217;\u00e9cole qui vous int\u00e9resse, enfin cliquez sur &#8220;Join meeting&#8221; : <a href=\"https:\/\/www.bienvenueenfrance-vietnam.com\/programme\" target=\"_blank\" rel=\"noreferrer noopener\">https:\/\/www.bienvenueenfrance-vietnam.com\/programme<\/a><\/p>\n\n\n\n<p><\/p>\n\n\n\n<p>Pour d&#8217;autres actualit\u00e9s : <a href=\"https:\/\/efip.ctu.edu.vn\/web\/\">https:\/\/efip.ctu.edu.vn\/web\/<\/a><\/p>\n","protected":false},"excerpt":{"rendered":"<p>\u00c0 l&#8217;occasion des\u00a0semaines\u00a0Choisir la France, l&#8217;Ambassade de France et Campus France Vietnam vous invitent \u00e0 d\u00e9couvrir\u00a047 \u00e9coles et universit\u00e9s fran\u00e7aises &hellip; <br \/><a href=\"https:\/\/efip.ctu.edu.vn\/web\/choisir-la-france\/\" class=\"more-link\">Continue reading <span class=\"screen-reader-text\">Choisir la France<\/span><\/a><\/p>\n","protected":false},"author":3,"featured_media":2495,"comment_status":"open","ping_status":"open","sticky":false,"template":"","format":"standard","meta":{"footnotes":""},"categories":[8,57],"tags":[309,308],"class_list":["post-2494","post","type-post","status-publish","format-standard","has-post-thumbnail","hentry","category-actualites-de-la-francophonie","category-divers","tag-choisir-la-france","tag-etudier-en-france-2"],"yoast_head":"<!-- This site is optimized with the Yoast SEO plugin v25.0 - https:\/\/yoast.com\/wordpress\/plugins\/seo\/ -->\n<title>Semaine &quot;{5cef8cb26ec0cf0cbc2bf93f1561460fb5a03d2eaee977874fea98e9d15bcda9}{5cef8cb26ec0cf0cbc2bf93f1561460fb5a03d2eaee977874fea98e9d15bcda9}title{5cef8cb26ec0cf0cbc2bf93f1561460fb5a03d2eaee977874fea98e9d15bcda9}{5cef8cb26ec0cf0cbc2bf93f1561460fb5a03d2eaee977874fea98e9d15bcda9}&quot; pour ses \u00e9tudes {5cef8cb26ec0cf0cbc2bf93f1561460fb5a03d2eaee977874fea98e9d15bcda9}{5cef8cb26ec0cf0cbc2bf93f1561460fb5a03d2eaee977874fea98e9d15bcda9}page{5cef8cb26ec0cf0cbc2bf93f1561460fb5a03d2eaee977874fea98e9d15bcda9}{5cef8cb26ec0cf0cbc2bf93f1561460fb5a03d2eaee977874fea98e9d15bcda9} {5cef8cb26ec0cf0cbc2bf93f1561460fb5a03d2eaee977874fea98e9d15bcda9}{5cef8cb26ec0cf0cbc2bf93f1561460fb5a03d2eaee977874fea98e9d15bcda9}sep{5cef8cb26ec0cf0cbc2bf93f1561460fb5a03d2eaee977874fea98e9d15bcda9}{5cef8cb26ec0cf0cbc2bf93f1561460fb5a03d2eaee977874fea98e9d15bcda9} {5cef8cb26ec0cf0cbc2bf93f1561460fb5a03d2eaee977874fea98e9d15bcda9}{5cef8cb26ec0cf0cbc2bf93f1561460fb5a03d2eaee977874fea98e9d15bcda9}sitename{5cef8cb26ec0cf0cbc2bf93f1561460fb5a03d2eaee977874fea98e9d15bcda9}{5cef8cb26ec0cf0cbc2bf93f1561460fb5a03d2eaee977874fea98e9d15bcda9} de Can Tho<\/title>\n<meta name=\"description\" content=\"\u00c0 l&#039;occasion de &quot;Choisir la France&quot;, l&#039;Ambassade de France et Campus France Vietnam vous invitent \u00e0 d\u00e9couvrir 47 \u00e9coles et universit\u00e9s fran\u00e7aises.\" \/>\n<meta name=\"robots\" content=\"index, follow, max-snippet:-1, max-image-preview:large, max-video-preview:-1\" \/>\n<link rel=\"canonical\" href=\"https:\/\/efip.ctu.edu.vn\/web\/choisir-la-france\/\" \/>\n<meta property=\"og:locale\" content=\"en_US\" \/>\n<meta property=\"og:type\" content=\"article\" \/>\n<meta property=\"og:title\" content=\"Semaine &quot;{5cef8cb26ec0cf0cbc2bf93f1561460fb5a03d2eaee977874fea98e9d15bcda9}{5cef8cb26ec0cf0cbc2bf93f1561460fb5a03d2eaee977874fea98e9d15bcda9}title{5cef8cb26ec0cf0cbc2bf93f1561460fb5a03d2eaee977874fea98e9d15bcda9}{5cef8cb26ec0cf0cbc2bf93f1561460fb5a03d2eaee977874fea98e9d15bcda9}&quot; pour ses \u00e9tudes {5cef8cb26ec0cf0cbc2bf93f1561460fb5a03d2eaee977874fea98e9d15bcda9}{5cef8cb26ec0cf0cbc2bf93f1561460fb5a03d2eaee977874fea98e9d15bcda9}page{5cef8cb26ec0cf0cbc2bf93f1561460fb5a03d2eaee977874fea98e9d15bcda9}{5cef8cb26ec0cf0cbc2bf93f1561460fb5a03d2eaee977874fea98e9d15bcda9} {5cef8cb26ec0cf0cbc2bf93f1561460fb5a03d2eaee977874fea98e9d15bcda9}{5cef8cb26ec0cf0cbc2bf93f1561460fb5a03d2eaee977874fea98e9d15bcda9}sep{5cef8cb26ec0cf0cbc2bf93f1561460fb5a03d2eaee977874fea98e9d15bcda9}{5cef8cb26ec0cf0cbc2bf93f1561460fb5a03d2eaee977874fea98e9d15bcda9} {5cef8cb26ec0cf0cbc2bf93f1561460fb5a03d2eaee977874fea98e9d15bcda9}{5cef8cb26ec0cf0cbc2bf93f1561460fb5a03d2eaee977874fea98e9d15bcda9}sitename{5cef8cb26ec0cf0cbc2bf93f1561460fb5a03d2eaee977874fea98e9d15bcda9}{5cef8cb26ec0cf0cbc2bf93f1561460fb5a03d2eaee977874fea98e9d15bcda9} de Can Tho\" \/>\n<meta property=\"og:description\" content=\"\u00c0 l&#039;occasion de &quot;Choisir la France&quot;, l&#039;Ambassade de France et Campus France Vietnam vous invitent \u00e0 d\u00e9couvrir 47 \u00e9coles et universit\u00e9s fran\u00e7aises.\" \/>\n<meta property=\"og:url\" content=\"https:\/\/efip.ctu.edu.vn\/web\/choisir-la-france\/\" \/>\n<meta property=\"og:site_name\" content=\"EFIP\" \/>\n<meta property=\"article:publisher\" content=\"https:\/\/www.facebook.com\/efipCanTho\" \/>\n<meta property=\"article:published_time\" content=\"2020-12-07T02:12:31+00:00\" \/>\n<meta property=\"article:modified_time\" content=\"2020-12-07T02:12:54+00:00\" \/>\n<meta property=\"og:image\" content=\"https:\/\/efip.ctu.edu.vn\/web\/wp-content\/uploads\/2020\/12\/ChoisirLaFrance.png\" \/>\n\t<meta property=\"og:image:width\" content=\"665\" \/>\n\t<meta property=\"og:image:height\" content=\"507\" \/>\n\t<meta property=\"og:image:type\" content=\"image\/png\" \/>\n<meta name=\"author\" content=\"Emilie\" \/>\n<meta name=\"twitter:card\" content=\"summary_large_image\" \/>\n<meta name=\"twitter:label1\" content=\"Written by\" \/>\n\t<meta name=\"twitter:data1\" content=\"Emilie\" \/>\n\t<meta name=\"twitter:label2\" content=\"Est. reading time\" \/>\n\t<meta name=\"twitter:data2\" content=\"1 minute\" \/>\n<script type=\"application\/ld+json\" class=\"yoast-schema-graph\">{\"@context\":\"https:\/\/schema.org\",\"@graph\":[{\"@type\":\"Article\",\"@id\":\"https:\/\/efip.ctu.edu.vn\/web\/choisir-la-france\/#article\",\"isPartOf\":{\"@id\":\"https:\/\/efip.ctu.edu.vn\/web\/choisir-la-france\/\"},\"author\":{\"name\":\"Emilie\",\"@id\":\"https:\/\/efip.ctu.edu.vn\/web\/#\/schema\/person\/53dc596cb2d0db2aa914c8a122a41e62\"},\"headline\":\"Choisir la France\",\"datePublished\":\"2020-12-07T02:12:31+00:00\",\"dateModified\":\"2020-12-07T02:12:54+00:00\",\"mainEntityOfPage\":{\"@id\":\"https:\/\/efip.ctu.edu.vn\/web\/choisir-la-france\/\"},\"wordCount\":229,\"commentCount\":0,\"publisher\":{\"@id\":\"https:\/\/efip.ctu.edu.vn\/web\/#organization\"},\"image\":{\"@id\":\"https:\/\/efip.ctu.edu.vn\/web\/choisir-la-france\/#primaryimage\"},\"thumbnailUrl\":\"https:\/\/efip.ctu.edu.vn\/web\/wp-content\/uploads\/2020\/12\/ChoisirLaFrance.png\",\"keywords\":[\"Choisir la France\",\"Etudier en France\"],\"articleSection\":[\"Actualit\u00e9s de la Francophonie\",\"Divers\"],\"inLanguage\":\"en-US\",\"potentialAction\":[{\"@type\":\"CommentAction\",\"name\":\"Comment\",\"target\":[\"https:\/\/efip.ctu.edu.vn\/web\/choisir-la-france\/#respond\"]}]},{\"@type\":\"WebPage\",\"@id\":\"https:\/\/efip.ctu.edu.vn\/web\/choisir-la-france\/\",\"url\":\"https:\/\/efip.ctu.edu.vn\/web\/choisir-la-france\/\",\"name\":\"Semaine \\\"{5cef8cb26ec0cf0cbc2bf93f1561460fb5a03d2eaee977874fea98e9d15bcda9}{5cef8cb26ec0cf0cbc2bf93f1561460fb5a03d2eaee977874fea98e9d15bcda9}title{5cef8cb26ec0cf0cbc2bf93f1561460fb5a03d2eaee977874fea98e9d15bcda9}{5cef8cb26ec0cf0cbc2bf93f1561460fb5a03d2eaee977874fea98e9d15bcda9}\\\" pour ses \u00e9tudes {5cef8cb26ec0cf0cbc2bf93f1561460fb5a03d2eaee977874fea98e9d15bcda9}{5cef8cb26ec0cf0cbc2bf93f1561460fb5a03d2eaee977874fea98e9d15bcda9}page{5cef8cb26ec0cf0cbc2bf93f1561460fb5a03d2eaee977874fea98e9d15bcda9}{5cef8cb26ec0cf0cbc2bf93f1561460fb5a03d2eaee977874fea98e9d15bcda9} {5cef8cb26ec0cf0cbc2bf93f1561460fb5a03d2eaee977874fea98e9d15bcda9}{5cef8cb26ec0cf0cbc2bf93f1561460fb5a03d2eaee977874fea98e9d15bcda9}sep{5cef8cb26ec0cf0cbc2bf93f1561460fb5a03d2eaee977874fea98e9d15bcda9}{5cef8cb26ec0cf0cbc2bf93f1561460fb5a03d2eaee977874fea98e9d15bcda9} {5cef8cb26ec0cf0cbc2bf93f1561460fb5a03d2eaee977874fea98e9d15bcda9}{5cef8cb26ec0cf0cbc2bf93f1561460fb5a03d2eaee977874fea98e9d15bcda9}sitename{5cef8cb26ec0cf0cbc2bf93f1561460fb5a03d2eaee977874fea98e9d15bcda9}{5cef8cb26ec0cf0cbc2bf93f1561460fb5a03d2eaee977874fea98e9d15bcda9} de Can Tho\",\"isPartOf\":{\"@id\":\"https:\/\/efip.ctu.edu.vn\/web\/#website\"},\"primaryImageOfPage\":{\"@id\":\"https:\/\/efip.ctu.edu.vn\/web\/choisir-la-france\/#primaryimage\"},\"image\":{\"@id\":\"https:\/\/efip.ctu.edu.vn\/web\/choisir-la-france\/#primaryimage\"},\"thumbnailUrl\":\"https:\/\/efip.ctu.edu.vn\/web\/wp-content\/uploads\/2020\/12\/ChoisirLaFrance.png\",\"datePublished\":\"2020-12-07T02:12:31+00:00\",\"dateModified\":\"2020-12-07T02:12:54+00:00\",\"description\":\"\u00c0 l'occasion de \\\"Choisir la France\\\", l'Ambassade de France et Campus France Vietnam vous invitent \u00e0 d\u00e9couvrir 47 \u00e9coles et universit\u00e9s fran\u00e7aises.\",\"breadcrumb\":{\"@id\":\"https:\/\/efip.ctu.edu.vn\/web\/choisir-la-france\/#breadcrumb\"},\"inLanguage\":\"en-US\",\"potentialAction\":[{\"@type\":\"ReadAction\",\"target\":[\"https:\/\/efip.ctu.edu.vn\/web\/choisir-la-france\/\"]}]},{\"@type\":\"ImageObject\",\"inLanguage\":\"en-US\",\"@id\":\"https:\/\/efip.ctu.edu.vn\/web\/choisir-la-france\/#primaryimage\",\"url\":\"https:\/\/efip.ctu.edu.vn\/web\/wp-content\/uploads\/2020\/12\/ChoisirLaFrance.png\",\"contentUrl\":\"https:\/\/efip.ctu.edu.vn\/web\/wp-content\/uploads\/2020\/12\/ChoisirLaFrance.png\",\"width\":665,\"height\":507,\"caption\":\"Choisir la France\"},{\"@type\":\"BreadcrumbList\",\"@id\":\"https:\/\/efip.ctu.edu.vn\/web\/choisir-la-france\/#breadcrumb\",\"itemListElement\":[{\"@type\":\"ListItem\",\"position\":1,\"name\":\"Accueil\",\"item\":\"https:\/\/efip.ctu.edu.vn\/web\/\"},{\"@type\":\"ListItem\",\"position\":2,\"name\":\"Choisir la France\"}]},{\"@type\":\"WebSite\",\"@id\":\"https:\/\/efip.ctu.edu.vn\/web\/#website\",\"url\":\"https:\/\/efip.ctu.edu.vn\/web\/\",\"name\":\"EFIP de Can Tho\",\"description\":\"Espace Francophone d&#039;Innovation et de Partenariat\",\"publisher\":{\"@id\":\"https:\/\/efip.ctu.edu.vn\/web\/#organization\"},\"potentialAction\":[{\"@type\":\"SearchAction\",\"target\":{\"@type\":\"EntryPoint\",\"urlTemplate\":\"https:\/\/efip.ctu.edu.vn\/web\/?s={search_term_string}\"},\"query-input\":{\"@type\":\"PropertyValueSpecification\",\"valueRequired\":true,\"valueName\":\"search_term_string\"}}],\"inLanguage\":\"en-US\"},{\"@type\":\"Organization\",\"@id\":\"https:\/\/efip.ctu.edu.vn\/web\/#organization\",\"name\":\"EFIP\",\"url\":\"https:\/\/efip.ctu.edu.vn\/web\/\",\"logo\":{\"@type\":\"ImageObject\",\"inLanguage\":\"en-US\",\"@id\":\"https:\/\/efip.ctu.edu.vn\/web\/#\/schema\/logo\/image\/\",\"url\":\"https:\/\/efip.ctu.edu.vn\/web\/wp-content\/uploads\/2025\/05\/efip2-150x89-1.jpg\",\"contentUrl\":\"https:\/\/efip.ctu.edu.vn\/web\/wp-content\/uploads\/2025\/05\/efip2-150x89-1.jpg\",\"width\":150,\"height\":89,\"caption\":\"EFIP\"},\"image\":{\"@id\":\"https:\/\/efip.ctu.edu.vn\/web\/#\/schema\/logo\/image\/\"},\"sameAs\":[\"https:\/\/www.facebook.com\/efipCanTho\"]},{\"@type\":\"Person\",\"@id\":\"https:\/\/efip.ctu.edu.vn\/web\/#\/schema\/person\/53dc596cb2d0db2aa914c8a122a41e62\",\"name\":\"Emilie\",\"image\":{\"@type\":\"ImageObject\",\"inLanguage\":\"en-US\",\"@id\":\"https:\/\/efip.ctu.edu.vn\/web\/#\/schema\/person\/image\/\",\"url\":\"https:\/\/secure.gravatar.com\/avatar\/6a0fb05561be2eb61d5a590bc8bec4352d8fc07271158e66cac145fdb0f3d5ad?s=96&d=mm&r=g\",\"contentUrl\":\"https:\/\/secure.gravatar.com\/avatar\/6a0fb05561be2eb61d5a590bc8bec4352d8fc07271158e66cac145fdb0f3d5ad?s=96&d=mm&r=g\",\"caption\":\"Emilie\"},\"url\":\"https:\/\/efip.ctu.edu.vn\/web\/author\/emilie\/\"}]}<\/script>\n<!-- \/ Yoast SEO plugin. -->","yoast_head_json":{"title":"Semaine \"{5cef8cb26ec0cf0cbc2bf93f1561460fb5a03d2eaee977874fea98e9d15bcda9}{5cef8cb26ec0cf0cbc2bf93f1561460fb5a03d2eaee977874fea98e9d15bcda9}title{5cef8cb26ec0cf0cbc2bf93f1561460fb5a03d2eaee977874fea98e9d15bcda9}{5cef8cb26ec0cf0cbc2bf93f1561460fb5a03d2eaee977874fea98e9d15bcda9}\" pour ses \u00e9tudes {5cef8cb26ec0cf0cbc2bf93f1561460fb5a03d2eaee977874fea98e9d15bcda9}{5cef8cb26ec0cf0cbc2bf93f1561460fb5a03d2eaee977874fea98e9d15bcda9}page{5cef8cb26ec0cf0cbc2bf93f1561460fb5a03d2eaee977874fea98e9d15bcda9}{5cef8cb26ec0cf0cbc2bf93f1561460fb5a03d2eaee977874fea98e9d15bcda9} {5cef8cb26ec0cf0cbc2bf93f1561460fb5a03d2eaee977874fea98e9d15bcda9}{5cef8cb26ec0cf0cbc2bf93f1561460fb5a03d2eaee977874fea98e9d15bcda9}sep{5cef8cb26ec0cf0cbc2bf93f1561460fb5a03d2eaee977874fea98e9d15bcda9}{5cef8cb26ec0cf0cbc2bf93f1561460fb5a03d2eaee977874fea98e9d15bcda9} {5cef8cb26ec0cf0cbc2bf93f1561460fb5a03d2eaee977874fea98e9d15bcda9}{5cef8cb26ec0cf0cbc2bf93f1561460fb5a03d2eaee977874fea98e9d15bcda9}sitename{5cef8cb26ec0cf0cbc2bf93f1561460fb5a03d2eaee977874fea98e9d15bcda9}{5cef8cb26ec0cf0cbc2bf93f1561460fb5a03d2eaee977874fea98e9d15bcda9} de Can Tho","description":"\u00c0 l'occasion de \"Choisir la France\", l'Ambassade de France et Campus France Vietnam vous invitent \u00e0 d\u00e9couvrir 47 \u00e9coles et universit\u00e9s fran\u00e7aises.","robots":{"index":"index","follow":"follow","max-snippet":"max-snippet:-1","max-image-preview":"max-image-preview:large","max-video-preview":"max-video-preview:-1"},"canonical":"https:\/\/efip.ctu.edu.vn\/web\/choisir-la-france\/","og_locale":"en_US","og_type":"article","og_title":"Semaine \"{5cef8cb26ec0cf0cbc2bf93f1561460fb5a03d2eaee977874fea98e9d15bcda9}{5cef8cb26ec0cf0cbc2bf93f1561460fb5a03d2eaee977874fea98e9d15bcda9}title{5cef8cb26ec0cf0cbc2bf93f1561460fb5a03d2eaee977874fea98e9d15bcda9}{5cef8cb26ec0cf0cbc2bf93f1561460fb5a03d2eaee977874fea98e9d15bcda9}\" pour ses \u00e9tudes {5cef8cb26ec0cf0cbc2bf93f1561460fb5a03d2eaee977874fea98e9d15bcda9}{5cef8cb26ec0cf0cbc2bf93f1561460fb5a03d2eaee977874fea98e9d15bcda9}page{5cef8cb26ec0cf0cbc2bf93f1561460fb5a03d2eaee977874fea98e9d15bcda9}{5cef8cb26ec0cf0cbc2bf93f1561460fb5a03d2eaee977874fea98e9d15bcda9} {5cef8cb26ec0cf0cbc2bf93f1561460fb5a03d2eaee977874fea98e9d15bcda9}{5cef8cb26ec0cf0cbc2bf93f1561460fb5a03d2eaee977874fea98e9d15bcda9}sep{5cef8cb26ec0cf0cbc2bf93f1561460fb5a03d2eaee977874fea98e9d15bcda9}{5cef8cb26ec0cf0cbc2bf93f1561460fb5a03d2eaee977874fea98e9d15bcda9} {5cef8cb26ec0cf0cbc2bf93f1561460fb5a03d2eaee977874fea98e9d15bcda9}{5cef8cb26ec0cf0cbc2bf93f1561460fb5a03d2eaee977874fea98e9d15bcda9}sitename{5cef8cb26ec0cf0cbc2bf93f1561460fb5a03d2eaee977874fea98e9d15bcda9}{5cef8cb26ec0cf0cbc2bf93f1561460fb5a03d2eaee977874fea98e9d15bcda9} de Can Tho","og_description":"\u00c0 l'occasion de \"Choisir la France\", l'Ambassade de France et Campus France Vietnam vous invitent \u00e0 d\u00e9couvrir 47 \u00e9coles et universit\u00e9s fran\u00e7aises.","og_url":"https:\/\/efip.ctu.edu.vn\/web\/choisir-la-france\/","og_site_name":"EFIP","article_publisher":"https:\/\/www.facebook.com\/efipCanTho","article_published_time":"2020-12-07T02:12:31+00:00","article_modified_time":"2020-12-07T02:12:54+00:00","og_image":[{"width":665,"height":507,"url":"https:\/\/efip.ctu.edu.vn\/web\/wp-content\/uploads\/2020\/12\/ChoisirLaFrance.png","type":"image\/png"}],"author":"Emilie","twitter_card":"summary_large_image","twitter_misc":{"Written by":"Emilie","Est. reading time":"1 minute"},"schema":{"@context":"https:\/\/schema.org","@graph":[{"@type":"Article","@id":"https:\/\/efip.ctu.edu.vn\/web\/choisir-la-france\/#article","isPartOf":{"@id":"https:\/\/efip.ctu.edu.vn\/web\/choisir-la-france\/"},"author":{"name":"Emilie","@id":"https:\/\/efip.ctu.edu.vn\/web\/#\/schema\/person\/53dc596cb2d0db2aa914c8a122a41e62"},"headline":"Choisir la France","datePublished":"2020-12-07T02:12:31+00:00","dateModified":"2020-12-07T02:12:54+00:00","mainEntityOfPage":{"@id":"https:\/\/efip.ctu.edu.vn\/web\/choisir-la-france\/"},"wordCount":229,"commentCount":0,"publisher":{"@id":"https:\/\/efip.ctu.edu.vn\/web\/#organization"},"image":{"@id":"https:\/\/efip.ctu.edu.vn\/web\/choisir-la-france\/#primaryimage"},"thumbnailUrl":"https:\/\/efip.ctu.edu.vn\/web\/wp-content\/uploads\/2020\/12\/ChoisirLaFrance.png","keywords":["Choisir la France","Etudier en France"],"articleSection":["Actualit\u00e9s de la Francophonie","Divers"],"inLanguage":"en-US","potentialAction":[{"@type":"CommentAction","name":"Comment","target":["https:\/\/efip.ctu.edu.vn\/web\/choisir-la-france\/#respond"]}]},{"@type":"WebPage","@id":"https:\/\/efip.ctu.edu.vn\/web\/choisir-la-france\/","url":"https:\/\/efip.ctu.edu.vn\/web\/choisir-la-france\/","name":"Semaine \"{5cef8cb26ec0cf0cbc2bf93f1561460fb5a03d2eaee977874fea98e9d15bcda9}{5cef8cb26ec0cf0cbc2bf93f1561460fb5a03d2eaee977874fea98e9d15bcda9}title{5cef8cb26ec0cf0cbc2bf93f1561460fb5a03d2eaee977874fea98e9d15bcda9}{5cef8cb26ec0cf0cbc2bf93f1561460fb5a03d2eaee977874fea98e9d15bcda9}\" pour ses \u00e9tudes {5cef8cb26ec0cf0cbc2bf93f1561460fb5a03d2eaee977874fea98e9d15bcda9}{5cef8cb26ec0cf0cbc2bf93f1561460fb5a03d2eaee977874fea98e9d15bcda9}page{5cef8cb26ec0cf0cbc2bf93f1561460fb5a03d2eaee977874fea98e9d15bcda9}{5cef8cb26ec0cf0cbc2bf93f1561460fb5a03d2eaee977874fea98e9d15bcda9} {5cef8cb26ec0cf0cbc2bf93f1561460fb5a03d2eaee977874fea98e9d15bcda9}{5cef8cb26ec0cf0cbc2bf93f1561460fb5a03d2eaee977874fea98e9d15bcda9}sep{5cef8cb26ec0cf0cbc2bf93f1561460fb5a03d2eaee977874fea98e9d15bcda9}{5cef8cb26ec0cf0cbc2bf93f1561460fb5a03d2eaee977874fea98e9d15bcda9} {5cef8cb26ec0cf0cbc2bf93f1561460fb5a03d2eaee977874fea98e9d15bcda9}{5cef8cb26ec0cf0cbc2bf93f1561460fb5a03d2eaee977874fea98e9d15bcda9}sitename{5cef8cb26ec0cf0cbc2bf93f1561460fb5a03d2eaee977874fea98e9d15bcda9}{5cef8cb26ec0cf0cbc2bf93f1561460fb5a03d2eaee977874fea98e9d15bcda9} de Can Tho","isPartOf":{"@id":"https:\/\/efip.ctu.edu.vn\/web\/#website"},"primaryImageOfPage":{"@id":"https:\/\/efip.ctu.edu.vn\/web\/choisir-la-france\/#primaryimage"},"image":{"@id":"https:\/\/efip.ctu.edu.vn\/web\/choisir-la-france\/#primaryimage"},"thumbnailUrl":"https:\/\/efip.ctu.edu.vn\/web\/wp-content\/uploads\/2020\/12\/ChoisirLaFrance.png","datePublished":"2020-12-07T02:12:31+00:00","dateModified":"2020-12-07T02:12:54+00:00","description":"\u00c0 l'occasion de \"Choisir la France\", l'Ambassade de France et Campus France Vietnam vous invitent \u00e0 d\u00e9couvrir 47 \u00e9coles et universit\u00e9s fran\u00e7aises.","breadcrumb":{"@id":"https:\/\/efip.ctu.edu.vn\/web\/choisir-la-france\/#breadcrumb"},"inLanguage":"en-US","potentialAction":[{"@type":"ReadAction","target":["https:\/\/efip.ctu.edu.vn\/web\/choisir-la-france\/"]}]},{"@type":"ImageObject","inLanguage":"en-US","@id":"https:\/\/efip.ctu.edu.vn\/web\/choisir-la-france\/#primaryimage","url":"https:\/\/efip.ctu.edu.vn\/web\/wp-content\/uploads\/2020\/12\/ChoisirLaFrance.png","contentUrl":"https:\/\/efip.ctu.edu.vn\/web\/wp-content\/uploads\/2020\/12\/ChoisirLaFrance.png","width":665,"height":507,"caption":"Choisir la France"},{"@type":"BreadcrumbList","@id":"https:\/\/efip.ctu.edu.vn\/web\/choisir-la-france\/#breadcrumb","itemListElement":[{"@type":"ListItem","position":1,"name":"Accueil","item":"https:\/\/efip.ctu.edu.vn\/web\/"},{"@type":"ListItem","position":2,"name":"Choisir la France"}]},{"@type":"WebSite","@id":"https:\/\/efip.ctu.edu.vn\/web\/#website","url":"https:\/\/efip.ctu.edu.vn\/web\/","name":"EFIP de Can Tho","description":"Espace Francophone d&#039;Innovation et de Partenariat","publisher":{"@id":"https:\/\/efip.ctu.edu.vn\/web\/#organization"},"potentialAction":[{"@type":"SearchAction","target":{"@type":"EntryPoint","urlTemplate":"https:\/\/efip.ctu.edu.vn\/web\/?s={search_term_string}"},"query-input":{"@type":"PropertyValueSpecification","valueRequired":true,"valueName":"search_term_string"}}],"inLanguage":"en-US"},{"@type":"Organization","@id":"https:\/\/efip.ctu.edu.vn\/web\/#organization","name":"EFIP","url":"https:\/\/efip.ctu.edu.vn\/web\/","logo":{"@type":"ImageObject","inLanguage":"en-US","@id":"https:\/\/efip.ctu.edu.vn\/web\/#\/schema\/logo\/image\/","url":"https:\/\/efip.ctu.edu.vn\/web\/wp-content\/uploads\/2025\/05\/efip2-150x89-1.jpg","contentUrl":"https:\/\/efip.ctu.edu.vn\/web\/wp-content\/uploads\/2025\/05\/efip2-150x89-1.jpg","width":150,"height":89,"caption":"EFIP"},"image":{"@id":"https:\/\/efip.ctu.edu.vn\/web\/#\/schema\/logo\/image\/"},"sameAs":["https:\/\/www.facebook.com\/efipCanTho"]},{"@type":"Person","@id":"https:\/\/efip.ctu.edu.vn\/web\/#\/schema\/person\/53dc596cb2d0db2aa914c8a122a41e62","name":"Emilie","image":{"@type":"ImageObject","inLanguage":"en-US","@id":"https:\/\/efip.ctu.edu.vn\/web\/#\/schema\/person\/image\/","url":"https:\/\/secure.gravatar.com\/avatar\/6a0fb05561be2eb61d5a590bc8bec4352d8fc07271158e66cac145fdb0f3d5ad?s=96&d=mm&r=g","contentUrl":"https:\/\/secure.gravatar.com\/avatar\/6a0fb05561be2eb61d5a590bc8bec4352d8fc07271158e66cac145fdb0f3d5ad?s=96&d=mm&r=g","caption":"Emilie"},"url":"https:\/\/efip.ctu.edu.vn\/web\/author\/emilie\/"}]}},"_links":{"self":[{"href":"https:\/\/efip.ctu.edu.vn\/web\/wp-json\/wp\/v2\/posts\/2494","targetHints":{"allow":["GET"]}}],"collection":[{"href":"https:\/\/efip.ctu.edu.vn\/web\/wp-json\/wp\/v2\/posts"}],"about":[{"href":"https:\/\/efip.ctu.edu.vn\/web\/wp-json\/wp\/v2\/types\/post"}],"author":[{"embeddable":true,"href":"https:\/\/efip.ctu.edu.vn\/web\/wp-json\/wp\/v2\/users\/3"}],"replies":[{"embeddable":true,"href":"https:\/\/efip.ctu.edu.vn\/web\/wp-json\/wp\/v2\/comments?post=2494"}],"version-history":[{"count":2,"href":"https:\/\/efip.ctu.edu.vn\/web\/wp-json\/wp\/v2\/posts\/2494\/revisions"}],"predecessor-version":[{"id":2507,"href":"https:\/\/efip.ctu.edu.vn\/web\/wp-json\/wp\/v2\/posts\/2494\/revisions\/2507"}],"wp:featuredmedia":[{"embeddable":true,"href":"https:\/\/efip.ctu.edu.vn\/web\/wp-json\/wp\/v2\/media\/2495"}],"wp:attachment":[{"href":"https:\/\/efip.ctu.edu.vn\/web\/wp-json\/wp\/v2\/media?parent=2494"}],"wp:term":[{"taxonomy":"category","embeddable":true,"href":"https:\/\/efip.ctu.edu.vn\/web\/wp-json\/wp\/v2\/categories?post=2494"},{"taxonomy":"post_tag","embeddable":true,"href":"https:\/\/efip.ctu.edu.vn\/web\/wp-json\/wp\/v2\/tags?post=2494"}],"curies":[{"name":"wp","href":"https:\/\/api.w.org\/{rel}","templated":true}]}}