{"id":2227,"date":"2020-10-17T07:00:00","date_gmt":"2020-10-17T00:00:00","guid":{"rendered":"https:\/\/efip.ctu.edu.vn\/web\/?p=2227"},"modified":"2022-12-14T09:14:33","modified_gmt":"2022-12-14T02:14:33","slug":"wallonie-bruxelles-federation","status":"publish","type":"post","link":"https:\/\/efip.ctu.edu.vn\/web\/wallonie-bruxelles-federation\/","title":{"rendered":"Wallonie-Bruxelles (F\u00e9d\u00e9ration)"},"content":{"rendered":"\n<p class=\"wp-block-paragraph\"><\/p>\n\n\n\n<figure class=\"wp-block-gallery has-nested-images columns-4 is-cropped wp-block-gallery-1 is-layout-flex wp-block-gallery-is-layout-flex\">\n<figure class=\"wp-block-image size-large\"><img fetchpriority=\"high\" decoding=\"async\" width=\"800\" height=\"533\" data-id=\"2228\" src=\"https:\/\/efip.ctu.edu.vn\/web\/wp-content\/uploads\/2020\/10\/800px-Flag_of_Wallonia.svg_.png\" alt=\"Drapeau historique de la f\u00e9d\u00e9ration Wallonie-Bruxelles\" class=\"wp-image-2228\" srcset=\"https:\/\/efip.ctu.edu.vn\/web\/wp-content\/uploads\/2020\/10\/800px-Flag_of_Wallonia.svg_.png 800w, https:\/\/efip.ctu.edu.vn\/web\/wp-content\/uploads\/2020\/10\/800px-Flag_of_Wallonia.svg_-300x200.png 300w, https:\/\/efip.ctu.edu.vn\/web\/wp-content\/uploads\/2020\/10\/800px-Flag_of_Wallonia.svg_-768x512.png 768w, https:\/\/efip.ctu.edu.vn\/web\/wp-content\/uploads\/2020\/10\/800px-Flag_of_Wallonia.svg_-110x73.png 110w, https:\/\/efip.ctu.edu.vn\/web\/wp-content\/uploads\/2020\/10\/800px-Flag_of_Wallonia.svg_-420x280.png 420w, https:\/\/efip.ctu.edu.vn\/web\/wp-content\/uploads\/2020\/10\/800px-Flag_of_Wallonia.svg_-645x430.png 645w\" sizes=\"(max-width: 800px) 100vw, 800px\" \/><figcaption class=\"wp-element-caption\">Drapeau historique de la f\u00e9d\u00e9ration Wallonie-Bruxelles<\/figcaption><\/figure>\n\n\n\n<figure class=\"wp-block-image size-large\"><img decoding=\"async\" width=\"886\" height=\"768\" data-id=\"2229\" src=\"https:\/\/efip.ctu.edu.vn\/web\/wp-content\/uploads\/2020\/10\/886px-Flag_of_Belgium.svg_.png\" alt=\"Drapeau de la Belgique\" class=\"wp-image-2229\" srcset=\"https:\/\/efip.ctu.edu.vn\/web\/wp-content\/uploads\/2020\/10\/886px-Flag_of_Belgium.svg_.png 886w, https:\/\/efip.ctu.edu.vn\/web\/wp-content\/uploads\/2020\/10\/886px-Flag_of_Belgium.svg_-300x260.png 300w, https:\/\/efip.ctu.edu.vn\/web\/wp-content\/uploads\/2020\/10\/886px-Flag_of_Belgium.svg_-768x666.png 768w, https:\/\/efip.ctu.edu.vn\/web\/wp-content\/uploads\/2020\/10\/886px-Flag_of_Belgium.svg_-110x95.png 110w, https:\/\/efip.ctu.edu.vn\/web\/wp-content\/uploads\/2020\/10\/886px-Flag_of_Belgium.svg_-420x364.png 420w, https:\/\/efip.ctu.edu.vn\/web\/wp-content\/uploads\/2020\/10\/886px-Flag_of_Belgium.svg_-496x430.png 496w\" sizes=\"(max-width: 886px) 100vw, 886px\" \/><figcaption class=\"wp-element-caption\">Drapeau de la Belgique<\/figcaption><\/figure>\n\n\n\n<figure class=\"wp-block-image size-large\"><img decoding=\"async\" width=\"713\" height=\"600\" data-id=\"2231\" src=\"https:\/\/efip.ctu.edu.vn\/web\/wp-content\/uploads\/2020\/10\/713px-EU-Belgium.svg_.png\" alt=\"Situation g\u00e9ographique de la Belgique dans le monde\" class=\"wp-image-2231\" srcset=\"https:\/\/efip.ctu.edu.vn\/web\/wp-content\/uploads\/2020\/10\/713px-EU-Belgium.svg_.png 713w, https:\/\/efip.ctu.edu.vn\/web\/wp-content\/uploads\/2020\/10\/713px-EU-Belgium.svg_-300x252.png 300w, https:\/\/efip.ctu.edu.vn\/web\/wp-content\/uploads\/2020\/10\/713px-EU-Belgium.svg_-110x93.png 110w, https:\/\/efip.ctu.edu.vn\/web\/wp-content\/uploads\/2020\/10\/713px-EU-Belgium.svg_-420x353.png 420w, https:\/\/efip.ctu.edu.vn\/web\/wp-content\/uploads\/2020\/10\/713px-EU-Belgium.svg_-511x430.png 511w\" sizes=\"(max-width: 713px) 100vw, 713px\" \/><figcaption class=\"wp-element-caption\">Situation g\u00e9ographique dans le monde<\/figcaption><\/figure>\n\n\n\n<figure class=\"wp-block-image size-large\"><img loading=\"lazy\" decoding=\"async\" width=\"330\" height=\"355\" data-id=\"2230\" src=\"https:\/\/efip.ctu.edu.vn\/web\/wp-content\/uploads\/2020\/10\/Belgique-map-fr.png\" alt=\"Situation g\u00e9ographique de la Belgique\" class=\"wp-image-2230\" srcset=\"https:\/\/efip.ctu.edu.vn\/web\/wp-content\/uploads\/2020\/10\/Belgique-map-fr.png 330w, https:\/\/efip.ctu.edu.vn\/web\/wp-content\/uploads\/2020\/10\/Belgique-map-fr-279x300.png 279w, https:\/\/efip.ctu.edu.vn\/web\/wp-content\/uploads\/2020\/10\/Belgique-map-fr-102x110.png 102w\" sizes=\"(max-width: 330px) 100vw, 330px\" \/><figcaption class=\"wp-element-caption\">Situation g\u00e9ographique<\/figcaption><\/figure>\n<\/figure>\n\n\n\n<p class=\"wp-block-paragraph\"><strong>Nom : <\/strong>F\u00e9d\u00e9ration Wallonie-Bruxelles depuis 2011, aussi appel\u00e9e Communaut\u00e9 fran\u00e7aise de Belgique.<\/p>\n\n\n\n<p class=\"wp-block-paragraph\"><strong>Statut \u00e0 l&#8217;OIF :<\/strong> Membre depuis 1980.<\/p>\n\n\n\n<p class=\"wp-block-paragraph\"><strong>Situation g\u00e9ographique :<\/strong> entit\u00e9 f\u00e9d\u00e9r\u00e9e de la Belgique. La Belgique se trouve en Europe de l&#8217;Ouest. Ses pays limitrophes sont l&#8217;Allemagne, le Luxembourg, la France et les Pays-Bas. <\/p>\n\n\n\n<p class=\"wp-block-paragraph\"><strong>Capitale :<\/strong> Bruxelles<\/p>\n\n\n\n<p class=\"wp-block-paragraph\"><strong>Hymne :<\/strong> Aucun.<\/p>\n\n\n\n<p class=\"wp-block-paragraph\"><strong>Monnaie : <\/strong>Euro (EUR)<\/p>\n\n\n\n<p class=\"wp-block-paragraph\"><strong>Superficie en km<sup>2<\/sup> :<\/strong> 16&nbsp;151&nbsp;km<sup>2<\/sup><\/p>\n\n\n\n<p class=\"wp-block-paragraph\"><strong>Population :<\/strong> 4 600 000 habitants (en 2017) dont la quasi-totalit\u00e9 est francophone.<\/p>\n\n\n\n<p class=\"wp-block-paragraph\"><strong>Densit\u00e9 de population :<\/strong> 279&nbsp;habitants\/km<sup>2<\/sup><\/p>\n\n\n\n<p class=\"wp-block-paragraph\"><strong>Langue officielle : <\/strong>le fran\u00e7ais<\/p>\n\n\n\n<p class=\"wp-block-paragraph\"><strong>Langues (r\u00e9gionales) parl\u00e9es :<\/strong> fran\u00e7ais, champenois,&nbsp;lorrain,&nbsp;picard,&nbsp;wallon, francique ripuaire,&nbsp;limbourgeois,&nbsp;luxembourgeois,&nbsp;braban\u00e7on,&nbsp;bruxellois.&nbsp;<\/p>\n\n\n\n<p class=\"wp-block-paragraph\"><strong>Histoire :<\/strong> La communaut\u00e9 fran\u00e7aise de Belgique est d&#8217;abord n\u00e9e en 1970 sous le nom de Communaut\u00e9 culturelle fran\u00e7aise. Elle obtiendra progressivement plus de comp\u00e9tences au sein de la Belgique f\u00e9d\u00e9r\u00e9e en 1980, puis en 1988.<\/p>\n\n\n\n<p class=\"wp-block-paragraph\"><strong>Patrimoine culturel de l&#8217;humanit\u00e9 (UNESCO) :<\/strong> le&nbsp;carnaval de Binche, les&nbsp;marches de l&#8217;Entre-Sambre-et-Meuse, les&nbsp;ducasses d&#8217;Ath&nbsp;et de&nbsp;Mons, le&nbsp;Meyboom&nbsp;et l&#8217;Ommegang de Bruxelles. <\/p>\n\n\n\n<hr class=\"wp-block-separator has-css-opacity is-style-dots\"\/>\n\n\n\n<figure class=\"wp-block-gallery has-nested-images columns-default is-cropped wp-block-gallery-2 is-layout-flex wp-block-gallery-is-layout-flex\">\n<figure class=\"wp-block-image size-large\"><img loading=\"lazy\" decoding=\"async\" width=\"799\" height=\"572\" data-id=\"2233\" src=\"https:\/\/efip.ctu.edu.vn\/web\/wp-content\/uploads\/2020\/10\/800px-Binche_-_Les_Gilles.jpg\" alt=\"Le carnaval de Binche est un des plus anciens carnavals de Belgique.\" class=\"wp-image-2233\" srcset=\"https:\/\/efip.ctu.edu.vn\/web\/wp-content\/uploads\/2020\/10\/800px-Binche_-_Les_Gilles.jpg 799w, https:\/\/efip.ctu.edu.vn\/web\/wp-content\/uploads\/2020\/10\/800px-Binche_-_Les_Gilles-300x215.jpg 300w, https:\/\/efip.ctu.edu.vn\/web\/wp-content\/uploads\/2020\/10\/800px-Binche_-_Les_Gilles-768x550.jpg 768w, https:\/\/efip.ctu.edu.vn\/web\/wp-content\/uploads\/2020\/10\/800px-Binche_-_Les_Gilles-110x79.jpg 110w, https:\/\/efip.ctu.edu.vn\/web\/wp-content\/uploads\/2020\/10\/800px-Binche_-_Les_Gilles-420x301.jpg 420w, https:\/\/efip.ctu.edu.vn\/web\/wp-content\/uploads\/2020\/10\/800px-Binche_-_Les_Gilles-601x430.jpg 601w\" sizes=\"(max-width: 799px) 100vw, 799px\" \/><figcaption class=\"wp-element-caption\">Le carnaval de Binche est un des plus anciens carnavals de Belgique. <\/figcaption><\/figure>\n\n\n\n<figure class=\"wp-block-image size-large\"><img loading=\"lazy\" decoding=\"async\" width=\"800\" height=\"525\" data-id=\"2232\" src=\"https:\/\/efip.ctu.edu.vn\/web\/wp-content\/uploads\/2020\/10\/800px-Acoz_Fo8JPG.jpg\" alt=\"Les Marches de l'Entre-Sambre-et-Meuse sont un ensemble de marches folkloriques\" class=\"wp-image-2232\" srcset=\"https:\/\/efip.ctu.edu.vn\/web\/wp-content\/uploads\/2020\/10\/800px-Acoz_Fo8JPG.jpg 800w, https:\/\/efip.ctu.edu.vn\/web\/wp-content\/uploads\/2020\/10\/800px-Acoz_Fo8JPG-300x197.jpg 300w, https:\/\/efip.ctu.edu.vn\/web\/wp-content\/uploads\/2020\/10\/800px-Acoz_Fo8JPG-768x504.jpg 768w, https:\/\/efip.ctu.edu.vn\/web\/wp-content\/uploads\/2020\/10\/800px-Acoz_Fo8JPG-110x72.jpg 110w, https:\/\/efip.ctu.edu.vn\/web\/wp-content\/uploads\/2020\/10\/800px-Acoz_Fo8JPG-420x276.jpg 420w, https:\/\/efip.ctu.edu.vn\/web\/wp-content\/uploads\/2020\/10\/800px-Acoz_Fo8JPG-655x430.jpg 655w\" sizes=\"(max-width: 800px) 100vw, 800px\" \/><figcaption class=\"wp-element-caption\">Les Marches de l&#8217;Entre-Sambre-et-Meuse sont un ensemble de marches folkloriques.<\/figcaption><\/figure>\n\n\n\n<figure class=\"wp-block-image size-large\"><img loading=\"lazy\" decoding=\"async\" width=\"737\" height=\"976\" data-id=\"2236\" src=\"https:\/\/efip.ctu.edu.vn\/web\/wp-content\/uploads\/2020\/10\/GoliathGadre.jpg\" alt=\"La ducasse d'Ath est une tradition populaire de la ville d'Ath.\" class=\"wp-image-2236\" srcset=\"https:\/\/efip.ctu.edu.vn\/web\/wp-content\/uploads\/2020\/10\/GoliathGadre.jpg 737w, https:\/\/efip.ctu.edu.vn\/web\/wp-content\/uploads\/2020\/10\/GoliathGadre-227x300.jpg 227w, https:\/\/efip.ctu.edu.vn\/web\/wp-content\/uploads\/2020\/10\/GoliathGadre-83x110.jpg 83w, https:\/\/efip.ctu.edu.vn\/web\/wp-content\/uploads\/2020\/10\/GoliathGadre-317x420.jpg 317w, https:\/\/efip.ctu.edu.vn\/web\/wp-content\/uploads\/2020\/10\/GoliathGadre-325x430.jpg 325w\" sizes=\"(max-width: 737px) 100vw, 737px\" \/><figcaption class=\"wp-element-caption\">La ducasse d&#8217;Ath est une tradition populaire de la ville d&#8217;Ath.<\/figcaption><\/figure>\n\n\n\n<figure class=\"wp-block-image size-large\"><img loading=\"lazy\" decoding=\"async\" width=\"800\" height=\"532\" data-id=\"2235\" src=\"https:\/\/efip.ctu.edu.vn\/web\/wp-content\/uploads\/2020\/10\/DucasMons.jpg\" alt=\"La ducasse de Mons ou Doudou est une f\u00eate locale bas\u00e9e sur des traditions ancestrales.\" class=\"wp-image-2235\" srcset=\"https:\/\/efip.ctu.edu.vn\/web\/wp-content\/uploads\/2020\/10\/DucasMons.jpg 800w, https:\/\/efip.ctu.edu.vn\/web\/wp-content\/uploads\/2020\/10\/DucasMons-300x200.jpg 300w, https:\/\/efip.ctu.edu.vn\/web\/wp-content\/uploads\/2020\/10\/DucasMons-768x511.jpg 768w, https:\/\/efip.ctu.edu.vn\/web\/wp-content\/uploads\/2020\/10\/DucasMons-110x73.jpg 110w, https:\/\/efip.ctu.edu.vn\/web\/wp-content\/uploads\/2020\/10\/DucasMons-420x279.jpg 420w, https:\/\/efip.ctu.edu.vn\/web\/wp-content\/uploads\/2020\/10\/DucasMons-647x430.jpg 647w\" sizes=\"(max-width: 800px) 100vw, 800px\" \/><figcaption class=\"wp-element-caption\">La ducasse de Mons ou Doudou est une f\u00eate locale bas\u00e9e sur des traditions ancestrales.<\/figcaption><\/figure>\n\n\n\n<figure class=\"wp-block-image size-large\"><img loading=\"lazy\" decoding=\"async\" width=\"800\" height=\"532\" data-id=\"2237\" src=\"https:\/\/efip.ctu.edu.vn\/web\/wp-content\/uploads\/2020\/10\/Meybon_800px-JP2018_022.jpg\" alt=\"La plantation du Meyboom, attest\u00e9e depuis 1308, est la plus ancienne tradition bruxelloise.\" class=\"wp-image-2237\" srcset=\"https:\/\/efip.ctu.edu.vn\/web\/wp-content\/uploads\/2020\/10\/Meybon_800px-JP2018_022.jpg 800w, https:\/\/efip.ctu.edu.vn\/web\/wp-content\/uploads\/2020\/10\/Meybon_800px-JP2018_022-300x200.jpg 300w, https:\/\/efip.ctu.edu.vn\/web\/wp-content\/uploads\/2020\/10\/Meybon_800px-JP2018_022-768x511.jpg 768w, https:\/\/efip.ctu.edu.vn\/web\/wp-content\/uploads\/2020\/10\/Meybon_800px-JP2018_022-110x73.jpg 110w, https:\/\/efip.ctu.edu.vn\/web\/wp-content\/uploads\/2020\/10\/Meybon_800px-JP2018_022-420x279.jpg 420w, https:\/\/efip.ctu.edu.vn\/web\/wp-content\/uploads\/2020\/10\/Meybon_800px-JP2018_022-647x430.jpg 647w\" sizes=\"(max-width: 800px) 100vw, 800px\" \/><figcaption class=\"wp-element-caption\">La plantation du Meyboom, attest\u00e9e depuis 1308, est la plus ancienne tradition bruxelloise.<\/figcaption><\/figure>\n\n\n\n<figure class=\"wp-block-image size-large\"><img loading=\"lazy\" decoding=\"async\" width=\"800\" height=\"600\" data-id=\"2234\" src=\"https:\/\/efip.ctu.edu.vn\/web\/wp-content\/uploads\/2020\/10\/800px-Ommegang_Bruselas_2017_ballesteros.jpg\" alt=\"L'Ommegang est un cort\u00e8ge folklorique bruxellois.\" class=\"wp-image-2234\" srcset=\"https:\/\/efip.ctu.edu.vn\/web\/wp-content\/uploads\/2020\/10\/800px-Ommegang_Bruselas_2017_ballesteros.jpg 800w, https:\/\/efip.ctu.edu.vn\/web\/wp-content\/uploads\/2020\/10\/800px-Ommegang_Bruselas_2017_ballesteros-300x225.jpg 300w, https:\/\/efip.ctu.edu.vn\/web\/wp-content\/uploads\/2020\/10\/800px-Ommegang_Bruselas_2017_ballesteros-768x576.jpg 768w, https:\/\/efip.ctu.edu.vn\/web\/wp-content\/uploads\/2020\/10\/800px-Ommegang_Bruselas_2017_ballesteros-110x83.jpg 110w, https:\/\/efip.ctu.edu.vn\/web\/wp-content\/uploads\/2020\/10\/800px-Ommegang_Bruselas_2017_ballesteros-420x315.jpg 420w, https:\/\/efip.ctu.edu.vn\/web\/wp-content\/uploads\/2020\/10\/800px-Ommegang_Bruselas_2017_ballesteros-573x430.jpg 573w\" sizes=\"(max-width: 800px) 100vw, 800px\" \/><figcaption class=\"wp-element-caption\">L&#8217;Ommegang est un cort\u00e8ge folklorique bruxellois.<\/figcaption><\/figure>\n<\/figure>\n\n\n\n<p class=\"wp-block-paragraph\"><strong>Sources : <\/strong><\/p>\n\n\n\n<ul class=\"wp-block-list\">\n<li><a rel=\"noreferrer noopener\" href=\"https:\/\/fr.wikipedia.org\/wiki\/Communaut\u00e9_fran\u00e7aise_de_Belgique\" target=\"_blank\">Wikip\u00e9dia, Communaut\u00e9 fran\u00e7aise de Belgique<\/a>,<\/li>\n\n\n\n<li><a rel=\"noreferrer noopener\" href=\"http:\/\/www.federation-wallonie-bruxelles.be\" target=\"_blank\">Portail officiel de la F\u00e9d\u00e9ration Wallonie-Bruxelles<\/a>.<\/li>\n<\/ul>\n\n\n\n<hr class=\"wp-block-separator has-css-opacity is-style-dots\"\/>\n\n\n\n<p class=\"wp-block-paragraph\"><em>Pour plus d&#8217;informations sur la francophonie : <a rel=\"noreferrer noopener\" href=\"https:\/\/efip.ctu.edu.vn\/web\/la-francophonie\/\" target=\"_blank\">https:\/\/efip.ctu.edu.vn\/web\/la-francophonie\/<\/a>.<\/em><\/p>\n\n\n\n<p class=\"wp-block-paragraph\"><em>Pour d&#8217;autres pays membres de l&#8217;OIF : <a href=\"https:\/\/efip.ctu.edu.vn\/web\/category\/membres-de-loif\/\" target=\"_blank\" rel=\"noreferrer noopener\">https:\/\/efip.ctu.edu.vn\/web\/category\/membres-de-loif\/<\/a>.<\/em><\/p>\n","protected":false},"excerpt":{"rendered":"<p>Nom : F\u00e9d\u00e9ration Wallonie-Bruxelles depuis 2011, aussi appel\u00e9e Communaut\u00e9 fran\u00e7aise de Belgique. Statut \u00e0 l&#8217;OIF : Membre depuis 1980. Situation &hellip; <br \/><a href=\"https:\/\/efip.ctu.edu.vn\/web\/wallonie-bruxelles-federation\/\" class=\"more-link\">Continue reading <span class=\"screen-reader-text\">Wallonie-Bruxelles (F\u00e9d\u00e9ration)<\/span><\/a><\/p>\n","protected":false},"author":3,"featured_media":2228,"comment_status":"open","ping_status":"open","sticky":false,"template":"","format":"standard","meta":{"footnotes":""},"categories":[275],"tags":[278,277],"class_list":["post-2227","post","type-post","status-publish","format-standard","has-post-thumbnail","hentry","category-membres-de-loif","tag-communaute-francaise-de-belgique","tag-wallonie-bruxelles"],"yoast_head":"<!-- This site is optimized with the Yoast SEO plugin v25.0 - https:\/\/yoast.com\/wordpress\/plugins\/seo\/ -->\n<title>Wallonie Bruxelles - Membres et Observateurs de l&#039;OIF - EFIP<\/title>\n<meta name=\"description\" content=\"La f\u00e9d\u00e9ration Wallonie-Bruxelles est membre de l&#039;OIF depuis 1980. Elle regroupe pr\u00e8s de 4,6 millions de francophones au sein de la Belgique.\" \/>\n<meta name=\"robots\" content=\"index, follow, max-snippet:-1, max-image-preview:large, max-video-preview:-1\" \/>\n<link rel=\"canonical\" href=\"https:\/\/efip.ctu.edu.vn\/web\/wallonie-bruxelles-federation\/\" \/>\n<meta property=\"og:locale\" content=\"en_US\" \/>\n<meta property=\"og:type\" content=\"article\" \/>\n<meta property=\"og:title\" content=\"Wallonie Bruxelles - Membres et Observateurs de l&#039;OIF - EFIP\" \/>\n<meta property=\"og:description\" content=\"La f\u00e9d\u00e9ration Wallonie-Bruxelles est membre de l&#039;OIF depuis 1980. Elle regroupe pr\u00e8s de 4,6 millions de francophones au sein de la Belgique.\" \/>\n<meta property=\"og:url\" content=\"https:\/\/efip.ctu.edu.vn\/web\/wallonie-bruxelles-federation\/\" \/>\n<meta property=\"og:site_name\" content=\"EFIP\" \/>\n<meta property=\"article:publisher\" content=\"https:\/\/www.facebook.com\/efipCanTho\" \/>\n<meta property=\"article:published_time\" content=\"2020-10-17T00:00:00+00:00\" \/>\n<meta property=\"article:modified_time\" content=\"2022-12-14T02:14:33+00:00\" \/>\n<meta property=\"og:image\" content=\"https:\/\/efip.ctu.edu.vn\/web\/wp-content\/uploads\/2020\/10\/800px-Flag_of_Wallonia.svg_.png\" \/>\n\t<meta property=\"og:image:width\" content=\"800\" \/>\n\t<meta property=\"og:image:height\" content=\"533\" \/>\n\t<meta property=\"og:image:type\" content=\"image\/png\" \/>\n<meta name=\"twitter:card\" content=\"summary_large_image\" \/>\n<meta name=\"twitter:label1\" content=\"Written by\" \/>\n\t<meta name=\"twitter:data1\" content=\"\" \/>\n\t<meta name=\"twitter:label2\" content=\"Est. reading time\" \/>\n\t<meta name=\"twitter:data2\" content=\"4 minutes\" \/>\n<script type=\"application\/ld+json\" class=\"yoast-schema-graph\">{\"@context\":\"https:\/\/schema.org\",\"@graph\":[{\"@type\":\"Article\",\"@id\":\"https:\/\/efip.ctu.edu.vn\/web\/wallonie-bruxelles-federation\/#article\",\"isPartOf\":{\"@id\":\"https:\/\/efip.ctu.edu.vn\/web\/wallonie-bruxelles-federation\/\"},\"author\":{\"name\":\"\",\"@id\":\"\"},\"headline\":\"Wallonie-Bruxelles (F\u00e9d\u00e9ration)\",\"datePublished\":\"2020-10-17T00:00:00+00:00\",\"dateModified\":\"2022-12-14T02:14:33+00:00\",\"mainEntityOfPage\":{\"@id\":\"https:\/\/efip.ctu.edu.vn\/web\/wallonie-bruxelles-federation\/\"},\"wordCount\":331,\"commentCount\":0,\"publisher\":{\"@id\":\"https:\/\/efip.ctu.edu.vn\/web\/#organization\"},\"image\":{\"@id\":\"https:\/\/efip.ctu.edu.vn\/web\/wallonie-bruxelles-federation\/#primaryimage\"},\"thumbnailUrl\":\"https:\/\/efip.ctu.edu.vn\/web\/wp-content\/uploads\/2020\/10\/800px-Flag_of_Wallonia.svg_.png\",\"keywords\":[\"Communaut\u00e9 fran\u00e7aise de Belgique\",\"Wallonie-Bruxelles\"],\"articleSection\":[\"Membres et observateurs de l'OIF\"],\"inLanguage\":\"en-US\",\"potentialAction\":[{\"@type\":\"CommentAction\",\"name\":\"Comment\",\"target\":[\"https:\/\/efip.ctu.edu.vn\/web\/wallonie-bruxelles-federation\/#respond\"]}]},{\"@type\":\"WebPage\",\"@id\":\"https:\/\/efip.ctu.edu.vn\/web\/wallonie-bruxelles-federation\/\",\"url\":\"https:\/\/efip.ctu.edu.vn\/web\/wallonie-bruxelles-federation\/\",\"name\":\"Wallonie Bruxelles - Membres et Observateurs de l'OIF - EFIP\",\"isPartOf\":{\"@id\":\"https:\/\/efip.ctu.edu.vn\/web\/#website\"},\"primaryImageOfPage\":{\"@id\":\"https:\/\/efip.ctu.edu.vn\/web\/wallonie-bruxelles-federation\/#primaryimage\"},\"image\":{\"@id\":\"https:\/\/efip.ctu.edu.vn\/web\/wallonie-bruxelles-federation\/#primaryimage\"},\"thumbnailUrl\":\"https:\/\/efip.ctu.edu.vn\/web\/wp-content\/uploads\/2020\/10\/800px-Flag_of_Wallonia.svg_.png\",\"datePublished\":\"2020-10-17T00:00:00+00:00\",\"dateModified\":\"2022-12-14T02:14:33+00:00\",\"description\":\"La f\u00e9d\u00e9ration Wallonie-Bruxelles est membre de l'OIF depuis 1980. Elle regroupe pr\u00e8s de 4,6 millions de francophones au sein de la Belgique.\",\"breadcrumb\":{\"@id\":\"https:\/\/efip.ctu.edu.vn\/web\/wallonie-bruxelles-federation\/#breadcrumb\"},\"inLanguage\":\"en-US\",\"potentialAction\":[{\"@type\":\"ReadAction\",\"target\":[\"https:\/\/efip.ctu.edu.vn\/web\/wallonie-bruxelles-federation\/\"]}]},{\"@type\":\"ImageObject\",\"inLanguage\":\"en-US\",\"@id\":\"https:\/\/efip.ctu.edu.vn\/web\/wallonie-bruxelles-federation\/#primaryimage\",\"url\":\"https:\/\/efip.ctu.edu.vn\/web\/wp-content\/uploads\/2020\/10\/800px-Flag_of_Wallonia.svg_.png\",\"contentUrl\":\"https:\/\/efip.ctu.edu.vn\/web\/wp-content\/uploads\/2020\/10\/800px-Flag_of_Wallonia.svg_.png\",\"width\":800,\"height\":533,\"caption\":\"Drapeau historique de la f\u00e9d\u00e9ration Wallonie-Bruxelles\"},{\"@type\":\"BreadcrumbList\",\"@id\":\"https:\/\/efip.ctu.edu.vn\/web\/wallonie-bruxelles-federation\/#breadcrumb\",\"itemListElement\":[{\"@type\":\"ListItem\",\"position\":1,\"name\":\"Accueil\",\"item\":\"https:\/\/efip.ctu.edu.vn\/web\/\"},{\"@type\":\"ListItem\",\"position\":2,\"name\":\"Wallonie-Bruxelles (F\u00e9d\u00e9ration)\"}]},{\"@type\":\"WebSite\",\"@id\":\"https:\/\/efip.ctu.edu.vn\/web\/#website\",\"url\":\"https:\/\/efip.ctu.edu.vn\/web\/\",\"name\":\"EFIP de Can Tho\",\"description\":\"Espace Francophone d&#039;Innovation et de Partenariat\",\"publisher\":{\"@id\":\"https:\/\/efip.ctu.edu.vn\/web\/#organization\"},\"potentialAction\":[{\"@type\":\"SearchAction\",\"target\":{\"@type\":\"EntryPoint\",\"urlTemplate\":\"https:\/\/efip.ctu.edu.vn\/web\/?s={search_term_string}\"},\"query-input\":{\"@type\":\"PropertyValueSpecification\",\"valueRequired\":true,\"valueName\":\"search_term_string\"}}],\"inLanguage\":\"en-US\"},{\"@type\":\"Organization\",\"@id\":\"https:\/\/efip.ctu.edu.vn\/web\/#organization\",\"name\":\"EFIP\",\"url\":\"https:\/\/efip.ctu.edu.vn\/web\/\",\"logo\":{\"@type\":\"ImageObject\",\"inLanguage\":\"en-US\",\"@id\":\"https:\/\/efip.ctu.edu.vn\/web\/#\/schema\/logo\/image\/\",\"url\":\"https:\/\/efip.ctu.edu.vn\/web\/wp-content\/uploads\/2025\/05\/efip2-150x89-1.jpg\",\"contentUrl\":\"https:\/\/efip.ctu.edu.vn\/web\/wp-content\/uploads\/2025\/05\/efip2-150x89-1.jpg\",\"width\":150,\"height\":89,\"caption\":\"EFIP\"},\"image\":{\"@id\":\"https:\/\/efip.ctu.edu.vn\/web\/#\/schema\/logo\/image\/\"},\"sameAs\":[\"https:\/\/www.facebook.com\/efipCanTho\"]},{\"@type\":\"Person\",\"@id\":\"\",\"url\":\"https:\/\/efip.ctu.edu.vn\/web\/author\/\"}]}<\/script>\n<!-- \/ Yoast SEO plugin. -->","yoast_head_json":{"title":"Wallonie Bruxelles - Membres et Observateurs de l'OIF - EFIP","description":"La f\u00e9d\u00e9ration Wallonie-Bruxelles est membre de l'OIF depuis 1980. Elle regroupe pr\u00e8s de 4,6 millions de francophones au sein de la Belgique.","robots":{"index":"index","follow":"follow","max-snippet":"max-snippet:-1","max-image-preview":"max-image-preview:large","max-video-preview":"max-video-preview:-1"},"canonical":"https:\/\/efip.ctu.edu.vn\/web\/wallonie-bruxelles-federation\/","og_locale":"en_US","og_type":"article","og_title":"Wallonie Bruxelles - Membres et Observateurs de l'OIF - EFIP","og_description":"La f\u00e9d\u00e9ration Wallonie-Bruxelles est membre de l'OIF depuis 1980. Elle regroupe pr\u00e8s de 4,6 millions de francophones au sein de la Belgique.","og_url":"https:\/\/efip.ctu.edu.vn\/web\/wallonie-bruxelles-federation\/","og_site_name":"EFIP","article_publisher":"https:\/\/www.facebook.com\/efipCanTho","article_published_time":"2020-10-17T00:00:00+00:00","article_modified_time":"2022-12-14T02:14:33+00:00","og_image":[{"width":800,"height":533,"url":"https:\/\/efip.ctu.edu.vn\/web\/wp-content\/uploads\/2020\/10\/800px-Flag_of_Wallonia.svg_.png","type":"image\/png"}],"twitter_card":"summary_large_image","twitter_misc":{"Written by":"","Est. reading time":"4 minutes"},"schema":{"@context":"https:\/\/schema.org","@graph":[{"@type":"Article","@id":"https:\/\/efip.ctu.edu.vn\/web\/wallonie-bruxelles-federation\/#article","isPartOf":{"@id":"https:\/\/efip.ctu.edu.vn\/web\/wallonie-bruxelles-federation\/"},"author":{"name":"","@id":""},"headline":"Wallonie-Bruxelles (F\u00e9d\u00e9ration)","datePublished":"2020-10-17T00:00:00+00:00","dateModified":"2022-12-14T02:14:33+00:00","mainEntityOfPage":{"@id":"https:\/\/efip.ctu.edu.vn\/web\/wallonie-bruxelles-federation\/"},"wordCount":331,"commentCount":0,"publisher":{"@id":"https:\/\/efip.ctu.edu.vn\/web\/#organization"},"image":{"@id":"https:\/\/efip.ctu.edu.vn\/web\/wallonie-bruxelles-federation\/#primaryimage"},"thumbnailUrl":"https:\/\/efip.ctu.edu.vn\/web\/wp-content\/uploads\/2020\/10\/800px-Flag_of_Wallonia.svg_.png","keywords":["Communaut\u00e9 fran\u00e7aise de Belgique","Wallonie-Bruxelles"],"articleSection":["Membres et observateurs de l'OIF"],"inLanguage":"en-US","potentialAction":[{"@type":"CommentAction","name":"Comment","target":["https:\/\/efip.ctu.edu.vn\/web\/wallonie-bruxelles-federation\/#respond"]}]},{"@type":"WebPage","@id":"https:\/\/efip.ctu.edu.vn\/web\/wallonie-bruxelles-federation\/","url":"https:\/\/efip.ctu.edu.vn\/web\/wallonie-bruxelles-federation\/","name":"Wallonie Bruxelles - Membres et Observateurs de l'OIF - EFIP","isPartOf":{"@id":"https:\/\/efip.ctu.edu.vn\/web\/#website"},"primaryImageOfPage":{"@id":"https:\/\/efip.ctu.edu.vn\/web\/wallonie-bruxelles-federation\/#primaryimage"},"image":{"@id":"https:\/\/efip.ctu.edu.vn\/web\/wallonie-bruxelles-federation\/#primaryimage"},"thumbnailUrl":"https:\/\/efip.ctu.edu.vn\/web\/wp-content\/uploads\/2020\/10\/800px-Flag_of_Wallonia.svg_.png","datePublished":"2020-10-17T00:00:00+00:00","dateModified":"2022-12-14T02:14:33+00:00","description":"La f\u00e9d\u00e9ration Wallonie-Bruxelles est membre de l'OIF depuis 1980. Elle regroupe pr\u00e8s de 4,6 millions de francophones au sein de la Belgique.","breadcrumb":{"@id":"https:\/\/efip.ctu.edu.vn\/web\/wallonie-bruxelles-federation\/#breadcrumb"},"inLanguage":"en-US","potentialAction":[{"@type":"ReadAction","target":["https:\/\/efip.ctu.edu.vn\/web\/wallonie-bruxelles-federation\/"]}]},{"@type":"ImageObject","inLanguage":"en-US","@id":"https:\/\/efip.ctu.edu.vn\/web\/wallonie-bruxelles-federation\/#primaryimage","url":"https:\/\/efip.ctu.edu.vn\/web\/wp-content\/uploads\/2020\/10\/800px-Flag_of_Wallonia.svg_.png","contentUrl":"https:\/\/efip.ctu.edu.vn\/web\/wp-content\/uploads\/2020\/10\/800px-Flag_of_Wallonia.svg_.png","width":800,"height":533,"caption":"Drapeau historique de la f\u00e9d\u00e9ration Wallonie-Bruxelles"},{"@type":"BreadcrumbList","@id":"https:\/\/efip.ctu.edu.vn\/web\/wallonie-bruxelles-federation\/#breadcrumb","itemListElement":[{"@type":"ListItem","position":1,"name":"Accueil","item":"https:\/\/efip.ctu.edu.vn\/web\/"},{"@type":"ListItem","position":2,"name":"Wallonie-Bruxelles (F\u00e9d\u00e9ration)"}]},{"@type":"WebSite","@id":"https:\/\/efip.ctu.edu.vn\/web\/#website","url":"https:\/\/efip.ctu.edu.vn\/web\/","name":"EFIP de Can Tho","description":"Espace Francophone d&#039;Innovation et de Partenariat","publisher":{"@id":"https:\/\/efip.ctu.edu.vn\/web\/#organization"},"potentialAction":[{"@type":"SearchAction","target":{"@type":"EntryPoint","urlTemplate":"https:\/\/efip.ctu.edu.vn\/web\/?s={search_term_string}"},"query-input":{"@type":"PropertyValueSpecification","valueRequired":true,"valueName":"search_term_string"}}],"inLanguage":"en-US"},{"@type":"Organization","@id":"https:\/\/efip.ctu.edu.vn\/web\/#organization","name":"EFIP","url":"https:\/\/efip.ctu.edu.vn\/web\/","logo":{"@type":"ImageObject","inLanguage":"en-US","@id":"https:\/\/efip.ctu.edu.vn\/web\/#\/schema\/logo\/image\/","url":"https:\/\/efip.ctu.edu.vn\/web\/wp-content\/uploads\/2025\/05\/efip2-150x89-1.jpg","contentUrl":"https:\/\/efip.ctu.edu.vn\/web\/wp-content\/uploads\/2025\/05\/efip2-150x89-1.jpg","width":150,"height":89,"caption":"EFIP"},"image":{"@id":"https:\/\/efip.ctu.edu.vn\/web\/#\/schema\/logo\/image\/"},"sameAs":["https:\/\/www.facebook.com\/efipCanTho"]},{"@type":"Person","@id":"","url":"https:\/\/efip.ctu.edu.vn\/web\/author\/"}]}},"_links":{"self":[{"href":"https:\/\/efip.ctu.edu.vn\/web\/wp-json\/wp\/v2\/posts\/2227","targetHints":{"allow":["GET"]}}],"collection":[{"href":"https:\/\/efip.ctu.edu.vn\/web\/wp-json\/wp\/v2\/posts"}],"about":[{"href":"https:\/\/efip.ctu.edu.vn\/web\/wp-json\/wp\/v2\/types\/post"}],"author":[{"embeddable":true,"href":"https:\/\/efip.ctu.edu.vn\/web\/wp-json\/wp\/v2\/users\/3"}],"replies":[{"embeddable":true,"href":"https:\/\/efip.ctu.edu.vn\/web\/wp-json\/wp\/v2\/comments?post=2227"}],"version-history":[{"count":6,"href":"https:\/\/efip.ctu.edu.vn\/web\/wp-json\/wp\/v2\/posts\/2227\/revisions"}],"predecessor-version":[{"id":3764,"href":"https:\/\/efip.ctu.edu.vn\/web\/wp-json\/wp\/v2\/posts\/2227\/revisions\/3764"}],"wp:featuredmedia":[{"embeddable":true,"href":"https:\/\/efip.ctu.edu.vn\/web\/wp-json\/wp\/v2\/media\/2228"}],"wp:attachment":[{"href":"https:\/\/efip.ctu.edu.vn\/web\/wp-json\/wp\/v2\/media?parent=2227"}],"wp:term":[{"taxonomy":"category","embeddable":true,"href":"https:\/\/efip.ctu.edu.vn\/web\/wp-json\/wp\/v2\/categories?post=2227"},{"taxonomy":"post_tag","embeddable":true,"href":"https:\/\/efip.ctu.edu.vn\/web\/wp-json\/wp\/v2\/tags?post=2227"}],"curies":[{"name":"wp","href":"https:\/\/api.w.org\/{rel}","templated":true}]}}