{"id":2114,"date":"2020-09-14T07:00:00","date_gmt":"2020-09-14T00:00:00","guid":{"rendered":"https:\/\/efip.ctu.edu.vn\/web\/?p=2114"},"modified":"2020-09-09T10:07:06","modified_gmt":"2020-09-09T03:07:06","slug":"courez-pour-les-orphelins-avec-the-lakes-race","status":"publish","type":"post","link":"https:\/\/efip.ctu.edu.vn\/web\/courez-pour-les-orphelins-avec-the-lakes-race\/","title":{"rendered":"Courez pour les orphelins avec The Lakes Race"},"content":{"rendered":"\n<div class=\"wp-block-image is-style-default\"><figure class=\"aligncenter size-large\"><img decoding=\"async\" width=\"195\" height=\"188\" src=\"https:\/\/efip.ctu.edu.vn\/web\/wp-content\/uploads\/2020\/09\/LogoTheLakesRace.png\" alt=\"Logo The Lakes Race\" class=\"wp-image-2115\" srcset=\"https:\/\/efip.ctu.edu.vn\/web\/wp-content\/uploads\/2020\/09\/LogoTheLakesRace.png 195w, https:\/\/efip.ctu.edu.vn\/web\/wp-content\/uploads\/2020\/09\/LogoTheLakesRace-110x106.png 110w\" sizes=\"(max-width: 195px) 100vw, 195px\" \/><\/figure><\/div>\n\n\n\n<p><em>Pour la troisi\u00e8me ann\u00e9e cons\u00e9cutive, une course sera organis\u00e9e le dimanche 11 octobre 2020 \u00e0 Ho Chi Minh ville dans le but d&#8217;aider des orphelins de la r\u00e9gion. Courez pour les orphelins avec The Lakes Race !<\/em><\/p>\n\n\n\n<h4 class=\"has-vivid-cyan-blue-color has-text-color wp-block-heading\">Le concept<\/h4>\n\n\n\n<p>Cette course unique allie course sur route et course sur chemin de terre (trail). Elle se veut festive et familiale mais reste une vraie comp\u00e9tition gr\u00e2ce \u00e0 la participation de coureurs exp\u00e9riment\u00e9s. Elle respecte aussi l&#8221;environnement. Tous les participants profiteront du village de course o\u00f9 sont notamment pr\u00e9vues des animations pour les enfants !<\/p>\n\n\n\n<p>Organis\u00e9e \u00e0 30 minutes de Saigon sur le plus grand campus du Vietnam, les coureurs pourront d\u00e9couvrir les cinq lacs de H\u1ed3 \u0110\u00e1. Nul n&#8217;est laiss\u00e9 de c\u00f4t\u00e9 puisque les diff\u00e9rentes distances permettent \u00e0 tout le monde de participer que vous ayez seulement 1 an ou 65 ans !<\/p>\n\n\n\n<h4 class=\"has-vivid-green-cyan-color has-text-color wp-block-heading\">Les objectifs de cette course caritative<\/h4>\n\n\n\n<p>Les objectifs sont doubles. Tout d&#8217;abord l&#8217;argent r\u00e9colt\u00e9 via les inscriptions permettront d&#8217;offrir un Kit de course (un sac \u00e0 doc contenant un tee-shirt, des g\u00e2teaux, une compote de fruits Fruit Me Up, un certificat de participation, une bouteille de Pocari Sweat, etc)  aux 200 orphelins invit\u00e9s \u00e0 participer \u00e0 la comp\u00e9tition cette ann\u00e9e, ainsi que des chaussures de course et chaussettes. L&#8217;autre objectif est de changer la vie de ces jeunes en leur faisant d\u00e9couvrir l&#8217;ampleur de leurs capacit\u00e9s physiques, en les impliquant dans des \u00e9v\u00e8nements sociaux et en leur donnant ainsi confiance en eux.<\/p>\n\n\n\n<figure class=\"wp-block-embed-youtube aligncenter wp-block-embed is-type-video is-provider-youtube wp-embed-aspect-16-9 wp-has-aspect-ratio\"><div class=\"wp-block-embed__wrapper\">\n<iframe title=\"Teaser 2020\" width=\"660\" height=\"371\" src=\"https:\/\/www.youtube.com\/embed\/T2EpJ33GklM?feature=oembed\" frameborder=\"0\" allow=\"accelerometer; autoplay; clipboard-write; encrypted-media; gyroscope; picture-in-picture; web-share\" referrerpolicy=\"strict-origin-when-cross-origin\" allowfullscreen><\/iframe>\n<\/div><figcaption><em>Courez pour les orphelins avec The Lakes Race<\/em> !<\/figcaption><\/figure>\n\n\n\n<p><\/p>\n\n\n\n<h4 class=\"has-vivid-cyan-blue-color has-text-color wp-block-heading\">Comment participer ?<\/h4>\n\n\n\n<p>C&#8217;est tr\u00e8s simple ! Vous pouvez participer en individuel ou en \u00e9quipe (5 personnes maximum), dans diff\u00e9rentes cat\u00e9gories :<\/p>\n\n\n\n<ul class=\"wp-block-list\"><li>B\u00e9b\u00e9 : une course de 600 m pour les jeunes enfants de 1 \u00e0 5 ans;<\/li><li>Enfant : une course de 1,5 km pour les enfants de 6 \u00e0 11 ans;<\/li><li>Enfant 2 : une course de 2,5 km pour les enfants de 12 \u00e0 15 ans;<\/li><li>5 km : une course de 5 km;<\/li><li>10 km : une course de 10 km;<\/li><li>15 km : une course de 15 km.<\/li><\/ul>\n\n\n\n<p><\/p>\n\n\n\n<p><strong>Pour plus d&#8217;informations et pour s&#8217;inscrire : <a href=\"https:\/\/www.thelakesrace.com\" target=\"_blank\" rel=\"noreferrer noopener\">https:\/\/www.thelakesrace.com<\/a><\/strong><\/p>\n","protected":false},"excerpt":{"rendered":"<p>Pour la troisi\u00e8me ann\u00e9e cons\u00e9cutive, une course sera organis\u00e9e le dimanche 11 octobre 2020 \u00e0 Ho Chi Minh ville dans &hellip; <br \/><a href=\"https:\/\/efip.ctu.edu.vn\/web\/courez-pour-les-orphelins-avec-the-lakes-race\/\" class=\"more-link\">Continue reading <span class=\"screen-reader-text\">Courez pour les orphelins avec The Lakes Race<\/span><\/a><\/p>\n","protected":false},"author":3,"featured_media":2115,"comment_status":"open","ping_status":"open","sticky":false,"template":"","format":"standard","meta":{"footnotes":""},"categories":[8,57],"tags":[],"class_list":["post-2114","post","type-post","status-publish","format-standard","has-post-thumbnail","hentry","category-actualites-de-la-francophonie","category-divers"],"yoast_head":"<!-- This site is optimized with the Yoast SEO plugin v25.0 - https:\/\/yoast.com\/wordpress\/plugins\/seo\/ -->\n<title>Courez pour les orphelins avec The Lakes Race - EFIP<\/title>\n<meta name=\"description\" content=\"Courez pour les orphelins avec The Lakes Race le 11 octobre 2020. Participez \u00e0 cette course caritative en faveur des enfants d\u00e9favoris\u00e9s !\" \/>\n<meta name=\"robots\" content=\"index, follow, max-snippet:-1, max-image-preview:large, max-video-preview:-1\" \/>\n<link rel=\"canonical\" href=\"https:\/\/efip.ctu.edu.vn\/web\/courez-pour-les-orphelins-avec-the-lakes-race\/\" \/>\n<meta property=\"og:locale\" content=\"en_US\" \/>\n<meta property=\"og:type\" content=\"article\" \/>\n<meta property=\"og:title\" content=\"Courez pour les orphelins avec The Lakes Race - EFIP\" \/>\n<meta property=\"og:description\" content=\"Courez pour les orphelins avec The Lakes Race le 11 octobre 2020. Participez \u00e0 cette course caritative en faveur des enfants d\u00e9favoris\u00e9s !\" \/>\n<meta property=\"og:url\" content=\"https:\/\/efip.ctu.edu.vn\/web\/courez-pour-les-orphelins-avec-the-lakes-race\/\" \/>\n<meta property=\"og:site_name\" content=\"EFIP\" \/>\n<meta property=\"article:publisher\" content=\"https:\/\/www.facebook.com\/efipCanTho\" \/>\n<meta property=\"article:published_time\" content=\"2020-09-14T00:00:00+00:00\" \/>\n<meta property=\"og:image\" content=\"https:\/\/efip.ctu.edu.vn\/web\/wp-content\/uploads\/2020\/09\/LogoTheLakesRace.png\" \/>\n\t<meta property=\"og:image:width\" content=\"195\" \/>\n\t<meta property=\"og:image:height\" content=\"188\" \/>\n\t<meta property=\"og:image:type\" content=\"image\/png\" \/>\n<meta name=\"author\" content=\"Emilie\" \/>\n<meta name=\"twitter:card\" content=\"summary_large_image\" \/>\n<meta name=\"twitter:label1\" content=\"Written by\" \/>\n\t<meta name=\"twitter:data1\" content=\"Emilie\" \/>\n\t<meta name=\"twitter:label2\" content=\"Est. reading time\" \/>\n\t<meta name=\"twitter:data2\" content=\"2 minutes\" \/>\n<script type=\"application\/ld+json\" class=\"yoast-schema-graph\">{\"@context\":\"https:\/\/schema.org\",\"@graph\":[{\"@type\":\"Article\",\"@id\":\"https:\/\/efip.ctu.edu.vn\/web\/courez-pour-les-orphelins-avec-the-lakes-race\/#article\",\"isPartOf\":{\"@id\":\"https:\/\/efip.ctu.edu.vn\/web\/courez-pour-les-orphelins-avec-the-lakes-race\/\"},\"author\":{\"name\":\"Emilie\",\"@id\":\"https:\/\/efip.ctu.edu.vn\/web\/#\/schema\/person\/53dc596cb2d0db2aa914c8a122a41e62\"},\"headline\":\"Courez pour les orphelins avec The Lakes Race\",\"datePublished\":\"2020-09-14T00:00:00+00:00\",\"mainEntityOfPage\":{\"@id\":\"https:\/\/efip.ctu.edu.vn\/web\/courez-pour-les-orphelins-avec-the-lakes-race\/\"},\"wordCount\":349,\"commentCount\":0,\"publisher\":{\"@id\":\"https:\/\/efip.ctu.edu.vn\/web\/#organization\"},\"image\":{\"@id\":\"https:\/\/efip.ctu.edu.vn\/web\/courez-pour-les-orphelins-avec-the-lakes-race\/#primaryimage\"},\"thumbnailUrl\":\"https:\/\/efip.ctu.edu.vn\/web\/wp-content\/uploads\/2020\/09\/LogoTheLakesRace.png\",\"articleSection\":[\"Actualit\u00e9s de la Francophonie\",\"Divers\"],\"inLanguage\":\"en-US\",\"potentialAction\":[{\"@type\":\"CommentAction\",\"name\":\"Comment\",\"target\":[\"https:\/\/efip.ctu.edu.vn\/web\/courez-pour-les-orphelins-avec-the-lakes-race\/#respond\"]}]},{\"@type\":\"WebPage\",\"@id\":\"https:\/\/efip.ctu.edu.vn\/web\/courez-pour-les-orphelins-avec-the-lakes-race\/\",\"url\":\"https:\/\/efip.ctu.edu.vn\/web\/courez-pour-les-orphelins-avec-the-lakes-race\/\",\"name\":\"Courez pour les orphelins avec The Lakes Race - EFIP\",\"isPartOf\":{\"@id\":\"https:\/\/efip.ctu.edu.vn\/web\/#website\"},\"primaryImageOfPage\":{\"@id\":\"https:\/\/efip.ctu.edu.vn\/web\/courez-pour-les-orphelins-avec-the-lakes-race\/#primaryimage\"},\"image\":{\"@id\":\"https:\/\/efip.ctu.edu.vn\/web\/courez-pour-les-orphelins-avec-the-lakes-race\/#primaryimage\"},\"thumbnailUrl\":\"https:\/\/efip.ctu.edu.vn\/web\/wp-content\/uploads\/2020\/09\/LogoTheLakesRace.png\",\"datePublished\":\"2020-09-14T00:00:00+00:00\",\"description\":\"Courez pour les orphelins avec The Lakes Race le 11 octobre 2020. Participez \u00e0 cette course caritative en faveur des enfants d\u00e9favoris\u00e9s !\",\"breadcrumb\":{\"@id\":\"https:\/\/efip.ctu.edu.vn\/web\/courez-pour-les-orphelins-avec-the-lakes-race\/#breadcrumb\"},\"inLanguage\":\"en-US\",\"potentialAction\":[{\"@type\":\"ReadAction\",\"target\":[\"https:\/\/efip.ctu.edu.vn\/web\/courez-pour-les-orphelins-avec-the-lakes-race\/\"]}]},{\"@type\":\"ImageObject\",\"inLanguage\":\"en-US\",\"@id\":\"https:\/\/efip.ctu.edu.vn\/web\/courez-pour-les-orphelins-avec-the-lakes-race\/#primaryimage\",\"url\":\"https:\/\/efip.ctu.edu.vn\/web\/wp-content\/uploads\/2020\/09\/LogoTheLakesRace.png\",\"contentUrl\":\"https:\/\/efip.ctu.edu.vn\/web\/wp-content\/uploads\/2020\/09\/LogoTheLakesRace.png\",\"width\":195,\"height\":188,\"caption\":\"Logo The Lakes Race\"},{\"@type\":\"BreadcrumbList\",\"@id\":\"https:\/\/efip.ctu.edu.vn\/web\/courez-pour-les-orphelins-avec-the-lakes-race\/#breadcrumb\",\"itemListElement\":[{\"@type\":\"ListItem\",\"position\":1,\"name\":\"Accueil\",\"item\":\"https:\/\/efip.ctu.edu.vn\/web\/\"},{\"@type\":\"ListItem\",\"position\":2,\"name\":\"Courez pour les orphelins avec The Lakes Race\"}]},{\"@type\":\"WebSite\",\"@id\":\"https:\/\/efip.ctu.edu.vn\/web\/#website\",\"url\":\"https:\/\/efip.ctu.edu.vn\/web\/\",\"name\":\"EFIP de Can Tho\",\"description\":\"Espace Francophone d&#039;Innovation et de Partenariat\",\"publisher\":{\"@id\":\"https:\/\/efip.ctu.edu.vn\/web\/#organization\"},\"potentialAction\":[{\"@type\":\"SearchAction\",\"target\":{\"@type\":\"EntryPoint\",\"urlTemplate\":\"https:\/\/efip.ctu.edu.vn\/web\/?s={search_term_string}\"},\"query-input\":{\"@type\":\"PropertyValueSpecification\",\"valueRequired\":true,\"valueName\":\"search_term_string\"}}],\"inLanguage\":\"en-US\"},{\"@type\":\"Organization\",\"@id\":\"https:\/\/efip.ctu.edu.vn\/web\/#organization\",\"name\":\"EFIP\",\"url\":\"https:\/\/efip.ctu.edu.vn\/web\/\",\"logo\":{\"@type\":\"ImageObject\",\"inLanguage\":\"en-US\",\"@id\":\"https:\/\/efip.ctu.edu.vn\/web\/#\/schema\/logo\/image\/\",\"url\":\"https:\/\/efip.ctu.edu.vn\/web\/wp-content\/uploads\/2025\/05\/efip2-150x89-1.jpg\",\"contentUrl\":\"https:\/\/efip.ctu.edu.vn\/web\/wp-content\/uploads\/2025\/05\/efip2-150x89-1.jpg\",\"width\":150,\"height\":89,\"caption\":\"EFIP\"},\"image\":{\"@id\":\"https:\/\/efip.ctu.edu.vn\/web\/#\/schema\/logo\/image\/\"},\"sameAs\":[\"https:\/\/www.facebook.com\/efipCanTho\"]},{\"@type\":\"Person\",\"@id\":\"https:\/\/efip.ctu.edu.vn\/web\/#\/schema\/person\/53dc596cb2d0db2aa914c8a122a41e62\",\"name\":\"Emilie\",\"image\":{\"@type\":\"ImageObject\",\"inLanguage\":\"en-US\",\"@id\":\"https:\/\/efip.ctu.edu.vn\/web\/#\/schema\/person\/image\/\",\"url\":\"https:\/\/secure.gravatar.com\/avatar\/6a0fb05561be2eb61d5a590bc8bec4352d8fc07271158e66cac145fdb0f3d5ad?s=96&d=mm&r=g\",\"contentUrl\":\"https:\/\/secure.gravatar.com\/avatar\/6a0fb05561be2eb61d5a590bc8bec4352d8fc07271158e66cac145fdb0f3d5ad?s=96&d=mm&r=g\",\"caption\":\"Emilie\"},\"url\":\"https:\/\/efip.ctu.edu.vn\/web\/author\/emilie\/\"}]}<\/script>\n<!-- \/ Yoast SEO plugin. -->","yoast_head_json":{"title":"Courez pour les orphelins avec The Lakes Race - EFIP","description":"Courez pour les orphelins avec The Lakes Race le 11 octobre 2020. Participez \u00e0 cette course caritative en faveur des enfants d\u00e9favoris\u00e9s !","robots":{"index":"index","follow":"follow","max-snippet":"max-snippet:-1","max-image-preview":"max-image-preview:large","max-video-preview":"max-video-preview:-1"},"canonical":"https:\/\/efip.ctu.edu.vn\/web\/courez-pour-les-orphelins-avec-the-lakes-race\/","og_locale":"en_US","og_type":"article","og_title":"Courez pour les orphelins avec The Lakes Race - EFIP","og_description":"Courez pour les orphelins avec The Lakes Race le 11 octobre 2020. Participez \u00e0 cette course caritative en faveur des enfants d\u00e9favoris\u00e9s !","og_url":"https:\/\/efip.ctu.edu.vn\/web\/courez-pour-les-orphelins-avec-the-lakes-race\/","og_site_name":"EFIP","article_publisher":"https:\/\/www.facebook.com\/efipCanTho","article_published_time":"2020-09-14T00:00:00+00:00","og_image":[{"width":195,"height":188,"url":"https:\/\/efip.ctu.edu.vn\/web\/wp-content\/uploads\/2020\/09\/LogoTheLakesRace.png","type":"image\/png"}],"author":"Emilie","twitter_card":"summary_large_image","twitter_misc":{"Written by":"Emilie","Est. reading time":"2 minutes"},"schema":{"@context":"https:\/\/schema.org","@graph":[{"@type":"Article","@id":"https:\/\/efip.ctu.edu.vn\/web\/courez-pour-les-orphelins-avec-the-lakes-race\/#article","isPartOf":{"@id":"https:\/\/efip.ctu.edu.vn\/web\/courez-pour-les-orphelins-avec-the-lakes-race\/"},"author":{"name":"Emilie","@id":"https:\/\/efip.ctu.edu.vn\/web\/#\/schema\/person\/53dc596cb2d0db2aa914c8a122a41e62"},"headline":"Courez pour les orphelins avec The Lakes Race","datePublished":"2020-09-14T00:00:00+00:00","mainEntityOfPage":{"@id":"https:\/\/efip.ctu.edu.vn\/web\/courez-pour-les-orphelins-avec-the-lakes-race\/"},"wordCount":349,"commentCount":0,"publisher":{"@id":"https:\/\/efip.ctu.edu.vn\/web\/#organization"},"image":{"@id":"https:\/\/efip.ctu.edu.vn\/web\/courez-pour-les-orphelins-avec-the-lakes-race\/#primaryimage"},"thumbnailUrl":"https:\/\/efip.ctu.edu.vn\/web\/wp-content\/uploads\/2020\/09\/LogoTheLakesRace.png","articleSection":["Actualit\u00e9s de la Francophonie","Divers"],"inLanguage":"en-US","potentialAction":[{"@type":"CommentAction","name":"Comment","target":["https:\/\/efip.ctu.edu.vn\/web\/courez-pour-les-orphelins-avec-the-lakes-race\/#respond"]}]},{"@type":"WebPage","@id":"https:\/\/efip.ctu.edu.vn\/web\/courez-pour-les-orphelins-avec-the-lakes-race\/","url":"https:\/\/efip.ctu.edu.vn\/web\/courez-pour-les-orphelins-avec-the-lakes-race\/","name":"Courez pour les orphelins avec The Lakes Race - EFIP","isPartOf":{"@id":"https:\/\/efip.ctu.edu.vn\/web\/#website"},"primaryImageOfPage":{"@id":"https:\/\/efip.ctu.edu.vn\/web\/courez-pour-les-orphelins-avec-the-lakes-race\/#primaryimage"},"image":{"@id":"https:\/\/efip.ctu.edu.vn\/web\/courez-pour-les-orphelins-avec-the-lakes-race\/#primaryimage"},"thumbnailUrl":"https:\/\/efip.ctu.edu.vn\/web\/wp-content\/uploads\/2020\/09\/LogoTheLakesRace.png","datePublished":"2020-09-14T00:00:00+00:00","description":"Courez pour les orphelins avec The Lakes Race le 11 octobre 2020. Participez \u00e0 cette course caritative en faveur des enfants d\u00e9favoris\u00e9s !","breadcrumb":{"@id":"https:\/\/efip.ctu.edu.vn\/web\/courez-pour-les-orphelins-avec-the-lakes-race\/#breadcrumb"},"inLanguage":"en-US","potentialAction":[{"@type":"ReadAction","target":["https:\/\/efip.ctu.edu.vn\/web\/courez-pour-les-orphelins-avec-the-lakes-race\/"]}]},{"@type":"ImageObject","inLanguage":"en-US","@id":"https:\/\/efip.ctu.edu.vn\/web\/courez-pour-les-orphelins-avec-the-lakes-race\/#primaryimage","url":"https:\/\/efip.ctu.edu.vn\/web\/wp-content\/uploads\/2020\/09\/LogoTheLakesRace.png","contentUrl":"https:\/\/efip.ctu.edu.vn\/web\/wp-content\/uploads\/2020\/09\/LogoTheLakesRace.png","width":195,"height":188,"caption":"Logo The Lakes Race"},{"@type":"BreadcrumbList","@id":"https:\/\/efip.ctu.edu.vn\/web\/courez-pour-les-orphelins-avec-the-lakes-race\/#breadcrumb","itemListElement":[{"@type":"ListItem","position":1,"name":"Accueil","item":"https:\/\/efip.ctu.edu.vn\/web\/"},{"@type":"ListItem","position":2,"name":"Courez pour les orphelins avec The Lakes Race"}]},{"@type":"WebSite","@id":"https:\/\/efip.ctu.edu.vn\/web\/#website","url":"https:\/\/efip.ctu.edu.vn\/web\/","name":"EFIP de Can Tho","description":"Espace Francophone d&#039;Innovation et de Partenariat","publisher":{"@id":"https:\/\/efip.ctu.edu.vn\/web\/#organization"},"potentialAction":[{"@type":"SearchAction","target":{"@type":"EntryPoint","urlTemplate":"https:\/\/efip.ctu.edu.vn\/web\/?s={search_term_string}"},"query-input":{"@type":"PropertyValueSpecification","valueRequired":true,"valueName":"search_term_string"}}],"inLanguage":"en-US"},{"@type":"Organization","@id":"https:\/\/efip.ctu.edu.vn\/web\/#organization","name":"EFIP","url":"https:\/\/efip.ctu.edu.vn\/web\/","logo":{"@type":"ImageObject","inLanguage":"en-US","@id":"https:\/\/efip.ctu.edu.vn\/web\/#\/schema\/logo\/image\/","url":"https:\/\/efip.ctu.edu.vn\/web\/wp-content\/uploads\/2025\/05\/efip2-150x89-1.jpg","contentUrl":"https:\/\/efip.ctu.edu.vn\/web\/wp-content\/uploads\/2025\/05\/efip2-150x89-1.jpg","width":150,"height":89,"caption":"EFIP"},"image":{"@id":"https:\/\/efip.ctu.edu.vn\/web\/#\/schema\/logo\/image\/"},"sameAs":["https:\/\/www.facebook.com\/efipCanTho"]},{"@type":"Person","@id":"https:\/\/efip.ctu.edu.vn\/web\/#\/schema\/person\/53dc596cb2d0db2aa914c8a122a41e62","name":"Emilie","image":{"@type":"ImageObject","inLanguage":"en-US","@id":"https:\/\/efip.ctu.edu.vn\/web\/#\/schema\/person\/image\/","url":"https:\/\/secure.gravatar.com\/avatar\/6a0fb05561be2eb61d5a590bc8bec4352d8fc07271158e66cac145fdb0f3d5ad?s=96&d=mm&r=g","contentUrl":"https:\/\/secure.gravatar.com\/avatar\/6a0fb05561be2eb61d5a590bc8bec4352d8fc07271158e66cac145fdb0f3d5ad?s=96&d=mm&r=g","caption":"Emilie"},"url":"https:\/\/efip.ctu.edu.vn\/web\/author\/emilie\/"}]}},"_links":{"self":[{"href":"https:\/\/efip.ctu.edu.vn\/web\/wp-json\/wp\/v2\/posts\/2114","targetHints":{"allow":["GET"]}}],"collection":[{"href":"https:\/\/efip.ctu.edu.vn\/web\/wp-json\/wp\/v2\/posts"}],"about":[{"href":"https:\/\/efip.ctu.edu.vn\/web\/wp-json\/wp\/v2\/types\/post"}],"author":[{"embeddable":true,"href":"https:\/\/efip.ctu.edu.vn\/web\/wp-json\/wp\/v2\/users\/3"}],"replies":[{"embeddable":true,"href":"https:\/\/efip.ctu.edu.vn\/web\/wp-json\/wp\/v2\/comments?post=2114"}],"version-history":[{"count":7,"href":"https:\/\/efip.ctu.edu.vn\/web\/wp-json\/wp\/v2\/posts\/2114\/revisions"}],"predecessor-version":[{"id":2123,"href":"https:\/\/efip.ctu.edu.vn\/web\/wp-json\/wp\/v2\/posts\/2114\/revisions\/2123"}],"wp:featuredmedia":[{"embeddable":true,"href":"https:\/\/efip.ctu.edu.vn\/web\/wp-json\/wp\/v2\/media\/2115"}],"wp:attachment":[{"href":"https:\/\/efip.ctu.edu.vn\/web\/wp-json\/wp\/v2\/media?parent=2114"}],"wp:term":[{"taxonomy":"category","embeddable":true,"href":"https:\/\/efip.ctu.edu.vn\/web\/wp-json\/wp\/v2\/categories?post=2114"},{"taxonomy":"post_tag","embeddable":true,"href":"https:\/\/efip.ctu.edu.vn\/web\/wp-json\/wp\/v2\/tags?post=2114"}],"curies":[{"name":"wp","href":"https:\/\/api.w.org\/{rel}","templated":true}]}}