{"id":190,"date":"2013-12-17T03:23:12","date_gmt":"2013-12-17T02:23:12","guid":{"rendered":"http:\/\/123.30.143.210\/web\/?p=190"},"modified":"2013-12-17T03:25:49","modified_gmt":"2013-12-17T02:25:49","slug":"concours-un-seul-monde-pour-une-multiplicite-de-langues","status":"publish","type":"post","link":"https:\/\/efip.ctu.edu.vn\/web\/concours-un-seul-monde-pour-une-multiplicite-de-langues\/","title":{"rendered":"CONCOURS :  \u00ab Un seul monde pour une multiplicit\u00e9 de langues \u00bb"},"content":{"rendered":"<p style=\"text-align: center;\">\n<p style=\"text-align: justify;\"><span style=\"color: #ff0000;\"><strong>Date limite : 24 f\u00e9vrier 2014<\/strong><\/span><\/p>\n<p style=\"text-align: justify;\"><span style=\"text-decoration: underline;\"><strong>Informations et participation :<\/strong><\/span>\u00a0<a href=\"http:\/\/www.els.edu\/en\/ManyLanguagesOneWorld\">http:\/\/www.els.edu\/en\/ManyLanguagesOneWorld<\/a><\/p>\n<p align=\"center\">\n<p align=\"center\"><b><span style=\"text-decoration: underline;\">\u00ab\u00a0UN SEUL MONDE POUR UNE MULTIPLICIT\u00c9 DE LANGUES\u00a0\u00bb: L\u2019ONU INVITE LES \u00c9TUDIANTS DU MONDE<\/span><\/b><\/p>\n<p align=\"center\"><b><span style=\"text-decoration: underline;\">\u00c0 PARTICIPER \u00c0 UN CONCOURS D\u2019ESSAIS SUR LE R\u00d4LE DU MULTILINGUISME<\/span><\/b><\/p>\n<p align=\"center\">(Adapt\u00e9 de l\u2019anglais)<\/p>\n<p style=\"text-align: justify;\">\n<p style=\"text-align: justify;\">L\u2019Initiative Impact universitaire des Nations Unies et \u00ab\u00a0ELS\u00a0Educational\u00a0Services\u00a0\u00bb organisent un concours international d\u2019essais sur le r\u00f4le du multilinguisme dans un monde \u00ab\u00a0mondialis\u00e9\u00a0\u00bb.\u00a0 Intitul\u00e9 \u00ab\u00a0Un seul monde pour une multiplicit\u00e9 de langues\u00a0\u00bb,le concours est ouvert aux \u00e9tudiants de 18 ans et plus.\u00a0 Pourquoi la diversit\u00e9 linguistique contribue-t-elle ou ne contribue-t-elle pas \u00e0 un monde plus harmonieux?\u00a0 Telle est la question \u00e0 laquelle ils doivent r\u00e9pondre, en 2\u00a0000\u00a0mots au maximum, mis \u00e0 part les citations et la bibliographie si\u00a0elle est n\u00e9cessaire.<\/p>\n<p style=\"text-align: justify;\">L\u2019essai doit \u00eatre r\u00e9dig\u00e9 dans une des six langues officielles des Nations Unies, laquelle ne doit \u00eatre ni la langue maternelle de l\u2019\u00e9tudiant\u00a0ni celle dans laquelle il \u00e9tudie. \u00a0Les langues officielles de l\u2019ONU sont l\u2019anglais, l\u2019arabe, le chinois, l\u2019espagnol, le fran\u00e7ais et le russe, et la date limite pour la pr\u00e9sentation des essais est fix\u00e9e au 24 f\u00e9vrier 2014.<\/p>\n<p style=\"text-align: justify;\">Un panel international de juges s\u00e9lectionnera les 10 meilleurs essais dans chacune des six langues. \u00a0Leurs auteurs seront ensuite invit\u00e9s \u00e0 New York, du 25 au 29\u00a0juin 2014, pour participer \u00e0 une s\u00e9rie de manifestations dont un Forum de la jeunesse sur les principes de l\u2019Initiative \u00ab\u00a0Impact universitaire\u00a0\u00bb, y compris la citoyennet\u00e9 mondiale, qui se tiendra au Si\u00e8ge de l\u2019ONU le 27 juin, \u00e0 l\u2019occasion du soixante-dixi\u00e8me anniversaire de la Charte des Nations Unies.\u00a0 Le Forum sera pr\u00e9c\u00e9d\u00e9 d\u2019une conf\u00e9rence pr\u00e9paratoire des \u00e9tudiants \u00e0 \u00ab\u00a0Adelphi\u00a0University\u00a0\u00bb \u00e0 Long Island, dans l\u2019\u00c9tat de New York.<\/p>\n<p style=\"text-align: justify;\">Les \u00e9tudiants, qui veulent participer au concours, doivent \u00eatre inscrits dans une universit\u00e9 ou une \u00e9cole sup\u00e9rieure.\u00a0 Ils doivent pr\u00e9senter un certificat de leur \u00e9tablissement attestant que leur essai est bien un travail original fait sans aucune sorte d\u2019aide.<\/p>\n<p style=\"text-align: justify;\">Seuls les essais pr\u00e9sent\u00e9s sur Internet\u00a0<a href=\"http:\/\/www.els.edu\/en\/ManyLanguagesOneWorld\">http:\/\/www.els.edu\/en\/ManyLanguagesOneWorld<\/a>\u00a0avant ou le 21 f\u00e9vrier 2014 seront accept\u00e9s.<\/p>\n<p style=\"text-align: justify;\">Attention: Tousles \u00e9tudiants doivent remplir un formulaire d\u2019inscription comprenant des informations sur eux et sur leur \u00e9tablissement\u00a0<a href=\"http:\/\/www.els.edu\/en\/ManyLanguagesOneWorld\">http:\/\/www.els.edu\/en\/ManyLanguagesOneWorld<\/a>.\u00a0\u00a0Dans ce m\u00eame formulaire, ils devront pr\u00e9senter le certificat d\u2019un responsable de leur \u00e9tablissement attestant que l\u2019essai est r\u00e9dig\u00e9 dans une langue qui n\u2019est pas leur langue maternelle ni celle dans laquelle ils \u00e9tudient.<\/p>\n<p style=\"text-align: justify;\">Pour des informations suppl\u00e9mentaires, veuillez contacter l\u2019Initiative \u00ab\u00a0Impact universitaire\u00a0\u00bb des Nations Unies, au\u00a0<a href=\"mailto:academicimpact@un.org\">academicimpact@un.org<\/a>; ou Mme Louisa Soto \u00e0\u00a0<a href=\"mailto:Lsoto@els.edu\">manylanguagesoneworld@els.edu<\/a>.<\/p>\n<p style=\"text-align: justify;\">\u00ab\u00a0Impact universitaire\u00a0\u00bb est une initiative du D\u00e9partement de l\u2019information des Nations Unies\u00a0(<a href=\"http:\/\/outreach.un.org\/unai\">http:\/\/outreach.un.org\/unai<\/a>), visant \u00e0 cr\u00e9er des liens entre\u00a0universit\u00e9s, \u00e9coles sup\u00e9rieures et Nations Unies.<\/p>\n<p style=\"text-align: justify;\">ELS (<a href=\"http:\/\/www.els.edu\/en\">http:\/\/www.els.edu\/en<\/a>) couvre plus de 50 campus universitaires dans le monde.<\/p>\n<p style=\"text-align: justify;\">\n","protected":false},"excerpt":{"rendered":"<p>Date limite : 24 f\u00e9vrier 2014 Informations et participation :\u00a0http:\/\/www.els.edu\/en\/ManyLanguagesOneWorld \u00ab\u00a0UN SEUL MONDE POUR UNE MULTIPLICIT\u00c9 DE LANGUES\u00a0\u00bb: L\u2019ONU INVITE &hellip; <br \/><a href=\"https:\/\/efip.ctu.edu.vn\/web\/concours-un-seul-monde-pour-une-multiplicite-de-langues\/\" class=\"more-link\">Continue reading <span class=\"screen-reader-text\">CONCOURS :  \u00ab Un seul monde pour une multiplicit\u00e9 de langues \u00bb<\/span><\/a><\/p>\n","protected":false},"author":1,"featured_media":0,"comment_status":"open","ping_status":"open","sticky":false,"template":"","format":"standard","meta":{"footnotes":""},"categories":[11],"tags":[14,24,25],"class_list":["post-190","post","type-post","status-publish","format-standard","hentry","category-projets-et-concours","tag-concours","tag-langues","tag-onu"],"yoast_head":"<!-- This site is optimized with the Yoast SEO plugin v25.0 - https:\/\/yoast.com\/wordpress\/plugins\/seo\/ -->\n<title>CONCOURS : \u00ab Un seul monde pour une multiplicit\u00e9 de langues \u00bb - EFIP<\/title>\n<meta name=\"robots\" content=\"index, follow, max-snippet:-1, max-image-preview:large, max-video-preview:-1\" \/>\n<link rel=\"canonical\" href=\"https:\/\/efip.ctu.edu.vn\/web\/concours-un-seul-monde-pour-une-multiplicite-de-langues\/\" \/>\n<meta property=\"og:locale\" content=\"en_US\" \/>\n<meta property=\"og:type\" content=\"article\" \/>\n<meta property=\"og:title\" content=\"CONCOURS : \u00ab Un seul monde pour une multiplicit\u00e9 de langues \u00bb - EFIP\" \/>\n<meta property=\"og:description\" content=\"Date limite : 24 f\u00e9vrier 2014 Informations et participation :\u00a0http:\/\/www.els.edu\/en\/ManyLanguagesOneWorld \u00ab\u00a0UN SEUL MONDE POUR UNE MULTIPLICIT\u00c9 DE LANGUES\u00a0\u00bb: L\u2019ONU INVITE &hellip; Continue reading CONCOURS : \u00ab Un seul monde pour une multiplicit\u00e9 de langues \u00bb\" \/>\n<meta property=\"og:url\" content=\"https:\/\/efip.ctu.edu.vn\/web\/concours-un-seul-monde-pour-une-multiplicite-de-langues\/\" \/>\n<meta property=\"og:site_name\" content=\"EFIP\" \/>\n<meta property=\"article:publisher\" content=\"https:\/\/www.facebook.com\/efipCanTho\" \/>\n<meta property=\"article:published_time\" content=\"2013-12-17T02:23:12+00:00\" \/>\n<meta property=\"article:modified_time\" content=\"2013-12-17T02:25:49+00:00\" \/>\n<meta property=\"og:image\" content=\"https:\/\/efip.ctu.edu.vn\/web\/wp-content\/uploads\/2020\/05\/EFIP-512x512-1.png\" \/>\n\t<meta property=\"og:image:width\" content=\"512\" \/>\n\t<meta property=\"og:image:height\" content=\"512\" \/>\n\t<meta property=\"og:image:type\" content=\"image\/png\" \/>\n<meta name=\"author\" content=\"admin\" \/>\n<meta name=\"twitter:card\" content=\"summary_large_image\" \/>\n<meta name=\"twitter:label1\" content=\"Written by\" \/>\n\t<meta name=\"twitter:data1\" content=\"admin\" \/>\n\t<meta name=\"twitter:label2\" content=\"Est. reading time\" \/>\n\t<meta name=\"twitter:data2\" content=\"2 minutes\" \/>\n<script type=\"application\/ld+json\" class=\"yoast-schema-graph\">{\"@context\":\"https:\/\/schema.org\",\"@graph\":[{\"@type\":\"Article\",\"@id\":\"https:\/\/efip.ctu.edu.vn\/web\/concours-un-seul-monde-pour-une-multiplicite-de-langues\/#article\",\"isPartOf\":{\"@id\":\"https:\/\/efip.ctu.edu.vn\/web\/concours-un-seul-monde-pour-une-multiplicite-de-langues\/\"},\"author\":{\"name\":\"admin\",\"@id\":\"https:\/\/efip.ctu.edu.vn\/web\/#\/schema\/person\/35bc81d3e308c29df375a0cc2358e442\"},\"headline\":\"CONCOURS : \u00ab Un seul monde pour une multiplicit\u00e9 de langues \u00bb\",\"datePublished\":\"2013-12-17T02:23:12+00:00\",\"dateModified\":\"2013-12-17T02:25:49+00:00\",\"mainEntityOfPage\":{\"@id\":\"https:\/\/efip.ctu.edu.vn\/web\/concours-un-seul-monde-pour-une-multiplicite-de-langues\/\"},\"wordCount\":504,\"commentCount\":0,\"publisher\":{\"@id\":\"https:\/\/efip.ctu.edu.vn\/web\/#organization\"},\"keywords\":[\"concours\",\"langues\",\"ONU\"],\"articleSection\":[\"Projets et concours\"],\"inLanguage\":\"en-US\",\"potentialAction\":[{\"@type\":\"CommentAction\",\"name\":\"Comment\",\"target\":[\"https:\/\/efip.ctu.edu.vn\/web\/concours-un-seul-monde-pour-une-multiplicite-de-langues\/#respond\"]}]},{\"@type\":\"WebPage\",\"@id\":\"https:\/\/efip.ctu.edu.vn\/web\/concours-un-seul-monde-pour-une-multiplicite-de-langues\/\",\"url\":\"https:\/\/efip.ctu.edu.vn\/web\/concours-un-seul-monde-pour-une-multiplicite-de-langues\/\",\"name\":\"CONCOURS : \u00ab Un seul monde pour une multiplicit\u00e9 de langues \u00bb - EFIP\",\"isPartOf\":{\"@id\":\"https:\/\/efip.ctu.edu.vn\/web\/#website\"},\"datePublished\":\"2013-12-17T02:23:12+00:00\",\"dateModified\":\"2013-12-17T02:25:49+00:00\",\"breadcrumb\":{\"@id\":\"https:\/\/efip.ctu.edu.vn\/web\/concours-un-seul-monde-pour-une-multiplicite-de-langues\/#breadcrumb\"},\"inLanguage\":\"en-US\",\"potentialAction\":[{\"@type\":\"ReadAction\",\"target\":[\"https:\/\/efip.ctu.edu.vn\/web\/concours-un-seul-monde-pour-une-multiplicite-de-langues\/\"]}]},{\"@type\":\"BreadcrumbList\",\"@id\":\"https:\/\/efip.ctu.edu.vn\/web\/concours-un-seul-monde-pour-une-multiplicite-de-langues\/#breadcrumb\",\"itemListElement\":[{\"@type\":\"ListItem\",\"position\":1,\"name\":\"Accueil\",\"item\":\"https:\/\/efip.ctu.edu.vn\/web\/\"},{\"@type\":\"ListItem\",\"position\":2,\"name\":\"CONCOURS : \u00ab Un seul monde pour une multiplicit\u00e9 de langues \u00bb\"}]},{\"@type\":\"WebSite\",\"@id\":\"https:\/\/efip.ctu.edu.vn\/web\/#website\",\"url\":\"https:\/\/efip.ctu.edu.vn\/web\/\",\"name\":\"EFIP de Can Tho\",\"description\":\"Espace Francophone d&#039;Innovation et de Partenariat\",\"publisher\":{\"@id\":\"https:\/\/efip.ctu.edu.vn\/web\/#organization\"},\"potentialAction\":[{\"@type\":\"SearchAction\",\"target\":{\"@type\":\"EntryPoint\",\"urlTemplate\":\"https:\/\/efip.ctu.edu.vn\/web\/?s={search_term_string}\"},\"query-input\":{\"@type\":\"PropertyValueSpecification\",\"valueRequired\":true,\"valueName\":\"search_term_string\"}}],\"inLanguage\":\"en-US\"},{\"@type\":\"Organization\",\"@id\":\"https:\/\/efip.ctu.edu.vn\/web\/#organization\",\"name\":\"EFIP\",\"url\":\"https:\/\/efip.ctu.edu.vn\/web\/\",\"logo\":{\"@type\":\"ImageObject\",\"inLanguage\":\"en-US\",\"@id\":\"https:\/\/efip.ctu.edu.vn\/web\/#\/schema\/logo\/image\/\",\"url\":\"https:\/\/efip.ctu.edu.vn\/web\/wp-content\/uploads\/2025\/05\/efip2-150x89-1.jpg\",\"contentUrl\":\"https:\/\/efip.ctu.edu.vn\/web\/wp-content\/uploads\/2025\/05\/efip2-150x89-1.jpg\",\"width\":150,\"height\":89,\"caption\":\"EFIP\"},\"image\":{\"@id\":\"https:\/\/efip.ctu.edu.vn\/web\/#\/schema\/logo\/image\/\"},\"sameAs\":[\"https:\/\/www.facebook.com\/efipCanTho\"]},{\"@type\":\"Person\",\"@id\":\"https:\/\/efip.ctu.edu.vn\/web\/#\/schema\/person\/35bc81d3e308c29df375a0cc2358e442\",\"name\":\"admin\",\"image\":{\"@type\":\"ImageObject\",\"inLanguage\":\"en-US\",\"@id\":\"https:\/\/efip.ctu.edu.vn\/web\/#\/schema\/person\/image\/\",\"url\":\"https:\/\/secure.gravatar.com\/avatar\/144c36c5502d0d1a7b02b09340de56ca801ac10a6ddb81d97fb402dacf6a4ef1?s=96&d=mm&r=g\",\"contentUrl\":\"https:\/\/secure.gravatar.com\/avatar\/144c36c5502d0d1a7b02b09340de56ca801ac10a6ddb81d97fb402dacf6a4ef1?s=96&d=mm&r=g\",\"caption\":\"admin\"},\"url\":\"https:\/\/efip.ctu.edu.vn\/web\/author\/admin\/\"}]}<\/script>\n<!-- \/ Yoast SEO plugin. -->","yoast_head_json":{"title":"CONCOURS : \u00ab Un seul monde pour une multiplicit\u00e9 de langues \u00bb - EFIP","robots":{"index":"index","follow":"follow","max-snippet":"max-snippet:-1","max-image-preview":"max-image-preview:large","max-video-preview":"max-video-preview:-1"},"canonical":"https:\/\/efip.ctu.edu.vn\/web\/concours-un-seul-monde-pour-une-multiplicite-de-langues\/","og_locale":"en_US","og_type":"article","og_title":"CONCOURS : \u00ab Un seul monde pour une multiplicit\u00e9 de langues \u00bb - EFIP","og_description":"Date limite : 24 f\u00e9vrier 2014 Informations et participation :\u00a0http:\/\/www.els.edu\/en\/ManyLanguagesOneWorld \u00ab\u00a0UN SEUL MONDE POUR UNE MULTIPLICIT\u00c9 DE LANGUES\u00a0\u00bb: L\u2019ONU INVITE &hellip; Continue reading CONCOURS : \u00ab Un seul monde pour une multiplicit\u00e9 de langues \u00bb","og_url":"https:\/\/efip.ctu.edu.vn\/web\/concours-un-seul-monde-pour-une-multiplicite-de-langues\/","og_site_name":"EFIP","article_publisher":"https:\/\/www.facebook.com\/efipCanTho","article_published_time":"2013-12-17T02:23:12+00:00","article_modified_time":"2013-12-17T02:25:49+00:00","og_image":[{"width":512,"height":512,"url":"https:\/\/efip.ctu.edu.vn\/web\/wp-content\/uploads\/2020\/05\/EFIP-512x512-1.png","type":"image\/png"}],"author":"admin","twitter_card":"summary_large_image","twitter_misc":{"Written by":"admin","Est. reading time":"2 minutes"},"schema":{"@context":"https:\/\/schema.org","@graph":[{"@type":"Article","@id":"https:\/\/efip.ctu.edu.vn\/web\/concours-un-seul-monde-pour-une-multiplicite-de-langues\/#article","isPartOf":{"@id":"https:\/\/efip.ctu.edu.vn\/web\/concours-un-seul-monde-pour-une-multiplicite-de-langues\/"},"author":{"name":"admin","@id":"https:\/\/efip.ctu.edu.vn\/web\/#\/schema\/person\/35bc81d3e308c29df375a0cc2358e442"},"headline":"CONCOURS : \u00ab Un seul monde pour une multiplicit\u00e9 de langues \u00bb","datePublished":"2013-12-17T02:23:12+00:00","dateModified":"2013-12-17T02:25:49+00:00","mainEntityOfPage":{"@id":"https:\/\/efip.ctu.edu.vn\/web\/concours-un-seul-monde-pour-une-multiplicite-de-langues\/"},"wordCount":504,"commentCount":0,"publisher":{"@id":"https:\/\/efip.ctu.edu.vn\/web\/#organization"},"keywords":["concours","langues","ONU"],"articleSection":["Projets et concours"],"inLanguage":"en-US","potentialAction":[{"@type":"CommentAction","name":"Comment","target":["https:\/\/efip.ctu.edu.vn\/web\/concours-un-seul-monde-pour-une-multiplicite-de-langues\/#respond"]}]},{"@type":"WebPage","@id":"https:\/\/efip.ctu.edu.vn\/web\/concours-un-seul-monde-pour-une-multiplicite-de-langues\/","url":"https:\/\/efip.ctu.edu.vn\/web\/concours-un-seul-monde-pour-une-multiplicite-de-langues\/","name":"CONCOURS : \u00ab Un seul monde pour une multiplicit\u00e9 de langues \u00bb - EFIP","isPartOf":{"@id":"https:\/\/efip.ctu.edu.vn\/web\/#website"},"datePublished":"2013-12-17T02:23:12+00:00","dateModified":"2013-12-17T02:25:49+00:00","breadcrumb":{"@id":"https:\/\/efip.ctu.edu.vn\/web\/concours-un-seul-monde-pour-une-multiplicite-de-langues\/#breadcrumb"},"inLanguage":"en-US","potentialAction":[{"@type":"ReadAction","target":["https:\/\/efip.ctu.edu.vn\/web\/concours-un-seul-monde-pour-une-multiplicite-de-langues\/"]}]},{"@type":"BreadcrumbList","@id":"https:\/\/efip.ctu.edu.vn\/web\/concours-un-seul-monde-pour-une-multiplicite-de-langues\/#breadcrumb","itemListElement":[{"@type":"ListItem","position":1,"name":"Accueil","item":"https:\/\/efip.ctu.edu.vn\/web\/"},{"@type":"ListItem","position":2,"name":"CONCOURS : \u00ab Un seul monde pour une multiplicit\u00e9 de langues \u00bb"}]},{"@type":"WebSite","@id":"https:\/\/efip.ctu.edu.vn\/web\/#website","url":"https:\/\/efip.ctu.edu.vn\/web\/","name":"EFIP de Can Tho","description":"Espace Francophone d&#039;Innovation et de Partenariat","publisher":{"@id":"https:\/\/efip.ctu.edu.vn\/web\/#organization"},"potentialAction":[{"@type":"SearchAction","target":{"@type":"EntryPoint","urlTemplate":"https:\/\/efip.ctu.edu.vn\/web\/?s={search_term_string}"},"query-input":{"@type":"PropertyValueSpecification","valueRequired":true,"valueName":"search_term_string"}}],"inLanguage":"en-US"},{"@type":"Organization","@id":"https:\/\/efip.ctu.edu.vn\/web\/#organization","name":"EFIP","url":"https:\/\/efip.ctu.edu.vn\/web\/","logo":{"@type":"ImageObject","inLanguage":"en-US","@id":"https:\/\/efip.ctu.edu.vn\/web\/#\/schema\/logo\/image\/","url":"https:\/\/efip.ctu.edu.vn\/web\/wp-content\/uploads\/2025\/05\/efip2-150x89-1.jpg","contentUrl":"https:\/\/efip.ctu.edu.vn\/web\/wp-content\/uploads\/2025\/05\/efip2-150x89-1.jpg","width":150,"height":89,"caption":"EFIP"},"image":{"@id":"https:\/\/efip.ctu.edu.vn\/web\/#\/schema\/logo\/image\/"},"sameAs":["https:\/\/www.facebook.com\/efipCanTho"]},{"@type":"Person","@id":"https:\/\/efip.ctu.edu.vn\/web\/#\/schema\/person\/35bc81d3e308c29df375a0cc2358e442","name":"admin","image":{"@type":"ImageObject","inLanguage":"en-US","@id":"https:\/\/efip.ctu.edu.vn\/web\/#\/schema\/person\/image\/","url":"https:\/\/secure.gravatar.com\/avatar\/144c36c5502d0d1a7b02b09340de56ca801ac10a6ddb81d97fb402dacf6a4ef1?s=96&d=mm&r=g","contentUrl":"https:\/\/secure.gravatar.com\/avatar\/144c36c5502d0d1a7b02b09340de56ca801ac10a6ddb81d97fb402dacf6a4ef1?s=96&d=mm&r=g","caption":"admin"},"url":"https:\/\/efip.ctu.edu.vn\/web\/author\/admin\/"}]}},"_links":{"self":[{"href":"https:\/\/efip.ctu.edu.vn\/web\/wp-json\/wp\/v2\/posts\/190","targetHints":{"allow":["GET"]}}],"collection":[{"href":"https:\/\/efip.ctu.edu.vn\/web\/wp-json\/wp\/v2\/posts"}],"about":[{"href":"https:\/\/efip.ctu.edu.vn\/web\/wp-json\/wp\/v2\/types\/post"}],"author":[{"embeddable":true,"href":"https:\/\/efip.ctu.edu.vn\/web\/wp-json\/wp\/v2\/users\/1"}],"replies":[{"embeddable":true,"href":"https:\/\/efip.ctu.edu.vn\/web\/wp-json\/wp\/v2\/comments?post=190"}],"version-history":[{"count":3,"href":"https:\/\/efip.ctu.edu.vn\/web\/wp-json\/wp\/v2\/posts\/190\/revisions"}],"predecessor-version":[{"id":194,"href":"https:\/\/efip.ctu.edu.vn\/web\/wp-json\/wp\/v2\/posts\/190\/revisions\/194"}],"wp:attachment":[{"href":"https:\/\/efip.ctu.edu.vn\/web\/wp-json\/wp\/v2\/media?parent=190"}],"wp:term":[{"taxonomy":"category","embeddable":true,"href":"https:\/\/efip.ctu.edu.vn\/web\/wp-json\/wp\/v2\/categories?post=190"},{"taxonomy":"post_tag","embeddable":true,"href":"https:\/\/efip.ctu.edu.vn\/web\/wp-json\/wp\/v2\/tags?post=190"}],"curies":[{"name":"wp","href":"https:\/\/api.w.org\/{rel}","templated":true}]}}