{"id":1623,"date":"2020-07-06T07:00:00","date_gmt":"2020-07-06T00:00:00","guid":{"rendered":"https:\/\/efip.ctu.edu.vn\/web\/?p=1623"},"modified":"2020-07-03T18:08:58","modified_gmt":"2020-07-03T11:08:58","slug":"soutien-aux-formations-en-ligne-ou-hybrides","status":"publish","type":"post","link":"https:\/\/efip.ctu.edu.vn\/web\/soutien-aux-formations-en-ligne-ou-hybrides\/","title":{"rendered":"Soutien aux formations en ligne ou hybrides"},"content":{"rendered":"\n<figure class=\"wp-block-image size-large\"><img fetchpriority=\"high\" decoding=\"async\" width=\"700\" height=\"350\" src=\"https:\/\/efip.ctu.edu.vn\/web\/wp-content\/uploads\/2020\/06\/FR.Appel-\u00e0-projets-26.06-700x350-1.png\" alt=\"Soutien aux formations en ligne ou hybrides\" class=\"wp-image-1624\" srcset=\"https:\/\/efip.ctu.edu.vn\/web\/wp-content\/uploads\/2020\/06\/FR.Appel-\u00e0-projets-26.06-700x350-1.png 700w, https:\/\/efip.ctu.edu.vn\/web\/wp-content\/uploads\/2020\/06\/FR.Appel-\u00e0-projets-26.06-700x350-1-300x150.png 300w, https:\/\/efip.ctu.edu.vn\/web\/wp-content\/uploads\/2020\/06\/FR.Appel-\u00e0-projets-26.06-700x350-1-110x55.png 110w, https:\/\/efip.ctu.edu.vn\/web\/wp-content\/uploads\/2020\/06\/FR.Appel-\u00e0-projets-26.06-700x350-1-420x210.png 420w\" sizes=\"(max-width: 700px) 100vw, 700px\" \/><\/figure>\n\n\n\n<p><em>Le bureau Asie-Pacifique de l&#8217;AUF lance un appel d&#8217;offres \u00e0 destination de ses \u00e9tablissements membres pour soutenir les initiatives et projets de mise en oeuvre de formations en ligne ou hybrides.<\/em><\/p>\n\n\n\n<p>Dans un contexte de mondialisation, l\u2019enseignement \u00e0 distance s\u2019impose comme un outil essentiel de la strat\u00e9gie d\u2019internationalisation des \u00e9tablissements d\u2019enseignement sup\u00e9rieur. C\u2019est un facteur d\u2019attractivit\u00e9 et de visibilit\u00e9 internationale.<\/p>\n\n\n\n<p>Ainsi la Direction r\u00e9gionale Asie-Pacifique de l\u2019AUF souhaite soutenir ses membres dans le d\u00e9veloppement et la consolidation de formations r\u00e9alis\u00e9es totalement ou partiellement \u00e0 distance.<\/p>\n\n\n\n<h4 class=\"has-light-green-cyan-color has-text-color wp-block-heading\">Objectifs<\/h4>\n\n\n\n<ul class=\"wp-block-list\"><li>Soutenir les initiatives de d\u00e9veloppement de formations en ligne ou hybrides.<\/li><li>Favoriser \u00e0 court terme l\u2019acc\u00e8s des apprenants \u00e0 des formations en ligne de qualit\u00e9.<\/li><\/ul>\n\n\n\n<h4 class=\"has-light-green-cyan-color has-text-color wp-block-heading\">B\u00e9n\u00e9ficiaires<\/h4>\n\n\n\n<p>Les \u00e9tablissements membres de l&#8217;AUF et indirectement les \u00e9tudiants et enseignants de la r\u00e9gion Asie-Pacifique.<\/p>\n\n\n\n<h4 class=\"has-light-green-cyan-color has-text-color wp-block-heading\">Crit\u00e8res d&#8217;\u00e9ligibilit\u00e9<\/h4>\n\n\n\n<ul class=\"wp-block-list\"><li>\u00catre soumis par un \u00e9tablissement d\u2019enseignement sup\u00e9rieur\u00a0<strong>membre de l\u2019AUF \u2013 r\u00e9gion Asie \u2013 Pacifique \u00e0 jour de sa cotisation 2019<\/strong><\/li><li>Le coordinateur du projet devra \u00eatre un.e enseignant.e d\u2019un de ces \u00e9tablissements clairement identifi\u00e9.<\/li><li>Le projet devra \u00eatre port\u00e9 et soutenu par la plus haute autorit\u00e9 de l\u2019\u00e9tablissement membre afin de garantir qu\u2019il s\u2019inscrit dans une d\u00e9marche institutionnelle et non personnelle.<\/li><li>Le projet devra proposer un plan d\u2019action sur 6 mois\u00a0; les activit\u00e9s devront \u00eatre mises en \u0153uvre au plus tard le 31\/3\/2021.<\/li><li><strong>Chaque \u00e9tablissement ne pourra d\u00e9poser qu\u2019un seul projet<\/strong><\/li><\/ul>\n\n\n\n<p><\/p>\n\n\n\n<p><em>Le bureau Asie-Pacifique de l&#8217;AUF portera une attention particuli\u00e8re aux projets qui proposeront\u00a0au moins une partie des enseignements en fran\u00e7ais.<\/em><\/p>\n\n\n\n<h4 class=\"has-light-green-cyan-color has-text-color wp-block-heading\">Calendrier<\/h4>\n\n\n\n<ul class=\"wp-block-list\"><li><strong>Le projet devra \u00eatre d\u00e9pos\u00e9 avant le\u00a0: 19\/7\/2020 ;<\/strong><\/li><li><strong>Les activit\u00e9s devront \u00eatre mises en \u0153uvre au plus tard le 31\/3\/2021.<\/strong><\/li><\/ul>\n\n\n\n<h4 class=\"has-light-green-cyan-color has-text-color wp-block-heading\">Pour les projets s\u00e9lectionn\u00e9s<\/h4>\n\n\n\n<p>Les projets s\u00e9lectionn\u00e9s recevront un soutien financier de l&#8217;AUF qui ne d\u00e9passera pas 50{5cef8cb26ec0cf0cbc2bf93f1561460fb5a03d2eaee977874fea98e9d15bcda9} du budget global dans la limite de :<\/p>\n\n\n\n<ul class=\"wp-block-list\"><li>5000 \u20ac par projet de type 1 <strong>INITIATION<\/strong><\/li><li>10 000 \u20ac par projet de type 2 <strong>DEVELOPPEMENT<\/strong> ou de type 3 <strong>CONSOLIDATION<\/strong><\/li><\/ul>\n\n\n\n<p><\/p>\n\n\n\n<p><\/p>\n\n\n\n<p><strong>Pour plus d&#8217;informations ou pour inscrire son projet<\/strong> : <a href=\"https:\/\/www.auf.org\/asie-pacifique\/nouvelles\/appels-a-candidatures\/appel-projets-soutien-aux-initiatives-pour-la-mise-en-oeuvre-ou-le-developpement-de-formations-totalement-ou-partiellement-distance\/\" target=\"_blank\" aria-label=\"undefined (s\u2019ouvre dans un nouvel onglet)\" rel=\"noreferrer noopener\">https:\/\/www.auf.org\/asie-pacifique\/nouvelles\/appels-a-candidatures\/appel-projets-soutien-aux-initiatives-pour-la-mise-en-oeuvre-ou-le-developpement-de-formations-totalement-ou-partiellement-distance\/<\/a><\/p>\n","protected":false},"excerpt":{"rendered":"<p>Le bureau Asie-Pacifique de l&#8217;AUF lance un appel d&#8217;offres \u00e0 destination de ses \u00e9tablissements membres pour soutenir les initiatives et &hellip; <br \/><a href=\"https:\/\/efip.ctu.edu.vn\/web\/soutien-aux-formations-en-ligne-ou-hybrides\/\" class=\"more-link\">Continue reading <span class=\"screen-reader-text\">Soutien aux formations en ligne ou hybrides<\/span><\/a><\/p>\n","protected":false},"author":3,"featured_media":1624,"comment_status":"open","ping_status":"open","sticky":false,"template":"","format":"standard","meta":{"footnotes":""},"categories":[8,10],"tags":[],"class_list":["post-1623","post","type-post","status-publish","format-standard","has-post-thumbnail","hentry","category-actualites-de-la-francophonie","category-appels-d-offres"],"yoast_head":"<!-- This site is optimized with the Yoast SEO plugin v25.0 - https:\/\/yoast.com\/wordpress\/plugins\/seo\/ -->\n<title>Soutien aux formations en ligne ou hybrides - EFIP<\/title>\n<meta name=\"description\" content=\"Le bureau Asie-Pacifique de l&#039;AUF lance un appel d&#039;offres pour soutenir les initiatives et projets de mise en oeuvre de formations en ligne ou hybrides.\" \/>\n<meta name=\"robots\" content=\"index, follow, max-snippet:-1, max-image-preview:large, max-video-preview:-1\" \/>\n<link rel=\"canonical\" href=\"https:\/\/efip.ctu.edu.vn\/web\/soutien-aux-formations-en-ligne-ou-hybrides\/\" \/>\n<meta property=\"og:locale\" content=\"en_US\" \/>\n<meta property=\"og:type\" content=\"article\" \/>\n<meta property=\"og:title\" content=\"Soutien aux formations en ligne ou hybrides - EFIP\" \/>\n<meta property=\"og:description\" content=\"Le bureau Asie-Pacifique de l&#039;AUF lance un appel d&#039;offres pour soutenir les initiatives et projets de mise en oeuvre de formations en ligne ou hybrides.\" \/>\n<meta property=\"og:url\" content=\"https:\/\/efip.ctu.edu.vn\/web\/soutien-aux-formations-en-ligne-ou-hybrides\/\" \/>\n<meta property=\"og:site_name\" content=\"EFIP\" \/>\n<meta property=\"article:publisher\" content=\"https:\/\/www.facebook.com\/efipCanTho\" \/>\n<meta property=\"article:published_time\" content=\"2020-07-06T00:00:00+00:00\" \/>\n<meta property=\"og:image\" content=\"https:\/\/efip.ctu.edu.vn\/web\/wp-content\/uploads\/2020\/06\/FR.Appel-\u00e0-projets-26.06-700x350-1.png\" \/>\n\t<meta property=\"og:image:width\" content=\"700\" \/>\n\t<meta property=\"og:image:height\" content=\"350\" \/>\n\t<meta property=\"og:image:type\" content=\"image\/png\" \/>\n<meta name=\"author\" content=\"Emilie\" \/>\n<meta name=\"twitter:card\" content=\"summary_large_image\" \/>\n<meta name=\"twitter:label1\" content=\"Written by\" \/>\n\t<meta name=\"twitter:data1\" content=\"Emilie\" \/>\n\t<meta name=\"twitter:label2\" content=\"Est. reading time\" \/>\n\t<meta name=\"twitter:data2\" content=\"2 minutes\" \/>\n<script type=\"application\/ld+json\" class=\"yoast-schema-graph\">{\"@context\":\"https:\/\/schema.org\",\"@graph\":[{\"@type\":\"Article\",\"@id\":\"https:\/\/efip.ctu.edu.vn\/web\/soutien-aux-formations-en-ligne-ou-hybrides\/#article\",\"isPartOf\":{\"@id\":\"https:\/\/efip.ctu.edu.vn\/web\/soutien-aux-formations-en-ligne-ou-hybrides\/\"},\"author\":{\"name\":\"Emilie\",\"@id\":\"https:\/\/efip.ctu.edu.vn\/web\/#\/schema\/person\/53dc596cb2d0db2aa914c8a122a41e62\"},\"headline\":\"Soutien aux formations en ligne ou hybrides\",\"datePublished\":\"2020-07-06T00:00:00+00:00\",\"mainEntityOfPage\":{\"@id\":\"https:\/\/efip.ctu.edu.vn\/web\/soutien-aux-formations-en-ligne-ou-hybrides\/\"},\"wordCount\":371,\"commentCount\":0,\"publisher\":{\"@id\":\"https:\/\/efip.ctu.edu.vn\/web\/#organization\"},\"image\":{\"@id\":\"https:\/\/efip.ctu.edu.vn\/web\/soutien-aux-formations-en-ligne-ou-hybrides\/#primaryimage\"},\"thumbnailUrl\":\"https:\/\/efip.ctu.edu.vn\/web\/wp-content\/uploads\/2020\/06\/FR.Appel-\u00e0-projets-26.06-700x350-1.png\",\"articleSection\":[\"Actualit\u00e9s de la Francophonie\",\"Appels d'offres\"],\"inLanguage\":\"en-US\",\"potentialAction\":[{\"@type\":\"CommentAction\",\"name\":\"Comment\",\"target\":[\"https:\/\/efip.ctu.edu.vn\/web\/soutien-aux-formations-en-ligne-ou-hybrides\/#respond\"]}]},{\"@type\":\"WebPage\",\"@id\":\"https:\/\/efip.ctu.edu.vn\/web\/soutien-aux-formations-en-ligne-ou-hybrides\/\",\"url\":\"https:\/\/efip.ctu.edu.vn\/web\/soutien-aux-formations-en-ligne-ou-hybrides\/\",\"name\":\"Soutien aux formations en ligne ou hybrides - EFIP\",\"isPartOf\":{\"@id\":\"https:\/\/efip.ctu.edu.vn\/web\/#website\"},\"primaryImageOfPage\":{\"@id\":\"https:\/\/efip.ctu.edu.vn\/web\/soutien-aux-formations-en-ligne-ou-hybrides\/#primaryimage\"},\"image\":{\"@id\":\"https:\/\/efip.ctu.edu.vn\/web\/soutien-aux-formations-en-ligne-ou-hybrides\/#primaryimage\"},\"thumbnailUrl\":\"https:\/\/efip.ctu.edu.vn\/web\/wp-content\/uploads\/2020\/06\/FR.Appel-\u00e0-projets-26.06-700x350-1.png\",\"datePublished\":\"2020-07-06T00:00:00+00:00\",\"description\":\"Le bureau Asie-Pacifique de l'AUF lance un appel d'offres pour soutenir les initiatives et projets de mise en oeuvre de formations en ligne ou hybrides.\",\"breadcrumb\":{\"@id\":\"https:\/\/efip.ctu.edu.vn\/web\/soutien-aux-formations-en-ligne-ou-hybrides\/#breadcrumb\"},\"inLanguage\":\"en-US\",\"potentialAction\":[{\"@type\":\"ReadAction\",\"target\":[\"https:\/\/efip.ctu.edu.vn\/web\/soutien-aux-formations-en-ligne-ou-hybrides\/\"]}]},{\"@type\":\"ImageObject\",\"inLanguage\":\"en-US\",\"@id\":\"https:\/\/efip.ctu.edu.vn\/web\/soutien-aux-formations-en-ligne-ou-hybrides\/#primaryimage\",\"url\":\"https:\/\/efip.ctu.edu.vn\/web\/wp-content\/uploads\/2020\/06\/FR.Appel-\u00e0-projets-26.06-700x350-1.png\",\"contentUrl\":\"https:\/\/efip.ctu.edu.vn\/web\/wp-content\/uploads\/2020\/06\/FR.Appel-\u00e0-projets-26.06-700x350-1.png\",\"width\":700,\"height\":350,\"caption\":\"Soutien aux formations en ligne ou hybrides\"},{\"@type\":\"BreadcrumbList\",\"@id\":\"https:\/\/efip.ctu.edu.vn\/web\/soutien-aux-formations-en-ligne-ou-hybrides\/#breadcrumb\",\"itemListElement\":[{\"@type\":\"ListItem\",\"position\":1,\"name\":\"Accueil\",\"item\":\"https:\/\/efip.ctu.edu.vn\/web\/\"},{\"@type\":\"ListItem\",\"position\":2,\"name\":\"Soutien aux formations en ligne ou hybrides\"}]},{\"@type\":\"WebSite\",\"@id\":\"https:\/\/efip.ctu.edu.vn\/web\/#website\",\"url\":\"https:\/\/efip.ctu.edu.vn\/web\/\",\"name\":\"EFIP de Can Tho\",\"description\":\"Espace Francophone d&#039;Innovation et de Partenariat\",\"publisher\":{\"@id\":\"https:\/\/efip.ctu.edu.vn\/web\/#organization\"},\"potentialAction\":[{\"@type\":\"SearchAction\",\"target\":{\"@type\":\"EntryPoint\",\"urlTemplate\":\"https:\/\/efip.ctu.edu.vn\/web\/?s={search_term_string}\"},\"query-input\":{\"@type\":\"PropertyValueSpecification\",\"valueRequired\":true,\"valueName\":\"search_term_string\"}}],\"inLanguage\":\"en-US\"},{\"@type\":\"Organization\",\"@id\":\"https:\/\/efip.ctu.edu.vn\/web\/#organization\",\"name\":\"EFIP\",\"url\":\"https:\/\/efip.ctu.edu.vn\/web\/\",\"logo\":{\"@type\":\"ImageObject\",\"inLanguage\":\"en-US\",\"@id\":\"https:\/\/efip.ctu.edu.vn\/web\/#\/schema\/logo\/image\/\",\"url\":\"https:\/\/efip.ctu.edu.vn\/web\/wp-content\/uploads\/2025\/05\/efip2-150x89-1.jpg\",\"contentUrl\":\"https:\/\/efip.ctu.edu.vn\/web\/wp-content\/uploads\/2025\/05\/efip2-150x89-1.jpg\",\"width\":150,\"height\":89,\"caption\":\"EFIP\"},\"image\":{\"@id\":\"https:\/\/efip.ctu.edu.vn\/web\/#\/schema\/logo\/image\/\"},\"sameAs\":[\"https:\/\/www.facebook.com\/efipCanTho\"]},{\"@type\":\"Person\",\"@id\":\"https:\/\/efip.ctu.edu.vn\/web\/#\/schema\/person\/53dc596cb2d0db2aa914c8a122a41e62\",\"name\":\"Emilie\",\"image\":{\"@type\":\"ImageObject\",\"inLanguage\":\"en-US\",\"@id\":\"https:\/\/efip.ctu.edu.vn\/web\/#\/schema\/person\/image\/\",\"url\":\"https:\/\/secure.gravatar.com\/avatar\/6a0fb05561be2eb61d5a590bc8bec4352d8fc07271158e66cac145fdb0f3d5ad?s=96&d=mm&r=g\",\"contentUrl\":\"https:\/\/secure.gravatar.com\/avatar\/6a0fb05561be2eb61d5a590bc8bec4352d8fc07271158e66cac145fdb0f3d5ad?s=96&d=mm&r=g\",\"caption\":\"Emilie\"},\"url\":\"https:\/\/efip.ctu.edu.vn\/web\/author\/emilie\/\"}]}<\/script>\n<!-- \/ Yoast SEO plugin. -->","yoast_head_json":{"title":"Soutien aux formations en ligne ou hybrides - EFIP","description":"Le bureau Asie-Pacifique de l'AUF lance un appel d'offres pour soutenir les initiatives et projets de mise en oeuvre de formations en ligne ou hybrides.","robots":{"index":"index","follow":"follow","max-snippet":"max-snippet:-1","max-image-preview":"max-image-preview:large","max-video-preview":"max-video-preview:-1"},"canonical":"https:\/\/efip.ctu.edu.vn\/web\/soutien-aux-formations-en-ligne-ou-hybrides\/","og_locale":"en_US","og_type":"article","og_title":"Soutien aux formations en ligne ou hybrides - EFIP","og_description":"Le bureau Asie-Pacifique de l'AUF lance un appel d'offres pour soutenir les initiatives et projets de mise en oeuvre de formations en ligne ou hybrides.","og_url":"https:\/\/efip.ctu.edu.vn\/web\/soutien-aux-formations-en-ligne-ou-hybrides\/","og_site_name":"EFIP","article_publisher":"https:\/\/www.facebook.com\/efipCanTho","article_published_time":"2020-07-06T00:00:00+00:00","og_image":[{"width":700,"height":350,"url":"https:\/\/efip.ctu.edu.vn\/web\/wp-content\/uploads\/2020\/06\/FR.Appel-\u00e0-projets-26.06-700x350-1.png","type":"image\/png"}],"author":"Emilie","twitter_card":"summary_large_image","twitter_misc":{"Written by":"Emilie","Est. reading time":"2 minutes"},"schema":{"@context":"https:\/\/schema.org","@graph":[{"@type":"Article","@id":"https:\/\/efip.ctu.edu.vn\/web\/soutien-aux-formations-en-ligne-ou-hybrides\/#article","isPartOf":{"@id":"https:\/\/efip.ctu.edu.vn\/web\/soutien-aux-formations-en-ligne-ou-hybrides\/"},"author":{"name":"Emilie","@id":"https:\/\/efip.ctu.edu.vn\/web\/#\/schema\/person\/53dc596cb2d0db2aa914c8a122a41e62"},"headline":"Soutien aux formations en ligne ou hybrides","datePublished":"2020-07-06T00:00:00+00:00","mainEntityOfPage":{"@id":"https:\/\/efip.ctu.edu.vn\/web\/soutien-aux-formations-en-ligne-ou-hybrides\/"},"wordCount":371,"commentCount":0,"publisher":{"@id":"https:\/\/efip.ctu.edu.vn\/web\/#organization"},"image":{"@id":"https:\/\/efip.ctu.edu.vn\/web\/soutien-aux-formations-en-ligne-ou-hybrides\/#primaryimage"},"thumbnailUrl":"https:\/\/efip.ctu.edu.vn\/web\/wp-content\/uploads\/2020\/06\/FR.Appel-\u00e0-projets-26.06-700x350-1.png","articleSection":["Actualit\u00e9s de la Francophonie","Appels d'offres"],"inLanguage":"en-US","potentialAction":[{"@type":"CommentAction","name":"Comment","target":["https:\/\/efip.ctu.edu.vn\/web\/soutien-aux-formations-en-ligne-ou-hybrides\/#respond"]}]},{"@type":"WebPage","@id":"https:\/\/efip.ctu.edu.vn\/web\/soutien-aux-formations-en-ligne-ou-hybrides\/","url":"https:\/\/efip.ctu.edu.vn\/web\/soutien-aux-formations-en-ligne-ou-hybrides\/","name":"Soutien aux formations en ligne ou hybrides - EFIP","isPartOf":{"@id":"https:\/\/efip.ctu.edu.vn\/web\/#website"},"primaryImageOfPage":{"@id":"https:\/\/efip.ctu.edu.vn\/web\/soutien-aux-formations-en-ligne-ou-hybrides\/#primaryimage"},"image":{"@id":"https:\/\/efip.ctu.edu.vn\/web\/soutien-aux-formations-en-ligne-ou-hybrides\/#primaryimage"},"thumbnailUrl":"https:\/\/efip.ctu.edu.vn\/web\/wp-content\/uploads\/2020\/06\/FR.Appel-\u00e0-projets-26.06-700x350-1.png","datePublished":"2020-07-06T00:00:00+00:00","description":"Le bureau Asie-Pacifique de l'AUF lance un appel d'offres pour soutenir les initiatives et projets de mise en oeuvre de formations en ligne ou hybrides.","breadcrumb":{"@id":"https:\/\/efip.ctu.edu.vn\/web\/soutien-aux-formations-en-ligne-ou-hybrides\/#breadcrumb"},"inLanguage":"en-US","potentialAction":[{"@type":"ReadAction","target":["https:\/\/efip.ctu.edu.vn\/web\/soutien-aux-formations-en-ligne-ou-hybrides\/"]}]},{"@type":"ImageObject","inLanguage":"en-US","@id":"https:\/\/efip.ctu.edu.vn\/web\/soutien-aux-formations-en-ligne-ou-hybrides\/#primaryimage","url":"https:\/\/efip.ctu.edu.vn\/web\/wp-content\/uploads\/2020\/06\/FR.Appel-\u00e0-projets-26.06-700x350-1.png","contentUrl":"https:\/\/efip.ctu.edu.vn\/web\/wp-content\/uploads\/2020\/06\/FR.Appel-\u00e0-projets-26.06-700x350-1.png","width":700,"height":350,"caption":"Soutien aux formations en ligne ou hybrides"},{"@type":"BreadcrumbList","@id":"https:\/\/efip.ctu.edu.vn\/web\/soutien-aux-formations-en-ligne-ou-hybrides\/#breadcrumb","itemListElement":[{"@type":"ListItem","position":1,"name":"Accueil","item":"https:\/\/efip.ctu.edu.vn\/web\/"},{"@type":"ListItem","position":2,"name":"Soutien aux formations en ligne ou hybrides"}]},{"@type":"WebSite","@id":"https:\/\/efip.ctu.edu.vn\/web\/#website","url":"https:\/\/efip.ctu.edu.vn\/web\/","name":"EFIP de Can Tho","description":"Espace Francophone d&#039;Innovation et de Partenariat","publisher":{"@id":"https:\/\/efip.ctu.edu.vn\/web\/#organization"},"potentialAction":[{"@type":"SearchAction","target":{"@type":"EntryPoint","urlTemplate":"https:\/\/efip.ctu.edu.vn\/web\/?s={search_term_string}"},"query-input":{"@type":"PropertyValueSpecification","valueRequired":true,"valueName":"search_term_string"}}],"inLanguage":"en-US"},{"@type":"Organization","@id":"https:\/\/efip.ctu.edu.vn\/web\/#organization","name":"EFIP","url":"https:\/\/efip.ctu.edu.vn\/web\/","logo":{"@type":"ImageObject","inLanguage":"en-US","@id":"https:\/\/efip.ctu.edu.vn\/web\/#\/schema\/logo\/image\/","url":"https:\/\/efip.ctu.edu.vn\/web\/wp-content\/uploads\/2025\/05\/efip2-150x89-1.jpg","contentUrl":"https:\/\/efip.ctu.edu.vn\/web\/wp-content\/uploads\/2025\/05\/efip2-150x89-1.jpg","width":150,"height":89,"caption":"EFIP"},"image":{"@id":"https:\/\/efip.ctu.edu.vn\/web\/#\/schema\/logo\/image\/"},"sameAs":["https:\/\/www.facebook.com\/efipCanTho"]},{"@type":"Person","@id":"https:\/\/efip.ctu.edu.vn\/web\/#\/schema\/person\/53dc596cb2d0db2aa914c8a122a41e62","name":"Emilie","image":{"@type":"ImageObject","inLanguage":"en-US","@id":"https:\/\/efip.ctu.edu.vn\/web\/#\/schema\/person\/image\/","url":"https:\/\/secure.gravatar.com\/avatar\/6a0fb05561be2eb61d5a590bc8bec4352d8fc07271158e66cac145fdb0f3d5ad?s=96&d=mm&r=g","contentUrl":"https:\/\/secure.gravatar.com\/avatar\/6a0fb05561be2eb61d5a590bc8bec4352d8fc07271158e66cac145fdb0f3d5ad?s=96&d=mm&r=g","caption":"Emilie"},"url":"https:\/\/efip.ctu.edu.vn\/web\/author\/emilie\/"}]}},"_links":{"self":[{"href":"https:\/\/efip.ctu.edu.vn\/web\/wp-json\/wp\/v2\/posts\/1623","targetHints":{"allow":["GET"]}}],"collection":[{"href":"https:\/\/efip.ctu.edu.vn\/web\/wp-json\/wp\/v2\/posts"}],"about":[{"href":"https:\/\/efip.ctu.edu.vn\/web\/wp-json\/wp\/v2\/types\/post"}],"author":[{"embeddable":true,"href":"https:\/\/efip.ctu.edu.vn\/web\/wp-json\/wp\/v2\/users\/3"}],"replies":[{"embeddable":true,"href":"https:\/\/efip.ctu.edu.vn\/web\/wp-json\/wp\/v2\/comments?post=1623"}],"version-history":[{"count":5,"href":"https:\/\/efip.ctu.edu.vn\/web\/wp-json\/wp\/v2\/posts\/1623\/revisions"}],"predecessor-version":[{"id":1629,"href":"https:\/\/efip.ctu.edu.vn\/web\/wp-json\/wp\/v2\/posts\/1623\/revisions\/1629"}],"wp:featuredmedia":[{"embeddable":true,"href":"https:\/\/efip.ctu.edu.vn\/web\/wp-json\/wp\/v2\/media\/1624"}],"wp:attachment":[{"href":"https:\/\/efip.ctu.edu.vn\/web\/wp-json\/wp\/v2\/media?parent=1623"}],"wp:term":[{"taxonomy":"category","embeddable":true,"href":"https:\/\/efip.ctu.edu.vn\/web\/wp-json\/wp\/v2\/categories?post=1623"},{"taxonomy":"post_tag","embeddable":true,"href":"https:\/\/efip.ctu.edu.vn\/web\/wp-json\/wp\/v2\/tags?post=1623"}],"curies":[{"name":"wp","href":"https:\/\/api.w.org\/{rel}","templated":true}]}}