{"id":127,"date":"2013-12-13T10:07:52","date_gmt":"2013-12-13T09:07:52","guid":{"rendered":"http:\/\/123.30.143.210\/web\/?p=127"},"modified":"2013-12-16T04:59:26","modified_gmt":"2013-12-16T03:59:26","slug":"concours-chansons-sans-frontieres","status":"publish","type":"post","link":"https:\/\/efip.ctu.edu.vn\/web\/concours-chansons-sans-frontieres\/","title":{"rendered":"CONCOURS : \u00ab Chansons sans fronti\u00e8res \u00bb"},"content":{"rendered":"<p style=\"text-align: justify;\">CHANSONS SANS FRONTI\u00c8RES, un concours d\u2019\u00e9criture en fran\u00e7ais ouvert \u00e0 tous, entame sa 8\u00e8me \u00e9dition. Vous avez encore 1 mois pour participer ! Ouvert aux participants de tous \u00e2ges et r\u00e9serv\u00e9 aux non professionnels, Chansons sans Fronti\u00e8res propose aux candidats d\u2019\u00e9crire un texte de chanson en fran\u00e7ais avec 3 couplets et un refrain sur un th\u00e8me diff\u00e9rent chaque ann\u00e9e.<\/p>\n<p style=\"text-align: justify;\">Le th\u00e8me de cette 8\u00e8me \u00e9dition est LIBERT\u00c9.<\/p>\n<p style=\"text-align: justify;\"><span style=\"color: #ff0000;\"><strong>La date limite pour envoyer votre texte est le 12 janvier 2014 !<\/strong> <\/span>Alors, \u00e0 vos crayons !<\/p>\n<p style=\"text-align: justify;\">Le gagnant aura la chance d\u2019aller en France une semaine, accompagn\u00e9 de la personne de son choix, tous frais pay\u00e9s par le Concours.<\/p>\n<p style=\"text-align: justify;\">D\u2019autres prix sont pr\u00e9vus :<br \/>\nPrix Partenaires : 500 euros<br \/>\nPrix Jeune Public, 300 euros<br \/>\nPrix Fran\u00e7ais langue maternelle : 150 euros.<\/p>\n<p style=\"text-align: justify;\">Bonne chance \u00e0 tous les participants.<\/p>\n<p style=\"text-align: right;\"><strong>Plus d\u2019infos :\u00a0<a href=\"http:\/\/www.chansons-sans-frontieres.fr\/actualites.php\" target=\"_blank\" rel=\"nofollow nofollow\">http:\/\/<wbr \/>www.chansons-sans-frontieres.fr<wbr \/>\/actualites.php<\/a><\/strong><\/p>\n","protected":false},"excerpt":{"rendered":"<p>CHANSONS SANS FRONTI\u00c8RES, un concours d\u2019\u00e9criture en fran\u00e7ais ouvert \u00e0 tous, entame sa 8\u00e8me \u00e9dition. Vous avez encore 1 mois &hellip; <br \/><a href=\"https:\/\/efip.ctu.edu.vn\/web\/concours-chansons-sans-frontieres\/\" class=\"more-link\">Continue reading <span class=\"screen-reader-text\">CONCOURS : \u00ab Chansons sans fronti\u00e8res \u00bb<\/span><\/a><\/p>\n","protected":false},"author":1,"featured_media":0,"comment_status":"closed","ping_status":"open","sticky":false,"template":"","format":"standard","meta":{"footnotes":""},"categories":[11],"tags":[14,15],"class_list":["post-127","post","type-post","status-publish","format-standard","hentry","category-projets-et-concours","tag-concours","tag-musique"],"yoast_head":"<!-- This site is optimized with the Yoast SEO plugin v25.0 - https:\/\/yoast.com\/wordpress\/plugins\/seo\/ -->\n<title>CONCOURS : \u00ab Chansons sans fronti\u00e8res \u00bb - EFIP<\/title>\n<meta name=\"robots\" content=\"index, follow, max-snippet:-1, max-image-preview:large, max-video-preview:-1\" \/>\n<link rel=\"canonical\" href=\"https:\/\/efip.ctu.edu.vn\/web\/concours-chansons-sans-frontieres\/\" \/>\n<meta property=\"og:locale\" content=\"en_US\" \/>\n<meta property=\"og:type\" content=\"article\" \/>\n<meta property=\"og:title\" content=\"CONCOURS : \u00ab Chansons sans fronti\u00e8res \u00bb - EFIP\" \/>\n<meta property=\"og:description\" content=\"CHANSONS SANS FRONTI\u00c8RES, un concours d\u2019\u00e9criture en fran\u00e7ais ouvert \u00e0 tous, entame sa 8\u00e8me \u00e9dition. Vous avez encore 1 mois &hellip; Continue reading CONCOURS : \u00ab Chansons sans fronti\u00e8res \u00bb\" \/>\n<meta property=\"og:url\" content=\"https:\/\/efip.ctu.edu.vn\/web\/concours-chansons-sans-frontieres\/\" \/>\n<meta property=\"og:site_name\" content=\"EFIP\" \/>\n<meta property=\"article:publisher\" content=\"https:\/\/www.facebook.com\/efipCanTho\" \/>\n<meta property=\"article:published_time\" content=\"2013-12-13T09:07:52+00:00\" \/>\n<meta property=\"article:modified_time\" content=\"2013-12-16T03:59:26+00:00\" \/>\n<meta property=\"og:image\" content=\"https:\/\/efip.ctu.edu.vn\/web\/wp-content\/uploads\/2020\/05\/EFIP-512x512-1.png\" \/>\n\t<meta property=\"og:image:width\" content=\"512\" \/>\n\t<meta property=\"og:image:height\" content=\"512\" \/>\n\t<meta property=\"og:image:type\" content=\"image\/png\" \/>\n<meta name=\"author\" content=\"admin\" \/>\n<meta name=\"twitter:card\" content=\"summary_large_image\" \/>\n<meta name=\"twitter:label1\" content=\"Written by\" \/>\n\t<meta name=\"twitter:data1\" content=\"admin\" \/>\n\t<meta name=\"twitter:label2\" content=\"Est. reading time\" \/>\n\t<meta name=\"twitter:data2\" content=\"1 minute\" \/>\n<script type=\"application\/ld+json\" class=\"yoast-schema-graph\">{\"@context\":\"https:\/\/schema.org\",\"@graph\":[{\"@type\":\"Article\",\"@id\":\"https:\/\/efip.ctu.edu.vn\/web\/concours-chansons-sans-frontieres\/#article\",\"isPartOf\":{\"@id\":\"https:\/\/efip.ctu.edu.vn\/web\/concours-chansons-sans-frontieres\/\"},\"author\":{\"name\":\"admin\",\"@id\":\"https:\/\/efip.ctu.edu.vn\/web\/#\/schema\/person\/35bc81d3e308c29df375a0cc2358e442\"},\"headline\":\"CONCOURS : \u00ab Chansons sans fronti\u00e8res \u00bb\",\"datePublished\":\"2013-12-13T09:07:52+00:00\",\"dateModified\":\"2013-12-16T03:59:26+00:00\",\"mainEntityOfPage\":{\"@id\":\"https:\/\/efip.ctu.edu.vn\/web\/concours-chansons-sans-frontieres\/\"},\"wordCount\":150,\"publisher\":{\"@id\":\"https:\/\/efip.ctu.edu.vn\/web\/#organization\"},\"keywords\":[\"concours\",\"musique\"],\"articleSection\":[\"Projets et concours\"],\"inLanguage\":\"en-US\"},{\"@type\":\"WebPage\",\"@id\":\"https:\/\/efip.ctu.edu.vn\/web\/concours-chansons-sans-frontieres\/\",\"url\":\"https:\/\/efip.ctu.edu.vn\/web\/concours-chansons-sans-frontieres\/\",\"name\":\"CONCOURS : \u00ab Chansons sans fronti\u00e8res \u00bb - EFIP\",\"isPartOf\":{\"@id\":\"https:\/\/efip.ctu.edu.vn\/web\/#website\"},\"datePublished\":\"2013-12-13T09:07:52+00:00\",\"dateModified\":\"2013-12-16T03:59:26+00:00\",\"breadcrumb\":{\"@id\":\"https:\/\/efip.ctu.edu.vn\/web\/concours-chansons-sans-frontieres\/#breadcrumb\"},\"inLanguage\":\"en-US\",\"potentialAction\":[{\"@type\":\"ReadAction\",\"target\":[\"https:\/\/efip.ctu.edu.vn\/web\/concours-chansons-sans-frontieres\/\"]}]},{\"@type\":\"BreadcrumbList\",\"@id\":\"https:\/\/efip.ctu.edu.vn\/web\/concours-chansons-sans-frontieres\/#breadcrumb\",\"itemListElement\":[{\"@type\":\"ListItem\",\"position\":1,\"name\":\"Accueil\",\"item\":\"https:\/\/efip.ctu.edu.vn\/web\/\"},{\"@type\":\"ListItem\",\"position\":2,\"name\":\"CONCOURS : \u00ab Chansons sans fronti\u00e8res \u00bb\"}]},{\"@type\":\"WebSite\",\"@id\":\"https:\/\/efip.ctu.edu.vn\/web\/#website\",\"url\":\"https:\/\/efip.ctu.edu.vn\/web\/\",\"name\":\"EFIP de Can Tho\",\"description\":\"Espace Francophone d&#039;Innovation et de Partenariat\",\"publisher\":{\"@id\":\"https:\/\/efip.ctu.edu.vn\/web\/#organization\"},\"potentialAction\":[{\"@type\":\"SearchAction\",\"target\":{\"@type\":\"EntryPoint\",\"urlTemplate\":\"https:\/\/efip.ctu.edu.vn\/web\/?s={search_term_string}\"},\"query-input\":{\"@type\":\"PropertyValueSpecification\",\"valueRequired\":true,\"valueName\":\"search_term_string\"}}],\"inLanguage\":\"en-US\"},{\"@type\":\"Organization\",\"@id\":\"https:\/\/efip.ctu.edu.vn\/web\/#organization\",\"name\":\"EFIP\",\"url\":\"https:\/\/efip.ctu.edu.vn\/web\/\",\"logo\":{\"@type\":\"ImageObject\",\"inLanguage\":\"en-US\",\"@id\":\"https:\/\/efip.ctu.edu.vn\/web\/#\/schema\/logo\/image\/\",\"url\":\"https:\/\/efip.ctu.edu.vn\/web\/wp-content\/uploads\/2025\/05\/efip2-150x89-1.jpg\",\"contentUrl\":\"https:\/\/efip.ctu.edu.vn\/web\/wp-content\/uploads\/2025\/05\/efip2-150x89-1.jpg\",\"width\":150,\"height\":89,\"caption\":\"EFIP\"},\"image\":{\"@id\":\"https:\/\/efip.ctu.edu.vn\/web\/#\/schema\/logo\/image\/\"},\"sameAs\":[\"https:\/\/www.facebook.com\/efipCanTho\"]},{\"@type\":\"Person\",\"@id\":\"https:\/\/efip.ctu.edu.vn\/web\/#\/schema\/person\/35bc81d3e308c29df375a0cc2358e442\",\"name\":\"admin\",\"image\":{\"@type\":\"ImageObject\",\"inLanguage\":\"en-US\",\"@id\":\"https:\/\/efip.ctu.edu.vn\/web\/#\/schema\/person\/image\/\",\"url\":\"https:\/\/secure.gravatar.com\/avatar\/144c36c5502d0d1a7b02b09340de56ca801ac10a6ddb81d97fb402dacf6a4ef1?s=96&d=mm&r=g\",\"contentUrl\":\"https:\/\/secure.gravatar.com\/avatar\/144c36c5502d0d1a7b02b09340de56ca801ac10a6ddb81d97fb402dacf6a4ef1?s=96&d=mm&r=g\",\"caption\":\"admin\"},\"url\":\"https:\/\/efip.ctu.edu.vn\/web\/author\/admin\/\"}]}<\/script>\n<!-- \/ Yoast SEO plugin. -->","yoast_head_json":{"title":"CONCOURS : \u00ab Chansons sans fronti\u00e8res \u00bb - EFIP","robots":{"index":"index","follow":"follow","max-snippet":"max-snippet:-1","max-image-preview":"max-image-preview:large","max-video-preview":"max-video-preview:-1"},"canonical":"https:\/\/efip.ctu.edu.vn\/web\/concours-chansons-sans-frontieres\/","og_locale":"en_US","og_type":"article","og_title":"CONCOURS : \u00ab Chansons sans fronti\u00e8res \u00bb - EFIP","og_description":"CHANSONS SANS FRONTI\u00c8RES, un concours d\u2019\u00e9criture en fran\u00e7ais ouvert \u00e0 tous, entame sa 8\u00e8me \u00e9dition. Vous avez encore 1 mois &hellip; Continue reading CONCOURS : \u00ab Chansons sans fronti\u00e8res \u00bb","og_url":"https:\/\/efip.ctu.edu.vn\/web\/concours-chansons-sans-frontieres\/","og_site_name":"EFIP","article_publisher":"https:\/\/www.facebook.com\/efipCanTho","article_published_time":"2013-12-13T09:07:52+00:00","article_modified_time":"2013-12-16T03:59:26+00:00","og_image":[{"width":512,"height":512,"url":"https:\/\/efip.ctu.edu.vn\/web\/wp-content\/uploads\/2020\/05\/EFIP-512x512-1.png","type":"image\/png"}],"author":"admin","twitter_card":"summary_large_image","twitter_misc":{"Written by":"admin","Est. reading time":"1 minute"},"schema":{"@context":"https:\/\/schema.org","@graph":[{"@type":"Article","@id":"https:\/\/efip.ctu.edu.vn\/web\/concours-chansons-sans-frontieres\/#article","isPartOf":{"@id":"https:\/\/efip.ctu.edu.vn\/web\/concours-chansons-sans-frontieres\/"},"author":{"name":"admin","@id":"https:\/\/efip.ctu.edu.vn\/web\/#\/schema\/person\/35bc81d3e308c29df375a0cc2358e442"},"headline":"CONCOURS : \u00ab Chansons sans fronti\u00e8res \u00bb","datePublished":"2013-12-13T09:07:52+00:00","dateModified":"2013-12-16T03:59:26+00:00","mainEntityOfPage":{"@id":"https:\/\/efip.ctu.edu.vn\/web\/concours-chansons-sans-frontieres\/"},"wordCount":150,"publisher":{"@id":"https:\/\/efip.ctu.edu.vn\/web\/#organization"},"keywords":["concours","musique"],"articleSection":["Projets et concours"],"inLanguage":"en-US"},{"@type":"WebPage","@id":"https:\/\/efip.ctu.edu.vn\/web\/concours-chansons-sans-frontieres\/","url":"https:\/\/efip.ctu.edu.vn\/web\/concours-chansons-sans-frontieres\/","name":"CONCOURS : \u00ab Chansons sans fronti\u00e8res \u00bb - EFIP","isPartOf":{"@id":"https:\/\/efip.ctu.edu.vn\/web\/#website"},"datePublished":"2013-12-13T09:07:52+00:00","dateModified":"2013-12-16T03:59:26+00:00","breadcrumb":{"@id":"https:\/\/efip.ctu.edu.vn\/web\/concours-chansons-sans-frontieres\/#breadcrumb"},"inLanguage":"en-US","potentialAction":[{"@type":"ReadAction","target":["https:\/\/efip.ctu.edu.vn\/web\/concours-chansons-sans-frontieres\/"]}]},{"@type":"BreadcrumbList","@id":"https:\/\/efip.ctu.edu.vn\/web\/concours-chansons-sans-frontieres\/#breadcrumb","itemListElement":[{"@type":"ListItem","position":1,"name":"Accueil","item":"https:\/\/efip.ctu.edu.vn\/web\/"},{"@type":"ListItem","position":2,"name":"CONCOURS : \u00ab Chansons sans fronti\u00e8res \u00bb"}]},{"@type":"WebSite","@id":"https:\/\/efip.ctu.edu.vn\/web\/#website","url":"https:\/\/efip.ctu.edu.vn\/web\/","name":"EFIP de Can Tho","description":"Espace Francophone d&#039;Innovation et de Partenariat","publisher":{"@id":"https:\/\/efip.ctu.edu.vn\/web\/#organization"},"potentialAction":[{"@type":"SearchAction","target":{"@type":"EntryPoint","urlTemplate":"https:\/\/efip.ctu.edu.vn\/web\/?s={search_term_string}"},"query-input":{"@type":"PropertyValueSpecification","valueRequired":true,"valueName":"search_term_string"}}],"inLanguage":"en-US"},{"@type":"Organization","@id":"https:\/\/efip.ctu.edu.vn\/web\/#organization","name":"EFIP","url":"https:\/\/efip.ctu.edu.vn\/web\/","logo":{"@type":"ImageObject","inLanguage":"en-US","@id":"https:\/\/efip.ctu.edu.vn\/web\/#\/schema\/logo\/image\/","url":"https:\/\/efip.ctu.edu.vn\/web\/wp-content\/uploads\/2025\/05\/efip2-150x89-1.jpg","contentUrl":"https:\/\/efip.ctu.edu.vn\/web\/wp-content\/uploads\/2025\/05\/efip2-150x89-1.jpg","width":150,"height":89,"caption":"EFIP"},"image":{"@id":"https:\/\/efip.ctu.edu.vn\/web\/#\/schema\/logo\/image\/"},"sameAs":["https:\/\/www.facebook.com\/efipCanTho"]},{"@type":"Person","@id":"https:\/\/efip.ctu.edu.vn\/web\/#\/schema\/person\/35bc81d3e308c29df375a0cc2358e442","name":"admin","image":{"@type":"ImageObject","inLanguage":"en-US","@id":"https:\/\/efip.ctu.edu.vn\/web\/#\/schema\/person\/image\/","url":"https:\/\/secure.gravatar.com\/avatar\/144c36c5502d0d1a7b02b09340de56ca801ac10a6ddb81d97fb402dacf6a4ef1?s=96&d=mm&r=g","contentUrl":"https:\/\/secure.gravatar.com\/avatar\/144c36c5502d0d1a7b02b09340de56ca801ac10a6ddb81d97fb402dacf6a4ef1?s=96&d=mm&r=g","caption":"admin"},"url":"https:\/\/efip.ctu.edu.vn\/web\/author\/admin\/"}]}},"_links":{"self":[{"href":"https:\/\/efip.ctu.edu.vn\/web\/wp-json\/wp\/v2\/posts\/127","targetHints":{"allow":["GET"]}}],"collection":[{"href":"https:\/\/efip.ctu.edu.vn\/web\/wp-json\/wp\/v2\/posts"}],"about":[{"href":"https:\/\/efip.ctu.edu.vn\/web\/wp-json\/wp\/v2\/types\/post"}],"author":[{"embeddable":true,"href":"https:\/\/efip.ctu.edu.vn\/web\/wp-json\/wp\/v2\/users\/1"}],"replies":[{"embeddable":true,"href":"https:\/\/efip.ctu.edu.vn\/web\/wp-json\/wp\/v2\/comments?post=127"}],"version-history":[{"count":3,"href":"https:\/\/efip.ctu.edu.vn\/web\/wp-json\/wp\/v2\/posts\/127\/revisions"}],"predecessor-version":[{"id":158,"href":"https:\/\/efip.ctu.edu.vn\/web\/wp-json\/wp\/v2\/posts\/127\/revisions\/158"}],"wp:attachment":[{"href":"https:\/\/efip.ctu.edu.vn\/web\/wp-json\/wp\/v2\/media?parent=127"}],"wp:term":[{"taxonomy":"category","embeddable":true,"href":"https:\/\/efip.ctu.edu.vn\/web\/wp-json\/wp\/v2\/categories?post=127"},{"taxonomy":"post_tag","embeddable":true,"href":"https:\/\/efip.ctu.edu.vn\/web\/wp-json\/wp\/v2\/tags?post=127"}],"curies":[{"name":"wp","href":"https:\/\/api.w.org\/{rel}","templated":true}]}}