{"id":1236,"date":"2020-06-08T09:06:38","date_gmt":"2020-06-08T02:06:38","guid":{"rendered":"https:\/\/efip.ctu.edu.vn\/web\/?p=1236"},"modified":"2020-07-03T19:50:28","modified_gmt":"2020-07-03T12:50:28","slug":"delf-tous-publics-session-07-2020","status":"publish","type":"post","link":"https:\/\/efip.ctu.edu.vn\/web\/delf-tous-publics-session-07-2020\/","title":{"rendered":"DELF Tous Publics Session 07\/2020"},"content":{"rendered":"\n<figure class=\"wp-block-image size-large\"><img fetchpriority=\"high\" decoding=\"async\" width=\"699\" height=\"1024\" src=\"https:\/\/efip.ctu.edu.vn\/web\/wp-content\/uploads\/2020\/06\/DELF-TP-2020-07-699x1024.jpg\" alt=\"\" class=\"wp-image-1237\" srcset=\"https:\/\/efip.ctu.edu.vn\/web\/wp-content\/uploads\/2020\/06\/DELF-TP-2020-07-699x1024.jpg 699w, https:\/\/efip.ctu.edu.vn\/web\/wp-content\/uploads\/2020\/06\/DELF-TP-2020-07-205x300.jpg 205w, https:\/\/efip.ctu.edu.vn\/web\/wp-content\/uploads\/2020\/06\/DELF-TP-2020-07-768x1125.jpg 768w, https:\/\/efip.ctu.edu.vn\/web\/wp-content\/uploads\/2020\/06\/DELF-TP-2020-07-1049x1536.jpg 1049w, https:\/\/efip.ctu.edu.vn\/web\/wp-content\/uploads\/2020\/06\/DELF-TP-2020-07-1398x2048.jpg 1398w, https:\/\/efip.ctu.edu.vn\/web\/wp-content\/uploads\/2020\/06\/DELF-TP-2020-07-75x110.jpg 75w, https:\/\/efip.ctu.edu.vn\/web\/wp-content\/uploads\/2020\/06\/DELF-TP-2020-07-287x420.jpg 287w, https:\/\/efip.ctu.edu.vn\/web\/wp-content\/uploads\/2020\/06\/DELF-TP-2020-07-294x430.jpg 294w, https:\/\/efip.ctu.edu.vn\/web\/wp-content\/uploads\/2020\/06\/DELF-TP-2020-07-scaled.jpg 1748w\" sizes=\"(max-width: 699px) 100vw, 699px\" \/><\/figure>\n\n\n\n<p>En raison de l&#8217;\u00e9pid\u00e9mie de Covid-19, une session suppl\u00e9mentaire du DELF-DALF tous publics sera organis\u00e9e au mois de juillet 2020 :<\/p>\n\n\n\n<ul class=\"wp-block-list\"><li>DELF A1 : le samedi 18 juillet,<\/li><li>DELF A2 : le samedi 25 juillet,<\/li><li>DELF B1 : le dimanche 19 juillet,<\/li><li>DELF B2 : le dimanche 26 juillet,<\/li><li>DALF C1: le samedi 18 juillet,<\/li><li>DALF C2 : le samedi 25 juillet.<\/li><\/ul>\n\n\n\n<p><\/p>\n\n\n\n<p><strong>Les<\/strong> <strong>inscriptions sont dor\u00e9navant ouvertes jusqu&#8217;au 26 juin 2020. <\/strong><\/p>\n\n\n\n<p>Pour plus d&#8217;informations, contactez le centre DELF-DALF de Can Tho via leur page <a rel=\"noreferrer noopener\" href=\"https:\/\/www.facebook.com\/CentreDelfCantho\/\" target=\"_blank\">Facebook<\/a> (<a rel=\"noreferrer noopener\" href=\"https:\/\/www.facebook.com\/CentreDelfCantho\/\" target=\"_blank\">https:\/\/www.facebook.com\/CentreDelfCantho\/<\/a>) ou par courriel \u00e0 <a href=\"mailto:nhthai@ctu.edu.vn\" target=\"_blank\" rel=\"noreferrer noopener\">nhthai@ctu.edu.vn<\/a> .<\/p>\n","protected":false},"excerpt":{"rendered":"<p>En raison de l&#8217;\u00e9pid\u00e9mie de Covid-19, une session suppl\u00e9mentaire du DELF-DALF tous publics sera organis\u00e9e au mois de juillet 2020 &hellip; <br \/><a href=\"https:\/\/efip.ctu.edu.vn\/web\/delf-tous-publics-session-07-2020\/\" class=\"more-link\">Continue reading <span class=\"screen-reader-text\">DELF Tous Publics Session 07\/2020<\/span><\/a><\/p>\n","protected":false},"author":3,"featured_media":1237,"comment_status":"open","ping_status":"open","sticky":false,"template":"","format":"standard","meta":{"footnotes":""},"categories":[8,57],"tags":[],"class_list":["post-1236","post","type-post","status-publish","format-standard","has-post-thumbnail","hentry","category-actualites-de-la-francophonie","category-divers"],"yoast_head":"<!-- This site is optimized with the Yoast SEO plugin v25.0 - https:\/\/yoast.com\/wordpress\/plugins\/seo\/ -->\n<title>DELF Tous Publics Session 07\/2020 - EFIP<\/title>\n<meta name=\"description\" content=\"Les inscriptions \u00e0 la session exceptionnelle de juillet 2020 du DELF Tous Publics sont ouvertes !\" \/>\n<meta name=\"robots\" content=\"index, follow, max-snippet:-1, max-image-preview:large, max-video-preview:-1\" \/>\n<link rel=\"canonical\" href=\"https:\/\/efip.ctu.edu.vn\/web\/delf-tous-publics-session-07-2020\/\" \/>\n<meta property=\"og:locale\" content=\"en_US\" \/>\n<meta property=\"og:type\" content=\"article\" \/>\n<meta property=\"og:title\" content=\"DELF Tous Publics Juillet 2020\" \/>\n<meta property=\"og:description\" content=\"Les inscriptions \u00e0 la session exceptionnelle de juillet 2020 sont ouvertes !\" \/>\n<meta property=\"og:url\" content=\"https:\/\/efip.ctu.edu.vn\/web\/delf-tous-publics-session-07-2020\/\" \/>\n<meta property=\"og:site_name\" content=\"EFIP\" \/>\n<meta property=\"article:publisher\" content=\"https:\/\/www.facebook.com\/efipCanTho\" \/>\n<meta property=\"article:published_time\" content=\"2020-06-08T02:06:38+00:00\" \/>\n<meta property=\"article:modified_time\" content=\"2020-07-03T12:50:28+00:00\" \/>\n<meta property=\"og:image\" content=\"https:\/\/efip.ctu.edu.vn\/web\/wp-content\/uploads\/2020\/06\/DELF-TP-2020-07-scaled.jpg\" \/>\n\t<meta property=\"og:image:width\" content=\"1748\" \/>\n\t<meta property=\"og:image:height\" content=\"2560\" \/>\n\t<meta property=\"og:image:type\" content=\"image\/jpeg\" \/>\n<meta name=\"author\" content=\"Emilie\" \/>\n<meta name=\"twitter:card\" content=\"summary_large_image\" \/>\n<meta name=\"twitter:label1\" content=\"Written by\" \/>\n\t<meta name=\"twitter:data1\" content=\"Emilie\" \/>\n<script type=\"application\/ld+json\" class=\"yoast-schema-graph\">{\"@context\":\"https:\/\/schema.org\",\"@graph\":[{\"@type\":\"Article\",\"@id\":\"https:\/\/efip.ctu.edu.vn\/web\/delf-tous-publics-session-07-2020\/#article\",\"isPartOf\":{\"@id\":\"https:\/\/efip.ctu.edu.vn\/web\/delf-tous-publics-session-07-2020\/\"},\"author\":{\"name\":\"Emilie\",\"@id\":\"https:\/\/efip.ctu.edu.vn\/web\/#\/schema\/person\/53dc596cb2d0db2aa914c8a122a41e62\"},\"headline\":\"DELF Tous Publics Session 07\/2020\",\"datePublished\":\"2020-06-08T02:06:38+00:00\",\"dateModified\":\"2020-07-03T12:50:28+00:00\",\"mainEntityOfPage\":{\"@id\":\"https:\/\/efip.ctu.edu.vn\/web\/delf-tous-publics-session-07-2020\/\"},\"wordCount\":91,\"commentCount\":0,\"publisher\":{\"@id\":\"https:\/\/efip.ctu.edu.vn\/web\/#organization\"},\"image\":{\"@id\":\"https:\/\/efip.ctu.edu.vn\/web\/delf-tous-publics-session-07-2020\/#primaryimage\"},\"thumbnailUrl\":\"https:\/\/efip.ctu.edu.vn\/web\/wp-content\/uploads\/2020\/06\/DELF-TP-2020-07-scaled.jpg\",\"articleSection\":[\"Actualit\u00e9s de la Francophonie\",\"Divers\"],\"inLanguage\":\"en-US\",\"potentialAction\":[{\"@type\":\"CommentAction\",\"name\":\"Comment\",\"target\":[\"https:\/\/efip.ctu.edu.vn\/web\/delf-tous-publics-session-07-2020\/#respond\"]}]},{\"@type\":\"WebPage\",\"@id\":\"https:\/\/efip.ctu.edu.vn\/web\/delf-tous-publics-session-07-2020\/\",\"url\":\"https:\/\/efip.ctu.edu.vn\/web\/delf-tous-publics-session-07-2020\/\",\"name\":\"DELF Tous Publics Session 07\/2020 - EFIP\",\"isPartOf\":{\"@id\":\"https:\/\/efip.ctu.edu.vn\/web\/#website\"},\"primaryImageOfPage\":{\"@id\":\"https:\/\/efip.ctu.edu.vn\/web\/delf-tous-publics-session-07-2020\/#primaryimage\"},\"image\":{\"@id\":\"https:\/\/efip.ctu.edu.vn\/web\/delf-tous-publics-session-07-2020\/#primaryimage\"},\"thumbnailUrl\":\"https:\/\/efip.ctu.edu.vn\/web\/wp-content\/uploads\/2020\/06\/DELF-TP-2020-07-scaled.jpg\",\"datePublished\":\"2020-06-08T02:06:38+00:00\",\"dateModified\":\"2020-07-03T12:50:28+00:00\",\"description\":\"Les inscriptions \u00e0 la session exceptionnelle de juillet 2020 du DELF Tous Publics sont ouvertes !\",\"breadcrumb\":{\"@id\":\"https:\/\/efip.ctu.edu.vn\/web\/delf-tous-publics-session-07-2020\/#breadcrumb\"},\"inLanguage\":\"en-US\",\"potentialAction\":[{\"@type\":\"ReadAction\",\"target\":[\"https:\/\/efip.ctu.edu.vn\/web\/delf-tous-publics-session-07-2020\/\"]}]},{\"@type\":\"ImageObject\",\"inLanguage\":\"en-US\",\"@id\":\"https:\/\/efip.ctu.edu.vn\/web\/delf-tous-publics-session-07-2020\/#primaryimage\",\"url\":\"https:\/\/efip.ctu.edu.vn\/web\/wp-content\/uploads\/2020\/06\/DELF-TP-2020-07-scaled.jpg\",\"contentUrl\":\"https:\/\/efip.ctu.edu.vn\/web\/wp-content\/uploads\/2020\/06\/DELF-TP-2020-07-scaled.jpg\",\"width\":1748,\"height\":2560},{\"@type\":\"BreadcrumbList\",\"@id\":\"https:\/\/efip.ctu.edu.vn\/web\/delf-tous-publics-session-07-2020\/#breadcrumb\",\"itemListElement\":[{\"@type\":\"ListItem\",\"position\":1,\"name\":\"Accueil\",\"item\":\"https:\/\/efip.ctu.edu.vn\/web\/\"},{\"@type\":\"ListItem\",\"position\":2,\"name\":\"DELF Tous Publics Session 07\/2020\"}]},{\"@type\":\"WebSite\",\"@id\":\"https:\/\/efip.ctu.edu.vn\/web\/#website\",\"url\":\"https:\/\/efip.ctu.edu.vn\/web\/\",\"name\":\"EFIP de Can Tho\",\"description\":\"Espace Francophone d&#039;Innovation et de Partenariat\",\"publisher\":{\"@id\":\"https:\/\/efip.ctu.edu.vn\/web\/#organization\"},\"potentialAction\":[{\"@type\":\"SearchAction\",\"target\":{\"@type\":\"EntryPoint\",\"urlTemplate\":\"https:\/\/efip.ctu.edu.vn\/web\/?s={search_term_string}\"},\"query-input\":{\"@type\":\"PropertyValueSpecification\",\"valueRequired\":true,\"valueName\":\"search_term_string\"}}],\"inLanguage\":\"en-US\"},{\"@type\":\"Organization\",\"@id\":\"https:\/\/efip.ctu.edu.vn\/web\/#organization\",\"name\":\"EFIP\",\"url\":\"https:\/\/efip.ctu.edu.vn\/web\/\",\"logo\":{\"@type\":\"ImageObject\",\"inLanguage\":\"en-US\",\"@id\":\"https:\/\/efip.ctu.edu.vn\/web\/#\/schema\/logo\/image\/\",\"url\":\"https:\/\/efip.ctu.edu.vn\/web\/wp-content\/uploads\/2025\/05\/efip2-150x89-1.jpg\",\"contentUrl\":\"https:\/\/efip.ctu.edu.vn\/web\/wp-content\/uploads\/2025\/05\/efip2-150x89-1.jpg\",\"width\":150,\"height\":89,\"caption\":\"EFIP\"},\"image\":{\"@id\":\"https:\/\/efip.ctu.edu.vn\/web\/#\/schema\/logo\/image\/\"},\"sameAs\":[\"https:\/\/www.facebook.com\/efipCanTho\"]},{\"@type\":\"Person\",\"@id\":\"https:\/\/efip.ctu.edu.vn\/web\/#\/schema\/person\/53dc596cb2d0db2aa914c8a122a41e62\",\"name\":\"Emilie\",\"image\":{\"@type\":\"ImageObject\",\"inLanguage\":\"en-US\",\"@id\":\"https:\/\/efip.ctu.edu.vn\/web\/#\/schema\/person\/image\/\",\"url\":\"https:\/\/secure.gravatar.com\/avatar\/6a0fb05561be2eb61d5a590bc8bec4352d8fc07271158e66cac145fdb0f3d5ad?s=96&d=mm&r=g\",\"contentUrl\":\"https:\/\/secure.gravatar.com\/avatar\/6a0fb05561be2eb61d5a590bc8bec4352d8fc07271158e66cac145fdb0f3d5ad?s=96&d=mm&r=g\",\"caption\":\"Emilie\"},\"url\":\"https:\/\/efip.ctu.edu.vn\/web\/author\/emilie\/\"}]}<\/script>\n<!-- \/ Yoast SEO plugin. -->","yoast_head_json":{"title":"DELF Tous Publics Session 07\/2020 - EFIP","description":"Les inscriptions \u00e0 la session exceptionnelle de juillet 2020 du DELF Tous Publics sont ouvertes !","robots":{"index":"index","follow":"follow","max-snippet":"max-snippet:-1","max-image-preview":"max-image-preview:large","max-video-preview":"max-video-preview:-1"},"canonical":"https:\/\/efip.ctu.edu.vn\/web\/delf-tous-publics-session-07-2020\/","og_locale":"en_US","og_type":"article","og_title":"DELF Tous Publics Juillet 2020","og_description":"Les inscriptions \u00e0 la session exceptionnelle de juillet 2020 sont ouvertes !","og_url":"https:\/\/efip.ctu.edu.vn\/web\/delf-tous-publics-session-07-2020\/","og_site_name":"EFIP","article_publisher":"https:\/\/www.facebook.com\/efipCanTho","article_published_time":"2020-06-08T02:06:38+00:00","article_modified_time":"2020-07-03T12:50:28+00:00","og_image":[{"width":1748,"height":2560,"url":"https:\/\/efip.ctu.edu.vn\/web\/wp-content\/uploads\/2020\/06\/DELF-TP-2020-07-scaled.jpg","type":"image\/jpeg"}],"author":"Emilie","twitter_card":"summary_large_image","twitter_misc":{"Written by":"Emilie"},"schema":{"@context":"https:\/\/schema.org","@graph":[{"@type":"Article","@id":"https:\/\/efip.ctu.edu.vn\/web\/delf-tous-publics-session-07-2020\/#article","isPartOf":{"@id":"https:\/\/efip.ctu.edu.vn\/web\/delf-tous-publics-session-07-2020\/"},"author":{"name":"Emilie","@id":"https:\/\/efip.ctu.edu.vn\/web\/#\/schema\/person\/53dc596cb2d0db2aa914c8a122a41e62"},"headline":"DELF Tous Publics Session 07\/2020","datePublished":"2020-06-08T02:06:38+00:00","dateModified":"2020-07-03T12:50:28+00:00","mainEntityOfPage":{"@id":"https:\/\/efip.ctu.edu.vn\/web\/delf-tous-publics-session-07-2020\/"},"wordCount":91,"commentCount":0,"publisher":{"@id":"https:\/\/efip.ctu.edu.vn\/web\/#organization"},"image":{"@id":"https:\/\/efip.ctu.edu.vn\/web\/delf-tous-publics-session-07-2020\/#primaryimage"},"thumbnailUrl":"https:\/\/efip.ctu.edu.vn\/web\/wp-content\/uploads\/2020\/06\/DELF-TP-2020-07-scaled.jpg","articleSection":["Actualit\u00e9s de la Francophonie","Divers"],"inLanguage":"en-US","potentialAction":[{"@type":"CommentAction","name":"Comment","target":["https:\/\/efip.ctu.edu.vn\/web\/delf-tous-publics-session-07-2020\/#respond"]}]},{"@type":"WebPage","@id":"https:\/\/efip.ctu.edu.vn\/web\/delf-tous-publics-session-07-2020\/","url":"https:\/\/efip.ctu.edu.vn\/web\/delf-tous-publics-session-07-2020\/","name":"DELF Tous Publics Session 07\/2020 - EFIP","isPartOf":{"@id":"https:\/\/efip.ctu.edu.vn\/web\/#website"},"primaryImageOfPage":{"@id":"https:\/\/efip.ctu.edu.vn\/web\/delf-tous-publics-session-07-2020\/#primaryimage"},"image":{"@id":"https:\/\/efip.ctu.edu.vn\/web\/delf-tous-publics-session-07-2020\/#primaryimage"},"thumbnailUrl":"https:\/\/efip.ctu.edu.vn\/web\/wp-content\/uploads\/2020\/06\/DELF-TP-2020-07-scaled.jpg","datePublished":"2020-06-08T02:06:38+00:00","dateModified":"2020-07-03T12:50:28+00:00","description":"Les inscriptions \u00e0 la session exceptionnelle de juillet 2020 du DELF Tous Publics sont ouvertes !","breadcrumb":{"@id":"https:\/\/efip.ctu.edu.vn\/web\/delf-tous-publics-session-07-2020\/#breadcrumb"},"inLanguage":"en-US","potentialAction":[{"@type":"ReadAction","target":["https:\/\/efip.ctu.edu.vn\/web\/delf-tous-publics-session-07-2020\/"]}]},{"@type":"ImageObject","inLanguage":"en-US","@id":"https:\/\/efip.ctu.edu.vn\/web\/delf-tous-publics-session-07-2020\/#primaryimage","url":"https:\/\/efip.ctu.edu.vn\/web\/wp-content\/uploads\/2020\/06\/DELF-TP-2020-07-scaled.jpg","contentUrl":"https:\/\/efip.ctu.edu.vn\/web\/wp-content\/uploads\/2020\/06\/DELF-TP-2020-07-scaled.jpg","width":1748,"height":2560},{"@type":"BreadcrumbList","@id":"https:\/\/efip.ctu.edu.vn\/web\/delf-tous-publics-session-07-2020\/#breadcrumb","itemListElement":[{"@type":"ListItem","position":1,"name":"Accueil","item":"https:\/\/efip.ctu.edu.vn\/web\/"},{"@type":"ListItem","position":2,"name":"DELF Tous Publics Session 07\/2020"}]},{"@type":"WebSite","@id":"https:\/\/efip.ctu.edu.vn\/web\/#website","url":"https:\/\/efip.ctu.edu.vn\/web\/","name":"EFIP de Can Tho","description":"Espace Francophone d&#039;Innovation et de Partenariat","publisher":{"@id":"https:\/\/efip.ctu.edu.vn\/web\/#organization"},"potentialAction":[{"@type":"SearchAction","target":{"@type":"EntryPoint","urlTemplate":"https:\/\/efip.ctu.edu.vn\/web\/?s={search_term_string}"},"query-input":{"@type":"PropertyValueSpecification","valueRequired":true,"valueName":"search_term_string"}}],"inLanguage":"en-US"},{"@type":"Organization","@id":"https:\/\/efip.ctu.edu.vn\/web\/#organization","name":"EFIP","url":"https:\/\/efip.ctu.edu.vn\/web\/","logo":{"@type":"ImageObject","inLanguage":"en-US","@id":"https:\/\/efip.ctu.edu.vn\/web\/#\/schema\/logo\/image\/","url":"https:\/\/efip.ctu.edu.vn\/web\/wp-content\/uploads\/2025\/05\/efip2-150x89-1.jpg","contentUrl":"https:\/\/efip.ctu.edu.vn\/web\/wp-content\/uploads\/2025\/05\/efip2-150x89-1.jpg","width":150,"height":89,"caption":"EFIP"},"image":{"@id":"https:\/\/efip.ctu.edu.vn\/web\/#\/schema\/logo\/image\/"},"sameAs":["https:\/\/www.facebook.com\/efipCanTho"]},{"@type":"Person","@id":"https:\/\/efip.ctu.edu.vn\/web\/#\/schema\/person\/53dc596cb2d0db2aa914c8a122a41e62","name":"Emilie","image":{"@type":"ImageObject","inLanguage":"en-US","@id":"https:\/\/efip.ctu.edu.vn\/web\/#\/schema\/person\/image\/","url":"https:\/\/secure.gravatar.com\/avatar\/6a0fb05561be2eb61d5a590bc8bec4352d8fc07271158e66cac145fdb0f3d5ad?s=96&d=mm&r=g","contentUrl":"https:\/\/secure.gravatar.com\/avatar\/6a0fb05561be2eb61d5a590bc8bec4352d8fc07271158e66cac145fdb0f3d5ad?s=96&d=mm&r=g","caption":"Emilie"},"url":"https:\/\/efip.ctu.edu.vn\/web\/author\/emilie\/"}]}},"_links":{"self":[{"href":"https:\/\/efip.ctu.edu.vn\/web\/wp-json\/wp\/v2\/posts\/1236","targetHints":{"allow":["GET"]}}],"collection":[{"href":"https:\/\/efip.ctu.edu.vn\/web\/wp-json\/wp\/v2\/posts"}],"about":[{"href":"https:\/\/efip.ctu.edu.vn\/web\/wp-json\/wp\/v2\/types\/post"}],"author":[{"embeddable":true,"href":"https:\/\/efip.ctu.edu.vn\/web\/wp-json\/wp\/v2\/users\/3"}],"replies":[{"embeddable":true,"href":"https:\/\/efip.ctu.edu.vn\/web\/wp-json\/wp\/v2\/comments?post=1236"}],"version-history":[{"count":5,"href":"https:\/\/efip.ctu.edu.vn\/web\/wp-json\/wp\/v2\/posts\/1236\/revisions"}],"predecessor-version":[{"id":1243,"href":"https:\/\/efip.ctu.edu.vn\/web\/wp-json\/wp\/v2\/posts\/1236\/revisions\/1243"}],"wp:featuredmedia":[{"embeddable":true,"href":"https:\/\/efip.ctu.edu.vn\/web\/wp-json\/wp\/v2\/media\/1237"}],"wp:attachment":[{"href":"https:\/\/efip.ctu.edu.vn\/web\/wp-json\/wp\/v2\/media?parent=1236"}],"wp:term":[{"taxonomy":"category","embeddable":true,"href":"https:\/\/efip.ctu.edu.vn\/web\/wp-json\/wp\/v2\/categories?post=1236"},{"taxonomy":"post_tag","embeddable":true,"href":"https:\/\/efip.ctu.edu.vn\/web\/wp-json\/wp\/v2\/tags?post=1236"}],"curies":[{"name":"wp","href":"https:\/\/api.w.org\/{rel}","templated":true}]}}