{"id":117,"date":"2013-12-07T09:42:46","date_gmt":"2013-12-07T08:42:46","guid":{"rendered":"http:\/\/123.30.143.210\/web\/?p=117"},"modified":"2013-12-16T04:59:26","modified_gmt":"2013-12-16T03:59:26","slug":"auf-le-bureau-asie-pacifique-de-lauf-fete-son-20e-anniversaire","status":"publish","type":"post","link":"https:\/\/efip.ctu.edu.vn\/web\/auf-le-bureau-asie-pacifique-de-lauf-fete-son-20e-anniversaire\/","title":{"rendered":"AUF : L\u2019AUF f\u00eate son 20e anniversaire"},"content":{"rendered":"<p style=\"text-align: justify;\">L\u2019Agence universitaire de la Francophonie (AUF) a f\u00eat\u00e9 \u00e0 Hanoi ses 20 ans en Asie-Pacifique et les 20 ans de pr\u00e9sence du Bureau Asie-Pacifique (BAP) \u00e0 Hanoi.<\/p>\n<p>Lors de l\u2019ouverture de la c\u00e9r\u00e9monie, le pr\u00e9sident de l\u2019AUF, Abdellatif Miraoui a d\u00e9clar\u00e9 &#8220;En 20 ans, le bureau de l\u2019AUF implant\u00e9 \u00e0 Hanoi a d\u00e9velopp\u00e9 des programmes en r\u00e9ponse aux demandes et besoins du Vietnam, du Cambodge et du Laos d\u2019abord, puis progressivement des autres pays de la r\u00e9gion, notamment de la Tha\u00eflande et de la Chine&#8221;.<\/p>\n<p>&#8220;L\u2019int\u00e9r\u00eat pour la francophonie, loin de diminuer comme on l\u2019entend quelques fois, s\u2019\u00e9tend aux autres pays de la r\u00e9gion, et aujourd\u2019hui des universit\u00e9s d\u2019Inde et du Japon sont \u00e9galement membres et des \u00e9tablissements d\u2019Indon\u00e9sie, de Malaisie et de Birmanie manifestent leur int\u00e9r\u00eat pour cet espace&#8221;, a-t-il ajout\u00e9.<\/p>\n<p>S&#8217;exprimant lors de la c\u00e9r\u00e9monie, l&#8217;assistant au ministre des Affaires \u00e9trang\u00e8res du Vietnam, Nguyen Ngoc Son, a soulign\u00e9 que &#8220;Le Vietnam accorde une grande importance aux relations avec les pays et les organisations francophones. Dans le cadre de la mise en \u0153uvre des politiques volontaristes, de l&#8217;int\u00e9gration active \u00e0 la vie internationale, nous les consid\u00e9rons comme un canal important pour renforcer la coop\u00e9ration internationale dans de nombreux domaines : politique, \u00e9conomie, culture, science, \u00e9ducation et formation. La pr\u00e9sence du Bureau r\u00e9gional de l&#8217;AUF et de l&#8217;OIF depuis plus de 20 ans au Vietnam repr\u00e9sente un engagement clair et ferme \u00e0 long terme du Gouvernement vietnamien pour le d\u00e9veloppement de la Francophonie et de la langue fran\u00e7aise dans la r\u00e9gion en g\u00e9n\u00e9ral et au Vietnam en particulier&#8221;.<\/p>\n<p>Il s&#8217;est d\u00e9clar\u00e9 convaincu que &#8220;l&#8217;AUF se d\u00e9veloppera davantage, confirmera son r\u00f4le principal dans la promotion de la coop\u00e9ration entre les universit\u00e9s francophones, renforcera encore \u00e0 la fois la quantit\u00e9 et la qualit\u00e9 des francophones, et particuli\u00e8rement apportera son soutien \u00e0 la cr\u00e9ation d&#8217;emplois pour les \u00e9tudiants francophones \u00e0 la sortie de l&#8217;Universit\u00e9. En tant qu&#8217;un membre actif et responsable de la Francophonie, le Vietnam s&#8217;est engag\u00e9 \u00e0 renforcer la coop\u00e9ration avec l&#8217;AUF et d&#8217;autres partenaires afin de promouvoir davantage le rayonnement de la Francophonie et de la langue fran\u00e7aise dans la r\u00e9gion de l&#8217;Asie-Pacifique&#8221;.<\/p>\n<div align=\"center\"><img decoding=\"async\" alt=\"\" src=\"http:\/\/fr.vietnamplus.vn\/Uploaded_VNP\/tkts\/20131207\/1.jpg\" \/><\/div>\n<div align=\"center\"><em>C\u00e9l\u00e9bration du 20<sup>e<\/sup>\u00a0anniversaire du BAP, le 5 d\u00e9cembre \u00e0 Hanoi.\u00a0<\/em><\/div>\n<p style=\"text-align: justify;\">Durant ces 20 derni\u00e8res ann\u00e9es, le Bureau Asie-Pacifique de l&#8217;AUF a eu d&#8217;importantes contributions au d\u00e9veloppement de l&#8217;\u00e9ducation et de la formation en fran\u00e7ais au Vietnam et dans la r\u00e9gion.<\/p>\n<p>Selon le directeur r\u00e9gional du Bureau Asie-Pacifique de l&#8217;AUF, Olivier Garro, le BAP compte actuellement 56 fili\u00e8res universitaires bilingues. Il s\u2019agit d\u2019un espace de formation et de recherche francophone de qualit\u00e9. Depuis la pr\u00e9sence du BAP au Vietnam, cet espace a form\u00e9 plus de 20.000 cadres au Vietnam, dont des hauts fonctionnaires, des professeurs d&#8217;universit\u00e9, des entrepreneurs.<br \/>\n<em>\u00a0<\/em><\/p>\n<p style=\"text-align: justify;\"><em><\/em>A cette occasion, l&#8217;AUF a remis des insignes \u00e0 des personnes ayant largement contribu\u00e9 au BAP, tels que l&#8217;Ambassadeur du Vietnam aupr\u00e8s de l&#8217;UNESCO, Duong Van Quang, la directrice du Centre de l&#8217;Informatique de l&#8217;Universit\u00e9 des Sciences naturelles, Dong Thi Bich Thuy, le vice-recteur de l&#8217;Universit\u00e9 de l&#8217;Economie et du Droit de Ho Chi Minh-Ville, Nguyen Ngoc Dien, le recteur de l&#8217;Ecole polytechnique de Ho Chi Minh-Ville, Vu Dinh Thanh, et le professeur de l&#8217;Universit\u00e9 de l&#8217;Education de l&#8217;Universit\u00e9 nationale de Hanoi, Trinh Van Minh.<\/p>\n<p>La c\u00e9r\u00e9monie de c\u00e9l\u00e9bration du 20e anniversaire du BAP s&#8217;est termin\u00e9e par une belle f\u00eate avec au programme une d\u00e9gustation de vins. En plus de go\u00fbter \u00e0 diff\u00e9rents crus de divers pays francophones accompagn\u00e9s de plats les mettant en valeur, les participants ont pu d\u00e9couvrir la diversit\u00e9, l&#8217;originalit\u00e9 et les savoirs-faire de la gastronomie de certains pays de la Francophonie. &#8211; VN<\/p>\n<p style=\"text-align: right;\"><em>(Source : <a href=\"http:\/\/fr.vietnamplus.vn\/Home\/LAUF-fete-son-20e-anniversaire\/201312\/37103.vnplus\">Vietnam+<\/a>, 06\/12\/2013)<\/em><\/p>\n","protected":false},"excerpt":{"rendered":"<p>L\u2019Agence universitaire de la Francophonie (AUF) a f\u00eat\u00e9 \u00e0 Hanoi ses 20 ans en Asie-Pacifique et les 20 ans de &hellip; <br \/><a href=\"https:\/\/efip.ctu.edu.vn\/web\/auf-le-bureau-asie-pacifique-de-lauf-fete-son-20e-anniversaire\/\" class=\"more-link\">Continue reading <span class=\"screen-reader-text\">AUF : L\u2019AUF f\u00eate son 20e anniversaire<\/span><\/a><\/p>\n","protected":false},"author":1,"featured_media":0,"comment_status":"closed","ping_status":"open","sticky":false,"template":"","format":"standard","meta":{"footnotes":""},"categories":[8],"tags":[3,17,16],"class_list":["post-117","post","type-post","status-publish","format-standard","hentry","category-actualites-de-la-francophonie","tag-auf","tag-bureau-asie-pacifique","tag-celebration"],"yoast_head":"<!-- This site is optimized with the Yoast SEO plugin v25.0 - https:\/\/yoast.com\/wordpress\/plugins\/seo\/ -->\n<title>AUF : L\u2019AUF f\u00eate son 20e anniversaire - EFIP<\/title>\n<meta name=\"robots\" content=\"index, follow, max-snippet:-1, max-image-preview:large, max-video-preview:-1\" \/>\n<link rel=\"canonical\" href=\"https:\/\/efip.ctu.edu.vn\/web\/auf-le-bureau-asie-pacifique-de-lauf-fete-son-20e-anniversaire\/\" \/>\n<meta property=\"og:locale\" content=\"en_US\" \/>\n<meta property=\"og:type\" content=\"article\" \/>\n<meta property=\"og:title\" content=\"AUF : L\u2019AUF f\u00eate son 20e anniversaire - EFIP\" \/>\n<meta property=\"og:description\" content=\"L\u2019Agence universitaire de la Francophonie (AUF) a f\u00eat\u00e9 \u00e0 Hanoi ses 20 ans en Asie-Pacifique et les 20 ans de &hellip; Continue reading AUF : L\u2019AUF f\u00eate son 20e anniversaire\" \/>\n<meta property=\"og:url\" content=\"https:\/\/efip.ctu.edu.vn\/web\/auf-le-bureau-asie-pacifique-de-lauf-fete-son-20e-anniversaire\/\" \/>\n<meta property=\"og:site_name\" content=\"EFIP\" \/>\n<meta property=\"article:publisher\" content=\"https:\/\/www.facebook.com\/efipCanTho\" \/>\n<meta property=\"article:published_time\" content=\"2013-12-07T08:42:46+00:00\" \/>\n<meta property=\"article:modified_time\" content=\"2013-12-16T03:59:26+00:00\" \/>\n<meta property=\"og:image\" content=\"http:\/\/fr.vietnamplus.vn\/Uploaded_VNP\/tkts\/20131207\/1.jpg\" \/>\n<meta name=\"author\" content=\"admin\" \/>\n<meta name=\"twitter:card\" content=\"summary_large_image\" \/>\n<meta name=\"twitter:label1\" content=\"Written by\" \/>\n\t<meta name=\"twitter:data1\" content=\"admin\" \/>\n\t<meta name=\"twitter:label2\" content=\"Est. reading time\" \/>\n\t<meta name=\"twitter:data2\" content=\"3 minutes\" \/>\n<script type=\"application\/ld+json\" class=\"yoast-schema-graph\">{\"@context\":\"https:\/\/schema.org\",\"@graph\":[{\"@type\":\"Article\",\"@id\":\"https:\/\/efip.ctu.edu.vn\/web\/auf-le-bureau-asie-pacifique-de-lauf-fete-son-20e-anniversaire\/#article\",\"isPartOf\":{\"@id\":\"https:\/\/efip.ctu.edu.vn\/web\/auf-le-bureau-asie-pacifique-de-lauf-fete-son-20e-anniversaire\/\"},\"author\":{\"name\":\"admin\",\"@id\":\"https:\/\/efip.ctu.edu.vn\/web\/#\/schema\/person\/35bc81d3e308c29df375a0cc2358e442\"},\"headline\":\"AUF : L\u2019AUF f\u00eate son 20e anniversaire\",\"datePublished\":\"2013-12-07T08:42:46+00:00\",\"dateModified\":\"2013-12-16T03:59:26+00:00\",\"mainEntityOfPage\":{\"@id\":\"https:\/\/efip.ctu.edu.vn\/web\/auf-le-bureau-asie-pacifique-de-lauf-fete-son-20e-anniversaire\/\"},\"wordCount\":665,\"publisher\":{\"@id\":\"https:\/\/efip.ctu.edu.vn\/web\/#organization\"},\"image\":{\"@id\":\"https:\/\/efip.ctu.edu.vn\/web\/auf-le-bureau-asie-pacifique-de-lauf-fete-son-20e-anniversaire\/#primaryimage\"},\"thumbnailUrl\":\"http:\/\/fr.vietnamplus.vn\/Uploaded_VNP\/tkts\/20131207\/1.jpg\",\"keywords\":[\"AUF\",\"Bureau Asie-Pacifique\",\"c\u00e9l\u00e9bration\"],\"articleSection\":[\"Actualit\u00e9s de la Francophonie\"],\"inLanguage\":\"en-US\"},{\"@type\":\"WebPage\",\"@id\":\"https:\/\/efip.ctu.edu.vn\/web\/auf-le-bureau-asie-pacifique-de-lauf-fete-son-20e-anniversaire\/\",\"url\":\"https:\/\/efip.ctu.edu.vn\/web\/auf-le-bureau-asie-pacifique-de-lauf-fete-son-20e-anniversaire\/\",\"name\":\"AUF : L\u2019AUF f\u00eate son 20e anniversaire - EFIP\",\"isPartOf\":{\"@id\":\"https:\/\/efip.ctu.edu.vn\/web\/#website\"},\"primaryImageOfPage\":{\"@id\":\"https:\/\/efip.ctu.edu.vn\/web\/auf-le-bureau-asie-pacifique-de-lauf-fete-son-20e-anniversaire\/#primaryimage\"},\"image\":{\"@id\":\"https:\/\/efip.ctu.edu.vn\/web\/auf-le-bureau-asie-pacifique-de-lauf-fete-son-20e-anniversaire\/#primaryimage\"},\"thumbnailUrl\":\"http:\/\/fr.vietnamplus.vn\/Uploaded_VNP\/tkts\/20131207\/1.jpg\",\"datePublished\":\"2013-12-07T08:42:46+00:00\",\"dateModified\":\"2013-12-16T03:59:26+00:00\",\"breadcrumb\":{\"@id\":\"https:\/\/efip.ctu.edu.vn\/web\/auf-le-bureau-asie-pacifique-de-lauf-fete-son-20e-anniversaire\/#breadcrumb\"},\"inLanguage\":\"en-US\",\"potentialAction\":[{\"@type\":\"ReadAction\",\"target\":[\"https:\/\/efip.ctu.edu.vn\/web\/auf-le-bureau-asie-pacifique-de-lauf-fete-son-20e-anniversaire\/\"]}]},{\"@type\":\"ImageObject\",\"inLanguage\":\"en-US\",\"@id\":\"https:\/\/efip.ctu.edu.vn\/web\/auf-le-bureau-asie-pacifique-de-lauf-fete-son-20e-anniversaire\/#primaryimage\",\"url\":\"http:\/\/fr.vietnamplus.vn\/Uploaded_VNP\/tkts\/20131207\/1.jpg\",\"contentUrl\":\"http:\/\/fr.vietnamplus.vn\/Uploaded_VNP\/tkts\/20131207\/1.jpg\"},{\"@type\":\"BreadcrumbList\",\"@id\":\"https:\/\/efip.ctu.edu.vn\/web\/auf-le-bureau-asie-pacifique-de-lauf-fete-son-20e-anniversaire\/#breadcrumb\",\"itemListElement\":[{\"@type\":\"ListItem\",\"position\":1,\"name\":\"Accueil\",\"item\":\"https:\/\/efip.ctu.edu.vn\/web\/\"},{\"@type\":\"ListItem\",\"position\":2,\"name\":\"AUF : L\u2019AUF f\u00eate son 20e anniversaire\"}]},{\"@type\":\"WebSite\",\"@id\":\"https:\/\/efip.ctu.edu.vn\/web\/#website\",\"url\":\"https:\/\/efip.ctu.edu.vn\/web\/\",\"name\":\"EFIP de Can Tho\",\"description\":\"Espace Francophone d&#039;Innovation et de Partenariat\",\"publisher\":{\"@id\":\"https:\/\/efip.ctu.edu.vn\/web\/#organization\"},\"potentialAction\":[{\"@type\":\"SearchAction\",\"target\":{\"@type\":\"EntryPoint\",\"urlTemplate\":\"https:\/\/efip.ctu.edu.vn\/web\/?s={search_term_string}\"},\"query-input\":{\"@type\":\"PropertyValueSpecification\",\"valueRequired\":true,\"valueName\":\"search_term_string\"}}],\"inLanguage\":\"en-US\"},{\"@type\":\"Organization\",\"@id\":\"https:\/\/efip.ctu.edu.vn\/web\/#organization\",\"name\":\"EFIP\",\"url\":\"https:\/\/efip.ctu.edu.vn\/web\/\",\"logo\":{\"@type\":\"ImageObject\",\"inLanguage\":\"en-US\",\"@id\":\"https:\/\/efip.ctu.edu.vn\/web\/#\/schema\/logo\/image\/\",\"url\":\"https:\/\/efip.ctu.edu.vn\/web\/wp-content\/uploads\/2025\/05\/efip2-150x89-1.jpg\",\"contentUrl\":\"https:\/\/efip.ctu.edu.vn\/web\/wp-content\/uploads\/2025\/05\/efip2-150x89-1.jpg\",\"width\":150,\"height\":89,\"caption\":\"EFIP\"},\"image\":{\"@id\":\"https:\/\/efip.ctu.edu.vn\/web\/#\/schema\/logo\/image\/\"},\"sameAs\":[\"https:\/\/www.facebook.com\/efipCanTho\"]},{\"@type\":\"Person\",\"@id\":\"https:\/\/efip.ctu.edu.vn\/web\/#\/schema\/person\/35bc81d3e308c29df375a0cc2358e442\",\"name\":\"admin\",\"image\":{\"@type\":\"ImageObject\",\"inLanguage\":\"en-US\",\"@id\":\"https:\/\/efip.ctu.edu.vn\/web\/#\/schema\/person\/image\/\",\"url\":\"https:\/\/secure.gravatar.com\/avatar\/144c36c5502d0d1a7b02b09340de56ca801ac10a6ddb81d97fb402dacf6a4ef1?s=96&d=mm&r=g\",\"contentUrl\":\"https:\/\/secure.gravatar.com\/avatar\/144c36c5502d0d1a7b02b09340de56ca801ac10a6ddb81d97fb402dacf6a4ef1?s=96&d=mm&r=g\",\"caption\":\"admin\"},\"url\":\"https:\/\/efip.ctu.edu.vn\/web\/author\/admin\/\"}]}<\/script>\n<!-- \/ Yoast SEO plugin. -->","yoast_head_json":{"title":"AUF : L\u2019AUF f\u00eate son 20e anniversaire - EFIP","robots":{"index":"index","follow":"follow","max-snippet":"max-snippet:-1","max-image-preview":"max-image-preview:large","max-video-preview":"max-video-preview:-1"},"canonical":"https:\/\/efip.ctu.edu.vn\/web\/auf-le-bureau-asie-pacifique-de-lauf-fete-son-20e-anniversaire\/","og_locale":"en_US","og_type":"article","og_title":"AUF : L\u2019AUF f\u00eate son 20e anniversaire - EFIP","og_description":"L\u2019Agence universitaire de la Francophonie (AUF) a f\u00eat\u00e9 \u00e0 Hanoi ses 20 ans en Asie-Pacifique et les 20 ans de &hellip; Continue reading AUF : L\u2019AUF f\u00eate son 20e anniversaire","og_url":"https:\/\/efip.ctu.edu.vn\/web\/auf-le-bureau-asie-pacifique-de-lauf-fete-son-20e-anniversaire\/","og_site_name":"EFIP","article_publisher":"https:\/\/www.facebook.com\/efipCanTho","article_published_time":"2013-12-07T08:42:46+00:00","article_modified_time":"2013-12-16T03:59:26+00:00","og_image":[{"url":"http:\/\/fr.vietnamplus.vn\/Uploaded_VNP\/tkts\/20131207\/1.jpg","type":"","width":"","height":""}],"author":"admin","twitter_card":"summary_large_image","twitter_misc":{"Written by":"admin","Est. reading time":"3 minutes"},"schema":{"@context":"https:\/\/schema.org","@graph":[{"@type":"Article","@id":"https:\/\/efip.ctu.edu.vn\/web\/auf-le-bureau-asie-pacifique-de-lauf-fete-son-20e-anniversaire\/#article","isPartOf":{"@id":"https:\/\/efip.ctu.edu.vn\/web\/auf-le-bureau-asie-pacifique-de-lauf-fete-son-20e-anniversaire\/"},"author":{"name":"admin","@id":"https:\/\/efip.ctu.edu.vn\/web\/#\/schema\/person\/35bc81d3e308c29df375a0cc2358e442"},"headline":"AUF : L\u2019AUF f\u00eate son 20e anniversaire","datePublished":"2013-12-07T08:42:46+00:00","dateModified":"2013-12-16T03:59:26+00:00","mainEntityOfPage":{"@id":"https:\/\/efip.ctu.edu.vn\/web\/auf-le-bureau-asie-pacifique-de-lauf-fete-son-20e-anniversaire\/"},"wordCount":665,"publisher":{"@id":"https:\/\/efip.ctu.edu.vn\/web\/#organization"},"image":{"@id":"https:\/\/efip.ctu.edu.vn\/web\/auf-le-bureau-asie-pacifique-de-lauf-fete-son-20e-anniversaire\/#primaryimage"},"thumbnailUrl":"http:\/\/fr.vietnamplus.vn\/Uploaded_VNP\/tkts\/20131207\/1.jpg","keywords":["AUF","Bureau Asie-Pacifique","c\u00e9l\u00e9bration"],"articleSection":["Actualit\u00e9s de la Francophonie"],"inLanguage":"en-US"},{"@type":"WebPage","@id":"https:\/\/efip.ctu.edu.vn\/web\/auf-le-bureau-asie-pacifique-de-lauf-fete-son-20e-anniversaire\/","url":"https:\/\/efip.ctu.edu.vn\/web\/auf-le-bureau-asie-pacifique-de-lauf-fete-son-20e-anniversaire\/","name":"AUF : L\u2019AUF f\u00eate son 20e anniversaire - EFIP","isPartOf":{"@id":"https:\/\/efip.ctu.edu.vn\/web\/#website"},"primaryImageOfPage":{"@id":"https:\/\/efip.ctu.edu.vn\/web\/auf-le-bureau-asie-pacifique-de-lauf-fete-son-20e-anniversaire\/#primaryimage"},"image":{"@id":"https:\/\/efip.ctu.edu.vn\/web\/auf-le-bureau-asie-pacifique-de-lauf-fete-son-20e-anniversaire\/#primaryimage"},"thumbnailUrl":"http:\/\/fr.vietnamplus.vn\/Uploaded_VNP\/tkts\/20131207\/1.jpg","datePublished":"2013-12-07T08:42:46+00:00","dateModified":"2013-12-16T03:59:26+00:00","breadcrumb":{"@id":"https:\/\/efip.ctu.edu.vn\/web\/auf-le-bureau-asie-pacifique-de-lauf-fete-son-20e-anniversaire\/#breadcrumb"},"inLanguage":"en-US","potentialAction":[{"@type":"ReadAction","target":["https:\/\/efip.ctu.edu.vn\/web\/auf-le-bureau-asie-pacifique-de-lauf-fete-son-20e-anniversaire\/"]}]},{"@type":"ImageObject","inLanguage":"en-US","@id":"https:\/\/efip.ctu.edu.vn\/web\/auf-le-bureau-asie-pacifique-de-lauf-fete-son-20e-anniversaire\/#primaryimage","url":"http:\/\/fr.vietnamplus.vn\/Uploaded_VNP\/tkts\/20131207\/1.jpg","contentUrl":"http:\/\/fr.vietnamplus.vn\/Uploaded_VNP\/tkts\/20131207\/1.jpg"},{"@type":"BreadcrumbList","@id":"https:\/\/efip.ctu.edu.vn\/web\/auf-le-bureau-asie-pacifique-de-lauf-fete-son-20e-anniversaire\/#breadcrumb","itemListElement":[{"@type":"ListItem","position":1,"name":"Accueil","item":"https:\/\/efip.ctu.edu.vn\/web\/"},{"@type":"ListItem","position":2,"name":"AUF : L\u2019AUF f\u00eate son 20e anniversaire"}]},{"@type":"WebSite","@id":"https:\/\/efip.ctu.edu.vn\/web\/#website","url":"https:\/\/efip.ctu.edu.vn\/web\/","name":"EFIP de Can Tho","description":"Espace Francophone d&#039;Innovation et de Partenariat","publisher":{"@id":"https:\/\/efip.ctu.edu.vn\/web\/#organization"},"potentialAction":[{"@type":"SearchAction","target":{"@type":"EntryPoint","urlTemplate":"https:\/\/efip.ctu.edu.vn\/web\/?s={search_term_string}"},"query-input":{"@type":"PropertyValueSpecification","valueRequired":true,"valueName":"search_term_string"}}],"inLanguage":"en-US"},{"@type":"Organization","@id":"https:\/\/efip.ctu.edu.vn\/web\/#organization","name":"EFIP","url":"https:\/\/efip.ctu.edu.vn\/web\/","logo":{"@type":"ImageObject","inLanguage":"en-US","@id":"https:\/\/efip.ctu.edu.vn\/web\/#\/schema\/logo\/image\/","url":"https:\/\/efip.ctu.edu.vn\/web\/wp-content\/uploads\/2025\/05\/efip2-150x89-1.jpg","contentUrl":"https:\/\/efip.ctu.edu.vn\/web\/wp-content\/uploads\/2025\/05\/efip2-150x89-1.jpg","width":150,"height":89,"caption":"EFIP"},"image":{"@id":"https:\/\/efip.ctu.edu.vn\/web\/#\/schema\/logo\/image\/"},"sameAs":["https:\/\/www.facebook.com\/efipCanTho"]},{"@type":"Person","@id":"https:\/\/efip.ctu.edu.vn\/web\/#\/schema\/person\/35bc81d3e308c29df375a0cc2358e442","name":"admin","image":{"@type":"ImageObject","inLanguage":"en-US","@id":"https:\/\/efip.ctu.edu.vn\/web\/#\/schema\/person\/image\/","url":"https:\/\/secure.gravatar.com\/avatar\/144c36c5502d0d1a7b02b09340de56ca801ac10a6ddb81d97fb402dacf6a4ef1?s=96&d=mm&r=g","contentUrl":"https:\/\/secure.gravatar.com\/avatar\/144c36c5502d0d1a7b02b09340de56ca801ac10a6ddb81d97fb402dacf6a4ef1?s=96&d=mm&r=g","caption":"admin"},"url":"https:\/\/efip.ctu.edu.vn\/web\/author\/admin\/"}]}},"_links":{"self":[{"href":"https:\/\/efip.ctu.edu.vn\/web\/wp-json\/wp\/v2\/posts\/117","targetHints":{"allow":["GET"]}}],"collection":[{"href":"https:\/\/efip.ctu.edu.vn\/web\/wp-json\/wp\/v2\/posts"}],"about":[{"href":"https:\/\/efip.ctu.edu.vn\/web\/wp-json\/wp\/v2\/types\/post"}],"author":[{"embeddable":true,"href":"https:\/\/efip.ctu.edu.vn\/web\/wp-json\/wp\/v2\/users\/1"}],"replies":[{"embeddable":true,"href":"https:\/\/efip.ctu.edu.vn\/web\/wp-json\/wp\/v2\/comments?post=117"}],"version-history":[{"count":4,"href":"https:\/\/efip.ctu.edu.vn\/web\/wp-json\/wp\/v2\/posts\/117\/revisions"}],"predecessor-version":[{"id":121,"href":"https:\/\/efip.ctu.edu.vn\/web\/wp-json\/wp\/v2\/posts\/117\/revisions\/121"}],"wp:attachment":[{"href":"https:\/\/efip.ctu.edu.vn\/web\/wp-json\/wp\/v2\/media?parent=117"}],"wp:term":[{"taxonomy":"category","embeddable":true,"href":"https:\/\/efip.ctu.edu.vn\/web\/wp-json\/wp\/v2\/categories?post=117"},{"taxonomy":"post_tag","embeddable":true,"href":"https:\/\/efip.ctu.edu.vn\/web\/wp-json\/wp\/v2\/tags?post=117"}],"curies":[{"name":"wp","href":"https:\/\/api.w.org\/{rel}","templated":true}]}}